{"id":510,"count":1,"description":"Palmsonntag ist der letzte Sonntag vor Ostern und Beginn der Karwoche, die Erinnerung an den Einzug Jesu in Jerusalem (vgl. Mt 21,1-11). Die Gemeinde versammelt sich, wenn es m\u00f6glich ist, an einem Ort au\u00dferhalb der Kirche. Die Gl\u00e4ubigen tragen Zweige in ihren H\u00e4nden. Es folgt ein Er\u00f6ffnungsvers mit Begr\u00fc\u00dfung. Der Priester segnet und besprengt die Zweige. Dann wird das Evangelium verk\u00fcndet. Anschlie\u00dfend kann eine Homilie erfolgen.\nWeitere Infos siehe:\n- Kathpedia: http:\/\/kathpedia.de\/index.php?title=Palmsonntag\n- Schott Messbuch: http:\/\/www.erzabtei-beuron.de\/schott\/fastenzeit\/karwoche\/PalmsonntagC.htm","link":"https:\/\/website.ifit.li\/?tag=palmsonntag","name":"Palmsonntag","slug":"palmsonntag","taxonomy":"post_tag","meta":[],"_links":{"self":[{"href":"https:\/\/website.ifit.li\/index.php?rest_route=\/wp\/v2\/tags\/510","targetHints":{"allow":["GET"]}}],"collection":[{"href":"https:\/\/website.ifit.li\/index.php?rest_route=\/wp\/v2\/tags"}],"about":[{"href":"https:\/\/website.ifit.li\/index.php?rest_route=\/wp\/v2\/taxonomies\/post_tag"}],"wp:post_type":[{"href":"https:\/\/website.ifit.li\/index.php?rest_route=%2Fwp%2Fv2%2Fposts&tags=510"}],"curies":[{"name":"wp","href":"https:\/\/api.w.org\/{rel}","templated":true}]}}