{"id":487,"count":1,"description":"Karfreitag (lat. Dies adoratus) ist der Freitag vor Ostern. Die Bezeichnung Karfreitag stammt aus dem Althochdeutschen, dort bedeutet das Wort \"Kara\" soviel wie Klage, Kummer und Trauer. Der Karfreitag ist der Ged\u00e4chtnistag der Kreuzigung Jesu Christi. An diesem Tag fand der Proze\u00df, die Hinrichtung und die Beerdigung Jesu Christi in Jerusalem statt. In der Bibel finden sich in den vier Evangelien die Abl\u00e4ufe und Ereignisse der Geschehnisse in den Passionsgeschichten wieder. Deshalb ist der Karfreitag, der Trauerfreitag der r\u00f6misch-katholischen Kirche und steht im Zeichen des Leidens und der Vergegenw\u00e4rtigung des Kreuzestodes von Jesus Christus. An diesem Tag finden in den r\u00f6misch-katholischen Kirchen keine heilige Messen statt. Stattdessen kommen die Gl\u00e4ubigen zusammen, um in einem einfachen Wortgottesdienst des Leidens und Sterbens Jesu Christi zu gedenken. Der Gottesdienst hat f\u00fcnf Teile: Lesungen aus dem Alten Testament, Leidensgeschichte des Heilandes, F\u00fcrbitten f\u00fcr alle Menschen, Kreuzenth\u00fcllung und Kreuzverehrung, \"Messe\" der vorgeheiligten Gaben. Nachher verehren die Gl\u00e4ubigen das heilige Kreuz. Dieser Tag darf nicht durch Tanzen entweiht werden. Weitere Informationen siehe Kathpedia unter Link http:\/\/kathpedia.de\/index.php?title=Karfreitag","link":"https:\/\/website.ifit.li\/?tag=karfreitag","name":"Karfreitag","slug":"karfreitag","taxonomy":"post_tag","meta":[],"_links":{"self":[{"href":"https:\/\/website.ifit.li\/index.php?rest_route=\/wp\/v2\/tags\/487","targetHints":{"allow":["GET"]}}],"collection":[{"href":"https:\/\/website.ifit.li\/index.php?rest_route=\/wp\/v2\/tags"}],"about":[{"href":"https:\/\/website.ifit.li\/index.php?rest_route=\/wp\/v2\/taxonomies\/post_tag"}],"wp:post_type":[{"href":"https:\/\/website.ifit.li\/index.php?rest_route=%2Fwp%2Fv2%2Fposts&tags=487"}],"curies":[{"name":"wp","href":"https:\/\/api.w.org\/{rel}","templated":true}]}}