{"id":470,"count":1,"description":"Erinnerung. Im Lichte einer politischen Theologie (J.B. Metz) erweist sich der Erinnerungsbegriff als ein Grundbegriff sowohl einer kritischen Theologie als auch einer praktischen Geschichtsphilosophie. In ihm wird n\u00e4mlich nicht nur der Vermittlungszusammenhang von Vernunft und Geschichte grundlegend thematisiert, sondern kommt auch die doppelte Wirkungsgeschichte von platonischer Anamnesislehre mit ihrer Begr\u00fcndung von Vernunfterkenntnis aus apriorischem Wissen und der j\u00fcdisch-christlichen Bestimmung von Geschichte und Freiheit aus eschatologischer Memoria angemessen zur Geltung. Indem mit dem Christentum eine konkrete Erz\u00e4hlgemeinschaft, die sich erinnernd auf das geschichtlich einmalige Ereignis der in Jesus dem Menschen unwiderruflich angebotenen Erl\u00f6sung bezieht und dessen zukunftser\u00f6ffnende Kraft geschichtsm\u00e4chtig entfaltet, die Vorherrschaft einer abstrakten Wiedererinnerungsmetaphysik als Begr\u00fcndungsform allgemeing\u00fcltigen Wissens bricht, ger\u00e4t nicht nur die erkenntnisfundierende Bedeutung von Geschichte in den Blick, sondern wird auch der Erinnerungsvorgang als Medium des Praktischwerdens von Vernunft deutlich. Dabei wird die Erinnerung an die Leidensgeschichte Jesu und die Leidensgeschichten der Menschen zur normativen Basis f\u00fcr freiheitsbezogenes Handeln und erz\u00e4hlte Freiheitsgeschichte zur unhintergehbaren Voraussetzung argumentativ-kritischer Vernunft. - Vgl. auch Anamnese. kthW","link":"https:\/\/website.ifit.li\/?tag=erinnerung","name":"Erinnerung","slug":"erinnerung","taxonomy":"post_tag","meta":[],"_links":{"self":[{"href":"https:\/\/website.ifit.li\/index.php?rest_route=\/wp\/v2\/tags\/470","targetHints":{"allow":["GET"]}}],"collection":[{"href":"https:\/\/website.ifit.li\/index.php?rest_route=\/wp\/v2\/tags"}],"about":[{"href":"https:\/\/website.ifit.li\/index.php?rest_route=\/wp\/v2\/taxonomies\/post_tag"}],"wp:post_type":[{"href":"https:\/\/website.ifit.li\/index.php?rest_route=%2Fwp%2Fv2%2Fposts&tags=470"}],"curies":[{"name":"wp","href":"https:\/\/api.w.org\/{rel}","templated":true}]}}