{"id":457,"count":2,"description":"Am ersten Sonntag nach Ostern, der seit Papst Johannes Paul II. als \u201eBarmherzigkeitssonntag\u201c begangen wird, erinnerte Papst Benedikt XVI. an den Ursprung und die Bedeutung des christlichen Sonntags. Der \u201eerste Tag der Woche\u201c, Tag der christlichen Gemeinschaft und Eucharistie, erinnere jedes Mal aufs Neue an Jesu Auferstehung. Benedikt XVI.: \u201eDie Feier des Tages des Herrn ist tats\u00e4chlich ein starker Beweis f\u00fcr Christi Wiederauferstehung, denn nur ein au\u00dfergew\u00f6hnliches und ersch\u00fctterndes Ereignis konnte die ersten Christen dazu bewegen, einen Kult zu begehen, der vom j\u00fcdischen Samstag abwich.\u201c Benedikt XVI. rief die Kraft der Ver\u00e4nderung ins Ged\u00e4chtnis, die aus Jesu Tod am Kreuz entsteht: Mit Jesu Selbstopfer sei der traditionelle Friedensgru\u00df \u201epraktisch zu etwas Neuem\u201c geworden, so Benedikt XVI. \u2013 n\u00e4mlich zum \u201eGeschenk des Friedens, das nur Jesus geben kann, da es Frucht seines radikalen Sieges \u00fcber das B\u00f6se ist.\u201c Dieses Geschenk zeuge von der Liebe Gottes, so der Papst, der an seine Zuh\u00f6rer appellierte: \u201eEmpfangen wir das Geschenk des Friedens, das uns der auferstandene Jesus anbietet, lassen wir unser Herz mit seiner Barmherzigkeit anf\u00fcllen! Auf diese Weise, mit der Kraft des Heiligen Geistes, der Jesus von den Toten auferstehen lie\u00df, k\u00f6nnen auch wir den Anderen diese \u00f6sterlichen Geschenke bringen.\u201c Quelle: Radio Vatikan, Artikel 580046; Link zum Barmherzigkeitssonntag: http:\/\/www.barmherzigkeitssonntag.de\/","link":"https:\/\/website.ifit.li\/?tag=barmherzigkeitssonntag","name":"Barmherzigkeitssonntag","slug":"barmherzigkeitssonntag","taxonomy":"post_tag","meta":[],"_links":{"self":[{"href":"https:\/\/website.ifit.li\/index.php?rest_route=\/wp\/v2\/tags\/457","targetHints":{"allow":["GET"]}}],"collection":[{"href":"https:\/\/website.ifit.li\/index.php?rest_route=\/wp\/v2\/tags"}],"about":[{"href":"https:\/\/website.ifit.li\/index.php?rest_route=\/wp\/v2\/taxonomies\/post_tag"}],"wp:post_type":[{"href":"https:\/\/website.ifit.li\/index.php?rest_route=%2Fwp%2Fv2%2Fposts&tags=457"}],"curies":[{"name":"wp","href":"https:\/\/api.w.org\/{rel}","templated":true}]}}