{"id":385,"count":2,"description":"Am ersten Samstag der Fastenzeit [16. Februar 2013] begann Radio Vatikan wieder mit den geistlichen \u00dcbungen, den Radioexerzitien. 12 Sendungen bereiten uns so auf die Feier des Osterfestes vor. Aber anders als in den vergangenen Jahren, hat Radio Vatikan in dieser Fastenzeit keinen Gastsprecher gewonnen, der die Texte schreibt und spricht, sondern wollte, dass wir unserem [emeritierten] Papst Benedikt XVI. zuh\u00f6ren. Als die Redaktion von Radio Vatikan sich das vorgenommen hatte, war weit und breit noch keine Rede vom R\u00fccktritt des Papstes. Es ist also mehr oder weniger ein ungeplantes Zusammentreffen. Es ist aber andererseits sehr passend, hat Papst Benedikt XVI. doch gerade die Zeit der Besinnung und Umkehr gew\u00e4hlt, um seinen Schritt zu vollziehen und damit der Kirche Zeit zu geben, wie Kardinal Kasper uns gegen\u00fcber ausdr\u00fcckte, zu reflektieren und zu beten. Wir [Redaktion von Radio Vatikan] freuen uns also, diese ganz besondere Fastenzeit mit Texten, Ansprachen und Predigten von Paspt Benedikt XVI. aus fast acht Jahren Pontifikat gestalten zu k\u00f6nnen.","link":"https:\/\/website.ifit.li\/?tag=radioexerzitien","name":"Radioexerzitien","slug":"radioexerzitien","taxonomy":"post_tag","meta":[],"_links":{"self":[{"href":"https:\/\/website.ifit.li\/index.php?rest_route=\/wp\/v2\/tags\/385","targetHints":{"allow":["GET"]}}],"collection":[{"href":"https:\/\/website.ifit.li\/index.php?rest_route=\/wp\/v2\/tags"}],"about":[{"href":"https:\/\/website.ifit.li\/index.php?rest_route=\/wp\/v2\/taxonomies\/post_tag"}],"wp:post_type":[{"href":"https:\/\/website.ifit.li\/index.php?rest_route=%2Fwp%2Fv2%2Fposts&tags=385"}],"curies":[{"name":"wp","href":"https:\/\/api.w.org\/{rel}","templated":true}]}}