{"id":384,"count":13,"description":"Nach dem Kirchenrecht kann ein Papst aus freiem Entschluss auf sein Amt verzichten. Ein Amtsverzicht f\u00fchrt - ebenso wie der Tod des Papstes - zur Vakanz \u2013 Unbesetztheit - des Apostolischen Stuhls. Im Canon 332 Paragraf 2 des kirchlichen Gesetzbuches \u201eCodex Iuris Canonici\u201c (CIC) hei\u00dft es: \u201eFalls der Papst auf sein Amt verzichten sollte, ist zur G\u00fcltigkeit verlangt, dass der Verzicht frei geschieht und hinreichend kundgemacht, nicht jedoch, dass er von irgendwem angenommen wird.\u201c Die Bedingungen, dass der R\u00fccktritt aus freien Schritten erfolgen und hinreichend publik gemacht werden muss, wurden erst 1983 bei der Neufassung des Kirchenrechts unter Papst Johannes Paul II. ins Gesetz aufgenommen. Neben der Vakanz kennt das Kirchenrecht auch die M\u00f6glichkeit der \u201ev\u00f6lligen Behinderung des r\u00f6mischen Bischofstuhls\u201c. Dabei ist gem\u00e4\u00df Canon 335 ebenso zu verfahren wie im Fall einer Vakanz. Der CIC schreibt nicht vor, von wem und in welchem Verfahren eine \u201ev\u00f6llige Behinderung\u201c festgestellt wird. Der spektakul\u00e4rste Papst-R\u00fccktritt ereignete sich 1294. Damals dankte der f\u00fcnf Monate zuvor gew\u00e4hlte Papst Coelestin V. ab, weil er sich dem Amt nicht gewachsen f\u00fchlte. Er starb 1296 und wurde sp\u00e4ter heiliggesprochen. Mehrere Amtsverzichte von P\u00e4psten und Gegenp\u00e4psten gab es auch w\u00e4hrend des langen Schismas, das nach dem R\u00fccktritt von Gregor XII. 1415 begann. In der Moderne haben Pius XII. (1939-1958), Paul VI. (1963-1978) und Johannes Paul II. (1978-2005) einen schriftlichen Amtsverzicht vorbereitet. Pius XII. wollte die Kirche damit angesichts einer drohenden Entf\u00fchrung durch Hitlers Truppen absichern. Paul VI. und Johannes Paul II. wollten verhindern, dass die Kirche im Fall von langer, schwerer Krankheit f\u00fchrungslos bliebe. Keines der geheim gehaltenen Amtsverzichtsschreiben kam zum Einsatz. \r\nQuelle (Link vergriffen):\r\nhttp:\/\/de.radiovaticana.va\/news\/2013\/02\/11\/stichwort:_amtsverzicht_des_papstes\/ted-663824 ","link":"https:\/\/website.ifit.li\/?tag=amtsverzicht-des-papstes","name":"Amtsverzicht des Papstes","slug":"amtsverzicht-des-papstes","taxonomy":"post_tag","meta":[],"_links":{"self":[{"href":"https:\/\/website.ifit.li\/index.php?rest_route=\/wp\/v2\/tags\/384","targetHints":{"allow":["GET"]}}],"collection":[{"href":"https:\/\/website.ifit.li\/index.php?rest_route=\/wp\/v2\/tags"}],"about":[{"href":"https:\/\/website.ifit.li\/index.php?rest_route=\/wp\/v2\/taxonomies\/post_tag"}],"wp:post_type":[{"href":"https:\/\/website.ifit.li\/index.php?rest_route=%2Fwp%2Fv2%2Fposts&tags=384"}],"curies":[{"name":"wp","href":"https:\/\/api.w.org\/{rel}","templated":true}]}}