{"id":194,"count":4,"description":"Felix Gm\u00fcr (* 7. Juni 1966 in Luzern) ist ein schweizerischer Theologe und Bischof von Basel. Gm\u00fcr studierte zwischen 1986 und 1997 Philosophie, Theologie und Kunstgeschichte an den Universit\u00e4ten M\u00fcnchen, Paris und Freiburg (Schweiz). 1997 wurde er mit der Arbeit \u00ab\u00c4sthetik bei Ludwig Wittgenstein: \u00fcber Sagen und Zeigen\u00bb zum Dr. phil. promoviert. Am 30. Mai 1999 empfing er die Priesterweihe in Luzern durch den Bischof von Basel, Kurt Koch. Zwischen 1997 und 2001 war Gm\u00fcr Seelsorger in der Pfarrei St. Anton in Basel. Nach dem Studium der Bibelwissenschaften an der P\u00e4pstlichen Universit\u00e4t Gregoriana in Rom von 2001 bis 2004 war er bis ins Jahr 2006 Subregens im Priesterseminar St. Beat in Luzern; w\u00e4hrend dieser Zeit arbeitete er als priesterlicher Mitarbeiter auch in den Pfarreien Menzingen und Neuheim mit. Von 2006 bis 2011 war Gm\u00fcr Generalsekret\u00e4r der Schweizer Bischofskonferenz. Seit Januar 2010 ist er Mitglied des Stiftungsrates des Schweizer katholischen Hilfswerks Fastenopfer. Am 10. Januar 2011 verteidigte er erfolgreich seine bibelwissenschaftliche Dissertation an der Gregoriana in Rom.\r\n\r\nAm 8. September 2010 wurde er vom 18 Mitglieder umfassenden Basler Domkapitel zum Nachfolger des an die R\u00f6mische Kurie berufenen Kurt Koch gew\u00e4hlt. Papst Benedikt XVI. best\u00e4tigte diese Wahl am 23. November desselben Jahres; die Ernennung Gm\u00fcrs wurde gleichzeitig in Solothurn, dem Sitz des Basler Bistums, und im Vatikan bekanntgegeben. Die Bischofsweihe fand am 16. Januar 2011 in der St. Martinskirche zu Olten \u2013 die eigentlich daf\u00fcr vorgesehene St. Ursenkathedrale in Solothurn konnte nach einem kurz zuvor erfolgten Brandanschlag nicht rechtzeitig wiederhergestellt werden \u2013 im Beisein vieler kirchlicher und weltlicher W\u00fcrdentr\u00e4ger durch Kardinal Kurt Koch statt. Felix Gm\u00fcrs Wahlspruch Intellegentes quae sit voluntas Domini (\u00abBegreift, was der Wille des Herrn ist\u00bb) entstammt dem Brief des Paulus an die Epheser (Eph 5,17 EU).\r\n\r\nFelix Gm\u00fcr wurde am 2. September 2015 zum Vizepr\u00e4sidenten der Schweizer Bischofskonferenz (SBK) gew\u00e4hlt; seit 2006 hatte er das Amt des Generalsekret\u00e4rs der SBK inne. Amtsantritt ist der 1. Januar 2016.[1]\r\n\r\nGm\u00fcr ist seit Studententagen Mitglied der AKV Alemannia Freiburg (Schweiz), der AV Helvetia Romana Rom und der AV Helvetia Monacensis M\u00fcnchen des Schweizerischen Studentenvereins. Ausserdem wurde er w\u00e4hrend seiner Studienzeit in M\u00fcnchen Mitglied der katholischen Studentenverbindung K.D.St.V. Vindelicia M\u00fcnchen im CV.\r\n\r\n2006 wurde er von Kardinal-Gro\u00dfmeister John Patrick Kardinal Foley zum Ritter des Ritterordens vom Heiligen Grab zu Jerusalem ernannt und durch Pier Giacomo Grampa, Gro\u00dfprior der Schweizerischen Statthalterei, investiert. Seit 2011 ist er Grossoffizier des Ordens.","link":"https:\/\/website.ifit.li\/?tag=bischof-felix-gmuer","name":"Bischof Felix Gm\u00fcr","slug":"bischof-felix-gmuer","taxonomy":"post_tag","meta":[],"_links":{"self":[{"href":"https:\/\/website.ifit.li\/index.php?rest_route=\/wp\/v2\/tags\/194","targetHints":{"allow":["GET"]}}],"collection":[{"href":"https:\/\/website.ifit.li\/index.php?rest_route=\/wp\/v2\/tags"}],"about":[{"href":"https:\/\/website.ifit.li\/index.php?rest_route=\/wp\/v2\/taxonomies\/post_tag"}],"wp:post_type":[{"href":"https:\/\/website.ifit.li\/index.php?rest_route=%2Fwp%2Fv2%2Fposts&tags=194"}],"curies":[{"name":"wp","href":"https:\/\/api.w.org\/{rel}","templated":true}]}}