{"id":149,"count":11,"description":"Lebensdaten von Karl Rahner\r\n1904 (5. 3.) In Freiburg i. Br. geboren\r\n1913-1922 Realgymnasium in Freiburg\r\n1922 20. 4. Eintritt in den Jesuitenorden, Noviziat in Feldkirch, Vorarlberg\r\n1924-1927 Studium der Philosophie an den Ordenshochschulen Feldkirch und Pullach bei M\u00fcnchen\r\n1927-1929 Junioratsmagisterium in Feldkirch-Tisis: Lateinlehrer von Alfred Delp\r\n1929-1933 Studium der Theologie an der Ordenshochschule in Valkenburg, Holland\r\n1932 (26. 7.) Priesterweihe in M\u00fcnchen-St. Michael durch Kardinal Michael Faulhaber\r\n1933-1934 Tertiat in St. Andr\u00e4 im Lavanttal, K\u00e4rnten\r\n1934-1936 Studium der Philosophie an der Universit\u00e4t Freiburg i. Br., u. a. Martin Heidegger\r\nund Martin Honecker\r\n1936 Wintersemester: Studium der Theologie an der Universit\u00e4t Innsbruck\r\n1936 (19. 12.) Promotion zum Dr. theol. (Innsbruck)\r\n1937 (1. 7.) Habilitation f\u00fcr das Fach Katholische Dogmatik an der Universit\u00e4t Innsbruck; Privatdozent\r\n1938 (22. 7.) Aufhebung der Theologischen Fakult\u00e4t durch die Nationalsozialisten\r\n1939 (15. 8.) Ordensprofe\u00df (Letzte Gel\u00fcbde) in St. Andr\u00e4 im Lavantal (K\u00e4rnten)\r\n1939 (12. 10.) Aufhebung des Jesuitenkollegs durch Gestapo und SS, \u00bbGauverbot\u00ab\r\n1939 Erscheint \u00bbGeist in Welt. Zur Metaphysik der endlichen Erkenntnis bei Thomas von Aquin\u00ab\r\n1939-1944 Dozent in Wien; Mitarbeiter am Seelsorgeinstitut in Wien unter Pr\u00e4lat Karl Rudolf und\r\nKardinal Theodor Innitzer (\u00bbWiener Memorandum\u00ab)\r\n1941 Erscheint \u00bbH\u00f6rer des Wortes. Zur Grundlegung einer Religionsphilosophie\u00ab\r\n1939-1945 Seelsorge in Mariakirchen, Niederbayern\r\n1945-1948 Dozent f\u00fcr Dogmatik an der Ordenshochschule in Pullach bei M\u00fcnchen\r\n1948 Dozent an der Theologischen Fakult\u00e4t in Innsbruck\r\n1949 (30. 6.) Professor f\u00fcr Dogmatik und Dogmengeschichte an der Universit\u00e4t Innsbruck\r\n1954 Erscheint Band 1 der \u00bbSchriften zur Theologie\u00ab\r\n1957 ff. Mitherausgeber der 2. Auflage von \u00bbLexikon f\u00fcr Theologie und Kirche\u00ab\r\nund der Reihe \u00bbQuaestiones disputatae\u00ab\r\n1961 Erscheint (zus. mit H. Vorgrimler) \u00bbKleines Theologisches W\u00f6rterbuch\u00ab\r\n1962 Pers\u00f6nlicher Berater des Wiener Erzbischofs, Kardinal Franz K\u00f6nig, u. offizieller Peritus\r\ndes Zweiten Vatikanischen Konzils\r\n1964 Professor f\u00fcr christliche Weltanschauung und Religionsphilosophie an der\r\nUniversit\u00e4t M\u00fcnchen (\u00bbRomano-Guardini-Lehrstuhl\u00ab)\r\n1964 Dr. theol. h. c. der Theologischen Fakult\u00e4t der Universit\u00e4t M\u00fcnster, Westfalen\r\n1964 Dr. h. c. der Universit\u00e4t Stra\u00dfburg\r\n1964 ff. Mitherausgeber von \u00bbHandbuch der Pastoraltheologie\u00ab\r\n1966 Dr. iur. h. c. der juristischen Fakult\u00e4t der Notre Dame University, USA\r\n1967 Ordinarius f\u00fcr Dogmatik und Dogmengeschichte an der Theologischen Fakult\u00e4t\r\nder Universit\u00e4t M\u00fcnster, Westalen\r\n1967 Dr. h. c. der Saint Louis University, USA\r\n1969-1974 Mitglied der P\u00e4pstlichen Theologenkommission\r\n1969 Dr. theol. h. c. der Yale University, USA\r\n1970 Dr. phil. h. c. der Universit\u00e4t Innsbruck\r\n1970 Mitglied des Ordens Pour le merite f\u00fcr Wissenschaften und K\u00fcnste, Bundesrepublik Deutschland\r\n1971 Emeritierung\r\n1971 Honorarprofessor f\u00fcr Grenzfragen von Theologie und Philosophie an der\r\nHochschule f\u00fcr Philosophie in M\u00fcnchen\r\n1972 Dr. theol. h. c. der Universit\u00e4t L\u00f6wen, Belgien\r\n1972 Honorarprofessor f\u00fcr Dogmatik und Dogmengeschichte an der\r\nTheologischen Fakult\u00e4t der Universit\u00e4t Innsbruck\r\n1972 Erscheint \u00bbStrukturwandel der Kirche als Aufgabe und Chance\u00ab\r\n1974 Dr. h. c. Litterarum Humaniorum, Georgetown University, Washington, USA\r\n1974 Dr. theol. h. c. der Pontificia Universitas Comillensis, Madrid\r\n1974 Doctor of Humane Letters, University of Chicago, USA\r\n1974 Doctor of Laws, Duquesne University, Pittsburgh, USA\r\n1976 Erscheint \u00bbGrundkurs des Glaubens\u00ab\r\n1979 Doctor of humane letters der John Carroll University in Cleveland, USA\r\n1979 Doctor of humane letters der Weston School of Theology, Boston, USA\r\n1979 Erscheint \u00bbRechenschaft des Glaubens\u00ab (hrsg. v. K. Lehmann u. A. Raffelt)\r\n1980 Doctor of Laws der Fordham University, New York, USA\r\n1982 Erscheint \u00bbPraxis des Glaubens. Geistliches Lesebuch\u00ab (hrsg. v. K. Lehmann u. A. Raffelt)\r\nErscheint (zus. mit H. Fries) \u00bbEinigung der Kirchen \u2013 reale M\u00f6glichkeit\u00ab\r\n1984 Erscheint Band 16 \u00bbSchriften zur Theologie\u00ab\r\n1984 (30. 3.) In Innsbruck gestorben","link":"https:\/\/website.ifit.li\/?tag=karl-rahner","name":"Karl Rahner","slug":"karl-rahner","taxonomy":"post_tag","meta":[],"_links":{"self":[{"href":"https:\/\/website.ifit.li\/index.php?rest_route=\/wp\/v2\/tags\/149","targetHints":{"allow":["GET"]}}],"collection":[{"href":"https:\/\/website.ifit.li\/index.php?rest_route=\/wp\/v2\/tags"}],"about":[{"href":"https:\/\/website.ifit.li\/index.php?rest_route=\/wp\/v2\/taxonomies\/post_tag"}],"wp:post_type":[{"href":"https:\/\/website.ifit.li\/index.php?rest_route=%2Fwp%2Fv2%2Fposts&tags=149"}],"curies":[{"name":"wp","href":"https:\/\/api.w.org\/{rel}","templated":true}]}}