{"id":125,"count":7,"description":"Mit dem Brief des hl. Papst Johannes Paul II. an die Familien \"begr\u00fcsst die Kirche mit Freude die von der Organisation der Vereinten Nationen gef\u00f6rderte Initiative, 1994 zum Internationalen Jahr der Familie zu erkl\u00e4ren. Diese Initiative macht offenkundig, wie grundlegend f\u00fcr die Staaten, die UNO- Mitglieder sind, die Familienfrage ist. Wenn die Kirche daran teilzunehmen w\u00fcnscht, so tut sie es, weil sie selbst von Christus zu \u00bballen V\u00f6lkern\u00ab (Mt 28, 19) gesandt worden ist. Es ist im \u00fcbrigen nicht das erste Mal, dab sich die Kirche eine internationale Initiative der UNO zu eigen macht. Es sei z. B. nur an das Internationale Jahr der Jugend 1985 erinnert. Auch auf diese Weise macht sie sich in der Welt pr\u00e4sent, indem sie die Papst Johannes' XXIII. so teure Absicht und Anregung der Konzilskonstitution Gaudium et Spes verwirklicht.\"\r\n\r\nZitat aus dem Brief des hl. Papst Johannes Paul II. an die Familien, zum Jahr der Familie 1994, Link: http:\/\/w2.vatican.va\/content\/john-paul-ii\/de\/letters\/1994\/documents\/hf_jp-ii_let_02021994_families.html\r\n\r\n","link":"https:\/\/website.ifit.li\/?tag=jahr-der-familie","name":"Jahr der Familie","slug":"jahr-der-familie","taxonomy":"post_tag","meta":[],"_links":{"self":[{"href":"https:\/\/website.ifit.li\/index.php?rest_route=\/wp\/v2\/tags\/125","targetHints":{"allow":["GET"]}}],"collection":[{"href":"https:\/\/website.ifit.li\/index.php?rest_route=\/wp\/v2\/tags"}],"about":[{"href":"https:\/\/website.ifit.li\/index.php?rest_route=\/wp\/v2\/taxonomies\/post_tag"}],"wp:post_type":[{"href":"https:\/\/website.ifit.li\/index.php?rest_route=%2Fwp%2Fv2%2Fposts&tags=125"}],"curies":[{"name":"wp","href":"https:\/\/api.w.org\/{rel}","templated":true}]}}