{"id":107,"count":11,"description":"Kurt Kardinal Koch (* 15. M\u00e4rz 1950 in Emmenbr\u00fccke, Kanton Luzern) ist ein Schweizer Theologe, Kurienkardinal der r\u00f6misch-katholischen Kirche und ehemaliger Bischof von Basel. Er ist Pr\u00e4sident des P\u00e4pstlichen Rates zur F\u00f6rderung der Einheit der Christen (Link: https:\/\/de.wikipedia.org\/wiki\/P%C3%A4pstlicher_Rat_zur_F%C3%B6rderung_der_Einheit_der_Christen), und seit 2010 Mitglied unter anderen in der Kongregation f\u00fcr die Glaubenslehre und des P\u00e4pstlichen Rats f\u00fcr den Interreligi\u00f6sen Dialog. Weitere Information siehe Wikipedia unter Link https:\/\/de.wikipedia.org\/wiki\/Kurt_Koch_%28Kardinal%29\r\n\r\n","link":"https:\/\/website.ifit.li\/?tag=kurt-kardinal-koch","name":"Kurt Kardinal Koch","slug":"kurt-kardinal-koch","taxonomy":"post_tag","meta":[],"_links":{"self":[{"href":"https:\/\/website.ifit.li\/index.php?rest_route=\/wp\/v2\/tags\/107","targetHints":{"allow":["GET"]}}],"collection":[{"href":"https:\/\/website.ifit.li\/index.php?rest_route=\/wp\/v2\/tags"}],"about":[{"href":"https:\/\/website.ifit.li\/index.php?rest_route=\/wp\/v2\/taxonomies\/post_tag"}],"wp:post_type":[{"href":"https:\/\/website.ifit.li\/index.php?rest_route=%2Fwp%2Fv2%2Fposts&tags=107"}],"curies":[{"name":"wp","href":"https:\/\/api.w.org\/{rel}","templated":true}]}}