{"id":8480,"date":"2017-08-18T22:24:07","date_gmt":"2017-08-18T20:24:07","guid":{"rendered":"https:\/\/ifit.ch\/wordpress\/?p=8480"},"modified":"2022-08-30T10:41:36","modified_gmt":"2022-08-30T08:41:36","slug":"liebe-zu-allen-menschen-selbst-zu-feinden-roem-12","status":"publish","type":"post","link":"https:\/\/website.ifit.li\/?p=8480","title":{"rendered":"Liebe zu allen Menschen, selbst zu Feinden (R\u00f6m 12, 14-21)"},"content":{"rendered":"<h2>Stellungnahme von \u00abKirche in Not\u00bb zu den Attentaten in Spanien<\/h2>\n<figure id=\"attachment_8483\" aria-describedby=\"caption-attachment-8483\" style=\"width: 238px\" class=\"wp-caption alignleft\"><a href=\"https:\/\/ml2mintiuscj.i.optimole.com\/w:auto\/h:auto\/q:mauto\/f:best\/https:\/\/website.ifit.li\/wp-content\/uploads\/2017\/08\/Javier-Menéndez-Ros.jpg\" rel=\"attachment wp-att-8483\"><img data-opt-id=1943982817  fetchpriority=\"high\" decoding=\"async\" class=\"wp-image-8483\" src=\"https:\/\/ml2mintiuscj.i.optimole.com\/w:150\/h:150\/q:mauto\/rt:fill\/g:ce\/f:best\/https:\/\/website.ifit.li\/wp-content\/uploads\/2017\/08\/Javier-Menéndez-Ros.jpg\" alt=\"Bild: \u00abKirche in Not\u00bb (Spanien)\" width=\"238\" height=\"238\" \/><\/a><figcaption id=\"caption-attachment-8483\" class=\"wp-caption-text\">Javier Men\u00e9ndez Ros, Direktor von \u00abKirche in Not\u00bb Spanien<\/figcaption><\/figure>\n<p>Auf einem trauererf\u00fcllten Kreuzweg gedenken wir nun auch der j\u00fcngsten dschihadistischen Attentate, die auf europ\u00e4ischem Boden ver\u00fcbt wurden: in Nizza, Berlin, London, Stockholm, Hamburg, Paris und in der Normandie. Aber die Leidensstationen sind noch ungleich zahlreicher ausserhalb unserer europ\u00e4ischen Grenzen: Nigeria, Irak, Syrien, die Zentralafrikanische Republik, Kenia, der Jemen, der Kongo, Indien, Pakistan und noch eine \u00fcberaus lange Liste des Schmerzes, der sich, wenn wir vom islamistischen Terrorismus sprechen, vor allem gegen christliche Minderheiten in der ganzen Welt richtet. Ihrer aller gedenken wir bei \u00abKirche in Not\u00bb besonders heute und immer in unseren Gebeten.<!--more--> Hier ein Zitat von Javier Men\u00e9ndez Ros, Direktor von \u00abKirche in Not\u00bb Spanien:<\/p>\n<blockquote><p>\u201eHeute erleben wir in Barcelona und damit auch in ganz Spanien, Europa und der ganzen zivilisierten Welt eine traurige Morgend\u00e4mmerung. Eine der sch\u00f6nsten St\u00e4dte unseres Landes, die vom Licht und den Wellen des Mittelmeers gebadet ist, hat inmitten von Schreien des Schmerzes und der Fassungslosigkeit ein blutiges Morgengrauen erlebt.\u201c<\/p><\/blockquote>\n<p>Ein weiteres dschihadistisches Attentat, wie die so vielen, an die wir uns leider gew\u00f6hnt haben, \u00fcberraschte gestern die Passanten auf den Ramblas, der typischen Flanierstrasse von Barcelona, und t\u00f6tete und verletzte dabei alles, was den Weg dieses m\u00f6rderischen Fahrzeugs kreuzte.<\/p>\n<figure id=\"attachment_8485\" aria-describedby=\"caption-attachment-8485\" style=\"width: 300px\" class=\"wp-caption alignleft\"><a href=\"https:\/\/ml2mintiuscj.i.optimole.com\/w:auto\/h:auto\/q:mauto\/f:best\/https:\/\/website.ifit.li\/wp-content\/uploads\/2017\/08\/pray-for-barcelona-ES.jpg\" rel=\"attachment wp-att-8485\"><img data-opt-id=230731463  fetchpriority=\"high\" decoding=\"async\" class=\"wp-image-8485 size-medium\" src=\"https:\/\/ml2mintiuscj.i.optimole.com\/w:300\/h:250\/q:mauto\/f:best\/https:\/\/website.ifit.li\/wp-content\/uploads\/2017\/08\/pray-for-barcelona-ES.jpg\" alt=\"Bild: \u00abKirche in Not\u00bb\" width=\"300\" height=\"250\" srcset=\"https:\/\/ml2mintiuscj.i.optimole.com\/w:300\/h:250\/q:mauto\/f:best\/https:\/\/website.ifit.li\/wp-content\/uploads\/2017\/08\/pray-for-barcelona-ES.jpg 300w, https:\/\/ml2mintiuscj.i.optimole.com\/w:768\/h:640\/q:mauto\/f:best\/https:\/\/website.ifit.li\/wp-content\/uploads\/2017\/08\/pray-for-barcelona-ES.jpg 768w, https:\/\/ml2mintiuscj.i.optimole.com\/w:1024\/h:853\/q:mauto\/f:best\/https:\/\/website.ifit.li\/wp-content\/uploads\/2017\/08\/pray-for-barcelona-ES.jpg 1024w, https:\/\/ml2mintiuscj.i.optimole.com\/w:1200\/h:1000\/q:mauto\/f:best\/https:\/\/website.ifit.li\/wp-content\/uploads\/2017\/08\/pray-for-barcelona-ES.jpg 1200w\" sizes=\"(max-width: 300px) 100vw, 300px\" \/><\/a><figcaption id=\"caption-attachment-8485\" class=\"wp-caption-text\">Gebet auf spanisch<\/figcaption><\/figure>\n<p>Wir von unserer katalanischen Niederlassung von \u00abKirche in Not\u00bb, dessen B\u00fcros relativ nahe des Schauplatzes des Attentates gelegen sind, sowie von unserer P\u00e4pstlichen Stiftung in Spanien und der ganzen Welt m\u00f6chten heute den Opfern dieses j\u00fcngsten Anschlages sehr nahe sein und vereinen uns im Gebet mit jedem Menschen guten Willens, auf dass die Wege des Hasses und der Gewalt Ablehnung finden und das B\u00f6se mit dem Guten besiegt werden m\u00f6ge (R\u00f6m. 12,21). Beten wir auch darum, dass Gott die steinernen Herzen der Terroristen in Herzen aus Fleisch verwandeln m\u00f6ge. Unsere Liebe Frau von der Barmherzigkeit, die Patronin Barcelonas, bitten wir besonders darum, dass sie uns dabei helfen m\u00f6ge, zu verzeihen und nicht darin nachzulassen, die Botschaft der Liebe ihres Sohnes Jesus zu verbreiten.<\/p>\n<p>Das Hilfswerk \u00ab<a href=\"http:\/\/www.kirche-in-not.ch\" target=\"_blank\" rel=\"noopener noreferrer\">Kirche in Not<\/a>\u00bb ist in 23 L\u00e4ndern mit Niederlassungen vertreten, unter anderem auch in Spanien.<\/p>\n<div>\n<h2><b>Spenden mit Vermerk \u00abVerfolgte Christen\u00bb k\u00f6nnen gerichtet werden an:<\/b><\/h2>\n<\/div>\n<div>\n<p><strong><a href=\"https:\/\/ml2mintiuscj.i.optimole.com\/w:auto\/h:auto\/q:mauto\/f:best\/https:\/\/website.ifit.li\/wp-content\/uploads\/2015\/02\/Kirche-in-Not-Logo-70x70.jpg\" rel=\"attachment wp-att-4966\"><img data-opt-id=1658698747  fetchpriority=\"high\" decoding=\"async\" class=\"alignleft wp-image-4966 size-full\" src=\"https:\/\/ml2mintiuscj.i.optimole.com\/w:70\/h:70\/q:mauto\/f:best\/dpr:2\/https:\/\/website.ifit.li\/wp-content\/uploads\/2015\/02\/Kirche-in-Not-Logo-70x70.jpg\" alt=\"Bild: Kirche in Not\" width=\"70\" height=\"70\" \/><\/a><\/strong>Kirche in Not<br \/>\nAide \u00e0 l\u2019\u00c9glise en D\u00e9tresse<br \/>\nAid to the Church in Need<\/p>\n<p><strong>\u00a0\u00a0\u00a0\u00a0\u00a0\u00a0\u00a0<a href=\"http:\/\/www.acn-intl.org\/\" target=\"_blank\" rel=\"noopener noreferrer\">ACN<\/a>\u00a0\u00a0\u00a0\u00a0\u00a0\u00a0\u00a0\u00a0\u00a0\u00a0\u00a0\u00a0\u00a0\u00a0\u00a0<a href=\"http:\/\/www.kirche-in-not.ch\/\" target=\"_blank\" rel=\"noopener noreferrer\">SCHWEIZ<\/a>\u00a0\u00a0\u00a0<a href=\"http:\/\/www.kirche-in-not.ch\/\" target=\"_blank\" rel=\"noopener noreferrer\">LIECHTENSTEIN<\/a><br \/>\n<\/strong><u><br \/>\n<\/u>Cysatstrasse 6, 6004 Luzern, Telefon 041 410 46 70<br \/>\nE-Mail:\u00a0<a href=\"mailto:mail@kirche-in-not.ch\">mail@kirche-in-not.ch<\/a>; Internet: www.kirche-in-not.ch<\/p>\n<p><strong>Postkonto 60-17200-9<\/strong><br \/>\nIBAN CH55 0900 0000 6001 7200 9<\/p>\n<\/div>\n","protected":false},"excerpt":{"rendered":"<p>Stellungnahme von \u00abKirche in Not\u00bb zu den Attentaten in Spanien Auf einem trauererf\u00fcllten Kreuzweg gedenken wir nun auch der j\u00fcngsten dschihadistischen Attentate, die auf europ\u00e4ischem Boden ver\u00fcbt wurden: in Nizza, Berlin, London, Stockholm, Hamburg, Paris und in der Normandie. Aber die Leidensstationen sind noch ungleich zahlreicher ausserhalb unserer europ\u00e4ischen Grenzen: Nigeria, Irak, Syrien, die Zentralafrikanische &hellip; <a href=\"https:\/\/website.ifit.li\/?p=8480\" class=\"more-link\"><span class=\"screen-reader-text\">Liebe zu allen Menschen, selbst zu Feinden (R\u00f6m 12, 14-21)<\/span> weiterlesen <span class=\"meta-nav\">&rarr;<\/span><\/a><\/p>\n","protected":false},"author":1,"featured_media":8482,"comment_status":"closed","ping_status":"open","sticky":false,"template":"","format":"standard","meta":{"footnotes":""},"categories":[450],"tags":[217,283,30,208,548,240,189],"class_list":["post-8480","post","type-post","status-publish","format-standard","has-post-thumbnail","hentry","category-katholische-kirche","tag-christentum","tag-kirche","tag-kirche-in-not","tag-leben","tag-lehramt","tag-martyrium","tag-tod"],"_links":{"self":[{"href":"https:\/\/website.ifit.li\/index.php?rest_route=\/wp\/v2\/posts\/8480","targetHints":{"allow":["GET"]}}],"collection":[{"href":"https:\/\/website.ifit.li\/index.php?rest_route=\/wp\/v2\/posts"}],"about":[{"href":"https:\/\/website.ifit.li\/index.php?rest_route=\/wp\/v2\/types\/post"}],"author":[{"embeddable":true,"href":"https:\/\/website.ifit.li\/index.php?rest_route=\/wp\/v2\/users\/1"}],"replies":[{"embeddable":true,"href":"https:\/\/website.ifit.li\/index.php?rest_route=%2Fwp%2Fv2%2Fcomments&post=8480"}],"version-history":[{"count":14,"href":"https:\/\/website.ifit.li\/index.php?rest_route=\/wp\/v2\/posts\/8480\/revisions"}],"predecessor-version":[{"id":36941,"href":"https:\/\/website.ifit.li\/index.php?rest_route=\/wp\/v2\/posts\/8480\/revisions\/36941"}],"wp:featuredmedia":[{"embeddable":true,"href":"https:\/\/website.ifit.li\/index.php?rest_route=\/wp\/v2\/media\/8482"}],"wp:attachment":[{"href":"https:\/\/website.ifit.li\/index.php?rest_route=%2Fwp%2Fv2%2Fmedia&parent=8480"}],"wp:term":[{"taxonomy":"category","embeddable":true,"href":"https:\/\/website.ifit.li\/index.php?rest_route=%2Fwp%2Fv2%2Fcategories&post=8480"},{"taxonomy":"post_tag","embeddable":true,"href":"https:\/\/website.ifit.li\/index.php?rest_route=%2Fwp%2Fv2%2Ftags&post=8480"}],"curies":[{"name":"wp","href":"https:\/\/api.w.org\/{rel}","templated":true}]}}