{"id":8344,"date":"2017-07-12T15:26:51","date_gmt":"2017-07-12T13:26:51","guid":{"rendered":"https:\/\/ifit.ch\/wordpress\/?p=8344"},"modified":"2021-10-20T15:24:19","modified_gmt":"2021-10-20T13:24:19","slug":"wieder-ein-priester-im-bundesstaat-mexiko-ermordet","status":"publish","type":"post","link":"https:\/\/website.ifit.li\/?p=8344","title":{"rendered":"Wieder ein Priester im Bundesstaat Mexiko ermordet"},"content":{"rendered":"<h2>Mexiko zum 9. Mal in Folge weltweit am gef\u00e4hrlichsten, um Priesteramt auszu\u00fcben<\/h2>\n<figure id=\"attachment_8348\" aria-describedby=\"caption-attachment-8348\" style=\"width: 224px\" class=\"wp-caption alignleft\"><a href=\"https:\/\/ml2mintiuscj.i.optimole.com\/w:auto\/h:auto\/q:mauto\/f:best\/https:\/\/website.ifit.li\/wp-content\/uploads\/2017\/07\/Basilica-of-San-Juan-de-los-Lagos-Guadalajara.jpg\"><img data-opt-id=1385323902  fetchpriority=\"high\" decoding=\"async\" class=\"size-medium wp-image-8348\" src=\"https:\/\/ml2mintiuscj.i.optimole.com\/w:224\/h:300\/q:mauto\/f:best\/https:\/\/website.ifit.li\/wp-content\/uploads\/2017\/07\/Basilica-of-San-Juan-de-los-Lagos-Guadalajara.jpg\" alt=\"Bild: \u00abKirche in Not\u00bb\" width=\"224\" height=\"300\" srcset=\"https:\/\/ml2mintiuscj.i.optimole.com\/w:224\/h:300\/q:mauto\/f:best\/https:\/\/website.ifit.li\/wp-content\/uploads\/2017\/07\/Basilica-of-San-Juan-de-los-Lagos-Guadalajara.jpg 224w, https:\/\/ml2mintiuscj.i.optimole.com\/w:768\/h:1028\/q:mauto\/f:best\/https:\/\/website.ifit.li\/wp-content\/uploads\/2017\/07\/Basilica-of-San-Juan-de-los-Lagos-Guadalajara.jpg 768w, https:\/\/ml2mintiuscj.i.optimole.com\/w:765\/h:1024\/q:mauto\/f:best\/https:\/\/website.ifit.li\/wp-content\/uploads\/2017\/07\/Basilica-of-San-Juan-de-los-Lagos-Guadalajara.jpg 765w, https:\/\/ml2mintiuscj.i.optimole.com\/w:806\/h:1080\/q:mauto\/f:best\/https:\/\/website.ifit.li\/wp-content\/uploads\/2017\/07\/Basilica-of-San-Juan-de-los-Lagos-Guadalajara.jpg 1936w\" sizes=\"(max-width: 224px) 100vw, 224px\" \/><\/a><figcaption id=\"caption-attachment-8348\" class=\"wp-caption-text\">Basilica of San Juan de los Lagos Guadalajara<\/figcaption><\/figure>\n<p>In den fr\u00fchen Stunden des Donnerstags, 6. Juli 2017, wurde der Priester Luis L\u00f3pez Villa, der Pfarrer von St. Isidro Labrador (\u201eIsidor, der Landarbeiter\u201c) in der Stadt <a href=\"https:\/\/de.wikipedia.org\/wiki\/Municipio_La_Paz_(M%C3%A9xico)\" target=\"_blank\" rel=\"noopener noreferrer\">Los Reyes La Paz<\/a> im Bundesstaat Mexiko tot aufgefunden. Er lag mit gebundenen H\u00e4nden und durchgeschnittener Kehle in seinem Pfarrhaus. Die Polizei wurde zum Tatort gerufen, nachdem der leblose K\u00f6rper des 73j\u00e4hrigen Pfarrers entdeckt wurde.\u00a0Die Mexikanische Bischofskonferenz hat sich angesichts der Ermordung von P. Luis L\u00f3pez Villa solidarisch ge\u00e4ussert. Sie verurteilt die Tat und verbindet sich im Gebet mit der Familie, der Gemeinde und der Di\u00f6zese Nezahualc\u00f3yotl, zu der die Pfarrei St. Isidro Labrador geh\u00f6rt. <!--more-->Sie dr\u00fcckte dar\u00fcber hinaus ihre Sorge vor der gegenw\u00e4rtigen Gewaltwelle aus, die sich weiterhin gegen Priester und Ordensleute richtet.<\/p>\n<figure id=\"attachment_8349\" aria-describedby=\"caption-attachment-8349\" style=\"width: 300px\" class=\"wp-caption alignleft\"><a href=\"https:\/\/ml2mintiuscj.i.optimole.com\/w:auto\/h:auto\/q:mauto\/f:best\/https:\/\/website.ifit.li\/wp-content\/uploads\/2017\/07\/15-angehende-Seminaristen-in-Mexico-City-1.jpg\"><img data-opt-id=1537111756  fetchpriority=\"high\" decoding=\"async\" class=\"size-medium wp-image-8349\" src=\"https:\/\/ml2mintiuscj.i.optimole.com\/w:300\/h:224\/q:mauto\/f:best\/https:\/\/website.ifit.li\/wp-content\/uploads\/2017\/07\/15-angehende-Seminaristen-in-Mexico-City-1.jpg\" alt=\"Bild: \u00abKirche in Not\u00bb\" width=\"300\" height=\"224\" srcset=\"https:\/\/ml2mintiuscj.i.optimole.com\/w:300\/h:224\/q:mauto\/f:best\/https:\/\/website.ifit.li\/wp-content\/uploads\/2017\/07\/15-angehende-Seminaristen-in-Mexico-City-1.jpg 300w, https:\/\/ml2mintiuscj.i.optimole.com\/w:768\/h:574\/q:mauto\/f:best\/https:\/\/website.ifit.li\/wp-content\/uploads\/2017\/07\/15-angehende-Seminaristen-in-Mexico-City-1.jpg 768w, https:\/\/ml2mintiuscj.i.optimole.com\/w:1024\/h:766\/q:mauto\/f:best\/https:\/\/website.ifit.li\/wp-content\/uploads\/2017\/07\/15-angehende-Seminaristen-in-Mexico-City-1.jpg 1024w, https:\/\/ml2mintiuscj.i.optimole.com\/w:1444\/h:1080\/q:mauto\/f:best\/https:\/\/website.ifit.li\/wp-content\/uploads\/2017\/07\/15-angehende-Seminaristen-in-Mexico-City-1.jpg 1700w\" sizes=\"(max-width: 300px) 100vw, 300px\" \/><\/a><figcaption id=\"caption-attachment-8349\" class=\"wp-caption-text\">Angehende Seminaristen in Mexico City<\/figcaption><\/figure>\n<p>Die Bischofskonferenz fordert, dass die Taten von den Beh\u00f6rden untersucht werden.\u00a0Die Ermordung von Luis L\u00f3pez Villa aus der Di\u00f6zese Nezahualc\u00f3yotl ist eine mehr in einer ganzen Reihe ermordeter Priester im Land. Laut der Stelle f\u00fcr Sonderuntersuchungen des Multimedialen Katholischen Zentrums (CCM), die am 6. Juli 2017 ihren letzten Bericht \u00fcber ermordete Priester und Ordenschristen in Mexiko ver\u00f6ffentlicht hat, wurden im Laufe des Jahres 2017 bereits drei F\u00e4lle registriert [siehe <a href=\"http:\/\/www.fides.org\/de\/news\/27518#.WWYi4ojyhaR\" target=\"_blank\" rel=\"noopener noreferrer\">Agentur Fides &#8211;\u00a0Bericht zur Zunahme der Gewalt gegen Priester in Mexiko<\/a>].<\/p>\n<figure id=\"attachment_8350\" aria-describedby=\"caption-attachment-8350\" style=\"width: 300px\" class=\"wp-caption alignleft\"><a href=\"https:\/\/ml2mintiuscj.i.optimole.com\/w:auto\/h:auto\/q:mauto\/f:best\/https:\/\/website.ifit.li\/wp-content\/uploads\/2017\/07\/Die-Schwestern-Hijas-de-San-Pio-X.-im-Bistum-Cuidad-Obregon-mit-Glaeubigen-1.jpg\"><img data-opt-id=665894304  fetchpriority=\"high\" decoding=\"async\" class=\"size-medium wp-image-8350\" src=\"https:\/\/ml2mintiuscj.i.optimole.com\/w:300\/h:225\/q:mauto\/f:best\/https:\/\/website.ifit.li\/wp-content\/uploads\/2017\/07\/Die-Schwestern-Hijas-de-San-Pio-X.-im-Bistum-Cuidad-Obregon-mit-Glaeubigen-1.jpg\" alt=\"Bild: \u00abKirche in Not\u00bb\" width=\"300\" height=\"225\" srcset=\"https:\/\/ml2mintiuscj.i.optimole.com\/w:300\/h:225\/q:mauto\/f:best\/https:\/\/website.ifit.li\/wp-content\/uploads\/2017\/07\/Die-Schwestern-Hijas-de-San-Pio-X.-im-Bistum-Cuidad-Obregon-mit-Glaeubigen-1.jpg 300w, https:\/\/ml2mintiuscj.i.optimole.com\/w:768\/h:576\/q:mauto\/f:best\/https:\/\/website.ifit.li\/wp-content\/uploads\/2017\/07\/Die-Schwestern-Hijas-de-San-Pio-X.-im-Bistum-Cuidad-Obregon-mit-Glaeubigen-1.jpg 768w, https:\/\/ml2mintiuscj.i.optimole.com\/w:1024\/h:768\/q:mauto\/f:best\/https:\/\/website.ifit.li\/wp-content\/uploads\/2017\/07\/Die-Schwestern-Hijas-de-San-Pio-X.-im-Bistum-Cuidad-Obregon-mit-Glaeubigen-1.jpg 1024w, https:\/\/ml2mintiuscj.i.optimole.com\/w:1440\/h:1080\/q:mauto\/f:best\/https:\/\/website.ifit.li\/wp-content\/uploads\/2017\/07\/Die-Schwestern-Hijas-de-San-Pio-X.-im-Bistum-Cuidad-Obregon-mit-Glaeubigen-1.jpg 1700w\" sizes=\"(max-width: 300px) 100vw, 300px\" \/><\/a><figcaption id=\"caption-attachment-8350\" class=\"wp-caption-text\">Die Schwestern Hijas de San Pio X. im Bistum Cuidad Obregon mit Glaeubigen<\/figcaption><\/figure>\n<p>Laut CCM ist Mexiko zum neunten Mal in Folge das weltweit gef\u00e4hrlichste Land, um das Priesteramt auszu\u00fcben.\u00a0Der Bericht beklagt insgesamt 66 registrierte Anschl\u00e4ge gegen Mitglieder der katholischen Kirche von 1990 bis 2017, von denen 60 als heimt\u00fcckische Verbrechen bezeichnet werden. Zwei Priester gelten weiterhin als verschwunden. In zwei weiteren F\u00e4llen handelt es sich um vereitelte Entf\u00fchrungsversuche. Auf der Liste der Angegriffenen stehen ein Kardinal, 44 Priester, ein Diakon, vier Ordensleute, neun Laien und eine katholische Journalistin.\u00a0Inzwischen wurden unter der jetzigen Regierung von Pr\u00e4sident Pe\u00f1a Nieto achtzehn Priester ermordet. Damit sind die 17 F\u00e4lle in den sechs Jahren w\u00e4hrend der Pr\u00e4sidentschaft von Felipe Calder\u00f3n \u00fcbertroffen worden.\u00a0Das Hilfswerk \u00abKirche in Not\u00bb unterst\u00fctzte Projekte der katholischen Kirche in Mexiko im Jahr 2016 mit 180\u2019000 Schweizer Franken.<\/p>\n<div>\n<h2><b>Spenden mit Vermerk \u00abMexiko\u00bb k\u00f6nnen gerichtet werden an:<\/b><\/h2>\n<\/div>\n<div>\n<p><strong><a href=\"http:\/\/www.acn-intl.org\/\" target=\"_blank\" rel=\"noopener noreferrer\"><\/a><\/strong>Kirche in Not<br \/>\nAide \u00e0 l\u2019\u00c9glise en D\u00e9tresse<br \/>\nAid to the Church in Need<\/p>\n<p><strong>\u00a0\u00a0\u00a0\u00a0\u00a0\u00a0\u00a0<a href=\"http:\/\/www.acn-intl.org\/\" target=\"_blank\" rel=\"noopener noreferrer\"><u>ACN<\/u><\/a>\u00a0\u00a0\u00a0\u00a0\u00a0\u00a0\u00a0\u00a0\u00a0\u00a0\u00a0\u00a0\u00a0\u00a0 <a href=\"http:\/\/www.kirche-in-not.ch\" target=\"_blank\" rel=\"noopener noreferrer\"><u>SCHWEIZ<\/u><\/a>\u00a0\u00a0 <a href=\"http:\/\/www.kirche-in-not.ch\" target=\"_blank\" rel=\"noopener noreferrer\"><u>LIECHTENSTEIN<\/u><\/a><br \/>\n<\/strong><u><br \/>\n<\/u> Cysatstrasse 6, 6004 Luzern, Telefon 041 410 46 70<br \/>\nE-Mail: <a href=\"mailto:mail@kirche-in-not.ch\">mail@kirche-in-not.ch<\/a>; Internet: www.kirche-in-not.ch<\/p>\n<p><strong>Postkonto 60-17200-9<\/strong><br \/>\nIBAN CH55 0900 0000 6001 7200 9<\/p>\n<\/div>\n","protected":false},"excerpt":{"rendered":"<p>Mexiko zum 9. Mal in Folge weltweit am gef\u00e4hrlichsten, um Priesteramt auszu\u00fcben In den fr\u00fchen Stunden des Donnerstags, 6. Juli 2017, wurde der Priester Luis L\u00f3pez Villa, der Pfarrer von St. Isidro Labrador (\u201eIsidor, der Landarbeiter\u201c) in der Stadt Los Reyes La Paz im Bundesstaat Mexiko tot aufgefunden. Er lag mit gebundenen H\u00e4nden und durchgeschnittener &hellip; <a href=\"https:\/\/website.ifit.li\/?p=8344\" class=\"more-link\"><span class=\"screen-reader-text\">Wieder ein Priester im Bundesstaat Mexiko ermordet<\/span> weiterlesen <span class=\"meta-nav\">&rarr;<\/span><\/a><\/p>\n","protected":false},"author":1,"featured_media":8347,"comment_status":"closed","ping_status":"open","sticky":false,"template":"","format":"standard","meta":{"footnotes":""},"categories":[2],"tags":[184,217,30,208,240,185,169,189,271,186],"class_list":["post-8344","post","type-post","status-publish","format-standard","has-post-thumbnail","hentry","category-kirche","tag-bischofsweihe","tag-christentum","tag-kirche-in-not","tag-leben","tag-martyrium","tag-priestertum","tag-relativismus","tag-tod","tag-trugschluss","tag-wahrheit"],"_links":{"self":[{"href":"https:\/\/website.ifit.li\/index.php?rest_route=\/wp\/v2\/posts\/8344","targetHints":{"allow":["GET"]}}],"collection":[{"href":"https:\/\/website.ifit.li\/index.php?rest_route=\/wp\/v2\/posts"}],"about":[{"href":"https:\/\/website.ifit.li\/index.php?rest_route=\/wp\/v2\/types\/post"}],"author":[{"embeddable":true,"href":"https:\/\/website.ifit.li\/index.php?rest_route=\/wp\/v2\/users\/1"}],"replies":[{"embeddable":true,"href":"https:\/\/website.ifit.li\/index.php?rest_route=%2Fwp%2Fv2%2Fcomments&post=8344"}],"version-history":[{"count":6,"href":"https:\/\/website.ifit.li\/index.php?rest_route=\/wp\/v2\/posts\/8344\/revisions"}],"predecessor-version":[{"id":38599,"href":"https:\/\/website.ifit.li\/index.php?rest_route=\/wp\/v2\/posts\/8344\/revisions\/38599"}],"wp:featuredmedia":[{"embeddable":true,"href":"https:\/\/website.ifit.li\/index.php?rest_route=\/wp\/v2\/media\/8347"}],"wp:attachment":[{"href":"https:\/\/website.ifit.li\/index.php?rest_route=%2Fwp%2Fv2%2Fmedia&parent=8344"}],"wp:term":[{"taxonomy":"category","embeddable":true,"href":"https:\/\/website.ifit.li\/index.php?rest_route=%2Fwp%2Fv2%2Fcategories&post=8344"},{"taxonomy":"post_tag","embeddable":true,"href":"https:\/\/website.ifit.li\/index.php?rest_route=%2Fwp%2Fv2%2Ftags&post=8344"}],"curies":[{"name":"wp","href":"https:\/\/api.w.org\/{rel}","templated":true}]}}