{"id":8253,"date":"2016-12-31T15:00:05","date_gmt":"2016-12-31T14:00:05","guid":{"rendered":"https:\/\/ifit.ch\/wordpress\/?p=8253"},"modified":"2024-06-18T10:26:59","modified_gmt":"2024-06-18T08:26:59","slug":"katechesen-von-papst-franziskus-im-jahr-der-barmherzigkeit","status":"publish","type":"post","link":"https:\/\/website.ifit.li\/?p=8253","title":{"rendered":"Katechesen von Papst Franziskus im Jahr der Barmherzigkeit"},"content":{"rendered":"<h2>Jahr der Barmherzigkeit ist hier im Rahmen von Generalaudienzen zusammengefasst<\/h2>\n<p><a href=\"https:\/\/website.ifit.li\/?attachment_id=7143\" rel=\"attachment wp-att-7143\"><img data-opt-id=1346480595  fetchpriority=\"high\" decoding=\"async\" class=\"alignleft wp-image-7143 size-medium\" src=\"https:\/\/ml2mintiuscj.i.optimole.com\/w:300\/h:200\/q:mauto\/f:best\/https:\/\/website.ifit.li\/wp-content\/uploads\/2016\/05\/Generalaudienz-von-Papst-Franziskus-am-25.-Mai-2016.jpeg\" alt=\"Bild: L'Osservatore Romano\" width=\"300\" height=\"200\" srcset=\"https:\/\/ml2mintiuscj.i.optimole.com\/w:300\/h:200\/q:mauto\/f:best\/https:\/\/website.ifit.li\/wp-content\/uploads\/2016\/05\/Generalaudienz-von-Papst-Franziskus-am-25.-Mai-2016.jpeg 300w, https:\/\/ml2mintiuscj.i.optimole.com\/w:768\/h:512\/q:mauto\/f:best\/https:\/\/website.ifit.li\/wp-content\/uploads\/2016\/05\/Generalaudienz-von-Papst-Franziskus-am-25.-Mai-2016.jpeg 768w, https:\/\/ml2mintiuscj.i.optimole.com\/w:800\/h:533\/q:mauto\/f:best\/https:\/\/website.ifit.li\/wp-content\/uploads\/2016\/05\/Generalaudienz-von-Papst-Franziskus-am-25.-Mai-2016.jpeg 800w\" sizes=\"(max-width: 300px) 100vw, 300px\" \/><\/a>Das ausserordentliche Jubeljahr der Barmherzigkeit wurde als Heiliges Jahr am 8. Dezember 2015, dem Hochfest der ohne Erbs\u00fcnde empfangenen Jungfrau und Gottesmutter Maria, er\u00f6ffnet. Dieses liturgische Fest weist darauf hin, wie Gott seit Anbeginn unserer Geschichte gehandelt hat. Das Jubil\u00e4umsjahr endete mit dem Christk\u00f6nigssonntag am 20. November 2016. Aus der Bulle <a href=\"http:\/\/w2.vatican.va\/content\/francesco\/de\/bulls\/documents\/papa-francesco_bolla_20150411_misericordiae-vultus.html\" target=\"_blank\" rel=\"noopener noreferrer\">Misericordiae vultus<\/a>:<\/p>\n<blockquote>\n<p><strong>\u00abWenn wir an diesem Tag die Heilige Pforte schlie\u00dfen, werden unsere Gef\u00fchle von dankbarer Ergebenheit gegen\u00fcber der Allerheiligsten Dreifaltigkeit bestimmt sein, dass sie uns eine solche besondere Zeit der Gnade geschenkt hat. Wir werden dann das Leben der Kirche, die gesamte Menschheit und den unermesslichen Kosmos der Herrschaft Christi anvertrauen mit der Bitte, dass seine Barmherzigkeit sich wie der Morgentau auf die Geschichte lege und sie fruchtbar werden lasse mit dem Einsatz aller f\u00fcr die unmittelbare Zukunft.\u00bb<\/strong><\/p>\n<\/blockquote>\n<p><!--more--><\/p>\n<table class=\" aligncenter\" style=\"width: 528px;\">\n<tfoot>\n<tr>\n<td style=\"width: 333px;\" colspan=\"3\"><strong>Legende f\u00fcr die Tabelle: Links ohne Gew\u00e4hr!<\/strong><\/td>\n<\/tr>\n<tr>\n<td style=\"background-color: #e6c86e; width: 25px;\">LEV<\/td>\n<td style=\"background-color: #e6c86e; width: 35px;\">&lt;=&gt;<\/td>\n<td style=\"background-color: #e6c86e; width: 273px;\"><a href=\"http:\/\/w2.vatican.va\/content\/francesco\/de\/audiences\/2016.index.html\" target=\"_blank\" rel=\"noopener noreferrer\">Libreria Editrice Vaticana<\/a>; Texte und Fotos<\/td>\n<\/tr>\n<tr>\n<td style=\"background-color: #e6c86e; width: 25px;\">RH<\/td>\n<td style=\"background-color: #e6c86e; width: 35px;\">&lt;=&gt;<\/td>\n<td style=\"background-color: #e6c86e; width: 273px;\"><a href=\"https:\/\/www.horeb.org\/mediathek\/podcasts\/standard-titel\/\" target=\"_blank\" rel=\"noopener noreferrer\">Radio Horeb<\/a>; MP3-Podcasts<\/td>\n<\/tr>\n<\/tfoot>\n<\/table>\n<table class=\" aligncenter\" style=\"width: 46.8056%;\">\n<thead>\n<tr>\n<td style=\"width: 237px; text-align: center;\" colspan=\"5\"><strong>Katechesen zur Barmherzigkeit im Lichte des<br \/>Alten Testaments<\/strong><\/td>\n<\/tr>\n<tr>\n<th style=\"background-color: #e6c86e; width: 80px;\"><strong>\u00a0Dezember<\/strong><\/th>\n<th style=\"background-color: #e6c86e; width: 26px;\"><strong>\u00a0Nr.<\/strong><\/th>\n<th style=\"background-color: #e6c86e; width: 26px;\"><strong>LEV<\/strong><\/th>\n<th style=\"background-color: #e6c86e; width: 39px;\"><strong>RH<\/strong><\/th>\n<th style=\"background-color: #e6c86e; width: 66px;\"><strong>YouTube<\/strong><\/th>\n<\/tr>\n<\/thead>\n<caption>\u00dcbersicht \u00dcber der Katechesen 2015\/2016 von Papst Franziskus im Jahr der\u00a0\u00a0Barmherzigkeit!<\/caption>\n<tbody>\n<tr>\n<td style=\"width: 80px;\">09.12.2015<\/td>\n<td style=\"width: 26px;\"><a href=\"https:\/\/website.ifit.li\/?p=6460\" target=\"_blank\" rel=\"noopener noreferrer\">01<\/a><\/td>\n<td style=\"width: 26px;\"><a href=\"http:\/\/w2.vatican.va\/content\/francesco\/de\/audiences\/2015\/documents\/papa-francesco_20151209_udienza-generale.html\" target=\"_blank\" rel=\"noopener noreferrer\">Text<\/a><\/td>\n<td style=\"background-color: #74f5f7; width: 39px;\">\u00a0<a href=\"http:\/\/www.horeb.org\/xyz\/podcast\/papstaudienz\/20151209audienz.mp3\" target=\"_blank\" rel=\"noopener noreferrer\">Audio<\/a><\/td>\n<td style=\"background-color: #d18e8e; width: 66px;\">\u00a0<a href=\"https:\/\/www.youtube.com\/watch?v=T4RmBXlk4_c\" target=\"_blank\" rel=\"noopener noreferrer\">Video<\/a><\/td>\n<\/tr>\n<tr>\n<td style=\"width: 80px;\">16.12.2015<\/td>\n<td style=\"width: 26px;\"><a href=\"https:\/\/website.ifit.li\/?p=6507\" target=\"_blank\" rel=\"noopener noreferrer\">02<\/a><\/td>\n<td style=\"width: 26px;\"><a href=\"http:\/\/w2.vatican.va\/content\/francesco\/de\/audiences\/2015\/documents\/papa-francesco_20151230_udienza-generale.html\" target=\"_blank\" rel=\"noopener noreferrer\">Text<\/a><\/td>\n<td style=\"background-color: #74f5f7; width: 39px;\"><a href=\"http:\/\/www.horeb.org\/xyz\/podcast\/papstaudienz\/20151230audienz.mp3\" target=\"_blank\" rel=\"noopener noreferrer\">Audio<\/a><\/td>\n<td style=\"background-color: #d18e8e; width: 66px;\"><a href=\"https:\/\/www.youtube.com\/watch?v=tFKDRZBq7k4\" target=\"_blank\" rel=\"noopener noreferrer\">Video<\/a><\/td>\n<\/tr>\n<tr>\n<td style=\"width: 80px;\">30.12.2015<\/td>\n<td style=\"width: 26px;\"><a href=\"https:\/\/website.ifit.li\/?p=6567\" target=\"_blank\" rel=\"noopener noreferrer\">03<\/a><\/td>\n<td style=\"width: 26px;\"><a href=\"http:\/\/de.radiovaticana.va\/news\/2015\/12\/30\/papst_jesus_sch%C3%BCtzen_wie_ein_kind\/1197726\" target=\"_blank\" rel=\"noopener noreferrer\">Text<\/a><\/td>\n<td style=\"background-color: #74f5f7; width: 39px;\"><a href=\"http:\/\/www.horeb.org\/xyz\/podcast\/papstaudienz\/20161221audienz.mp3\" target=\"_blank\" rel=\"noopener noreferrer\">Audio<\/a><\/td>\n<td style=\"background-color: #d18e8e; width: 66px;\"><a href=\"https:\/\/www.youtube.com\/watch?v=9IrNRAh4dS8\" target=\"_blank\" rel=\"noopener noreferrer\">Video<\/a><\/td>\n<\/tr>\n<tr>\n<th style=\"background-color: #e6c86e; width: 80px;\"><strong>\u00a0JANUAr<\/strong><\/th>\n<th style=\"background-color: #e6c86e; width: 26px;\"><strong>\u00a0Nr.<\/strong><\/th>\n<th style=\"background-color: #e6c86e; width: 26px;\"><strong>LEV<\/strong><\/th>\n<th style=\"background-color: #e6c86e; width: 39px;\"><strong>RH<\/strong><\/th>\n<th style=\"background-color: #e6c86e; width: 66px;\"><strong>YouTube<\/strong><\/th>\n<\/tr>\n<tr>\n<td style=\"width: 80px;\">13.01.2016<\/td>\n<td style=\"width: 26px;\"><a href=\"https:\/\/website.ifit.li\/?p=6609\" target=\"_blank\" rel=\"noopener noreferrer\">04<\/a><\/td>\n<td style=\"width: 26px;\"><a href=\"http:\/\/w2.vatican.va\/content\/francesco\/de\/audiences\/2016\/documents\/papa-francesco_20160113_udienza-generale.html\" target=\"_blank\" rel=\"noopener noreferrer\">Text<\/a><\/td>\n<td style=\"background-color: #74f5f7; width: 39px;\"><a href=\"http:\/\/www.horeb.org\/xyz\/podcast\/papstaudienz\/20160113audienz.mp3\" target=\"_blank\" rel=\"noopener noreferrer\">Audio<\/a><\/td>\n<td style=\"background-color: #d18e8e; width: 66px;\"><a href=\"https:\/\/www.youtube.com\/watch?v=x9WBYcDgrAI\" target=\"_blank\" rel=\"noopener noreferrer\">Video<\/a><\/td>\n<\/tr>\n<tr>\n<td style=\"width: 80px;\">20.01.2016<\/td>\n<td style=\"width: 26px;\"><a href=\"https:\/\/website.ifit.li\/?p=6632\" target=\"_blank\" rel=\"noopener noreferrer\">05<\/a><\/td>\n<td style=\"width: 26px;\"><a href=\"http:\/\/w2.vatican.va\/content\/francesco\/de\/audiences\/2016\/documents\/papa-francesco_20160120_udienza-generale.html\" target=\"_blank\" rel=\"noopener noreferrer\">Text<\/a><\/td>\n<td style=\"background-color: #74f5f7; width: 39px;\"><a href=\"http:\/\/www.horeb.org\/xyz\/podcast\/papstaudienz\/20160120audienz.mp3\" target=\"_blank\" rel=\"noopener noreferrer\">Audio<\/a><\/td>\n<td style=\"background-color: #d18e8e; width: 66px;\"><a href=\"https:\/\/www.youtube.com\/watch?v=MJ17n9mlI1s\" target=\"_blank\" rel=\"noopener noreferrer\">Video<\/a><\/td>\n<\/tr>\n<tr>\n<td style=\"width: 80px;\">27.01.2016<\/td>\n<td style=\"width: 26px;\"><a href=\"https:\/\/website.ifit.li\/?p=6667\" target=\"_blank\" rel=\"noopener noreferrer\">06<\/a><\/td>\n<td style=\"width: 26px;\"><a href=\"http:\/\/w2.vatican.va\/content\/francesco\/de\/audiences\/2016\/documents\/papa-francesco_20160127_udienza-generale.html\" target=\"_blank\" rel=\"noopener noreferrer\">Text<\/a><\/td>\n<td style=\"background-color: #74f5f7; width: 39px;\"><a href=\"http:\/\/www.horeb.org\/xyz\/podcast\/papstaudienz\/20160127audienz.mp3\" target=\"_blank\" rel=\"noopener noreferrer\">Audio<\/a><\/td>\n<td style=\"background-color: #d18e8e; width: 66px;\"><a href=\"https:\/\/www.youtube.com\/watch?v=EVM6Ho3Z_lI\" target=\"_blank\" rel=\"noopener noreferrer\">Video<\/a><\/td>\n<\/tr>\n<tr>\n<th style=\"background-color: #e6c86e; width: 80px;\"><strong>\u00a0FEBRUAr<\/strong><\/th>\n<th style=\"background-color: #e6c86e; width: 26px;\"><strong>\u00a0Nr.<\/strong><\/th>\n<th style=\"background-color: #e6c86e; width: 26px;\"><strong>LEV<\/strong><\/th>\n<th style=\"background-color: #e6c86e; width: 39px;\"><strong>RH<\/strong><\/th>\n<th style=\"background-color: #e6c86e; width: 66px;\"><strong>YouTube<\/strong><\/th>\n<\/tr>\n<tr>\n<td style=\"width: 80px;\">03.02.2016<\/td>\n<td style=\"width: 26px;\"><a href=\"https:\/\/website.ifit.li\/?p=6700\" target=\"_blank\" rel=\"noopener noreferrer\">07<\/a><\/td>\n<td style=\"width: 26px;\"><a href=\"http:\/\/w2.vatican.va\/content\/francesco\/de\/audiences\/2016\/documents\/papa-francesco_20160203_udienza-generale.html\" target=\"_blank\" rel=\"noopener noreferrer\">Text<\/a><\/td>\n<td style=\"background-color: #74f5f7; width: 39px;\"><a href=\"http:\/\/www.horeb.org\/xyz\/podcast\/papstaudienz\/20160203audienz.mp3\" target=\"_blank\" rel=\"noopener noreferrer\">Audio<\/a><\/td>\n<td style=\"background-color: #d18e8e; width: 66px;\"><a href=\"https:\/\/www.youtube.com\/watch?v=2QiujsVqAcg\" target=\"_blank\" rel=\"noopener noreferrer\">Video<\/a><\/td>\n<\/tr>\n<tr>\n<td style=\"width: 80px;\">10.02.2016<\/td>\n<td style=\"width: 26px;\"><a href=\"https:\/\/website.ifit.li\/?p=6725\" target=\"_blank\" rel=\"noopener noreferrer\">08<\/a><\/td>\n<td style=\"width: 26px;\"><a href=\"http:\/\/w2.vatican.va\/content\/francesco\/de\/audiences\/2016\/documents\/papa-francesco_20160210_udienza-generale.html\" target=\"_blank\" rel=\"noopener noreferrer\">Text<\/a><\/td>\n<td style=\"background-color: #74f5f7; width: 39px;\"><a href=\"http:\/\/www.horeb.org\/xyz\/podcast\/papstaudienz\/20160210audienz.mp3\" target=\"_blank\" rel=\"noopener noreferrer\">Audio<\/a><\/td>\n<td style=\"background-color: #d18e8e; width: 66px;\"><a href=\"https:\/\/www.youtube.com\/watch?v=uMPSGHPejqQ\" target=\"_blank\" rel=\"noopener noreferrer\">Video<\/a><\/td>\n<\/tr>\n<tr>\n<td style=\"width: 80px;\">24.02.2016<\/td>\n<td style=\"width: 26px;\"><a href=\"https:\/\/website.ifit.li\/?p=6773\" target=\"_blank\" rel=\"noopener noreferrer\">09<\/a><\/td>\n<td style=\"width: 26px;\"><a href=\"http:\/\/w2.vatican.va\/content\/francesco\/de\/audiences\/2016\/documents\/papa-francesco_20160224_udienza-generale.html\" target=\"_blank\" rel=\"noopener noreferrer\">Text<\/a><\/td>\n<td style=\"background-color: #74f5f7; width: 39px;\"><a href=\"http:\/\/www.horeb.org\/xyz\/podcast\/papstaudienz\/20160224audienz.mp3\" target=\"_blank\" rel=\"noopener noreferrer\">Audio<\/a><\/td>\n<td style=\"background-color: #d18e8e; width: 66px;\"><a href=\"https:\/\/www.youtube.com\/watch?v=dBPwPolzLhI\" target=\"_blank\" rel=\"noopener noreferrer\">Video<\/a><\/td>\n<\/tr>\n<tr>\n<th style=\"background-color: #e6c86e; width: 80px;\"><strong>\u00a0M\u00c4RZ<\/strong><\/th>\n<th style=\"background-color: #e6c86e; width: 26px;\"><strong>\u00a0Nr.<\/strong><\/th>\n<th style=\"background-color: #e6c86e; width: 26px;\"><strong>LEV<\/strong><\/th>\n<th style=\"background-color: #e6c86e; width: 39px;\"><strong>RH<\/strong><\/th>\n<th style=\"background-color: #e6c86e; width: 66px;\"><strong>YouTube<\/strong><\/th>\n<\/tr>\n<tr>\n<td style=\"width: 80px;\">02.03.2016<\/td>\n<td style=\"width: 26px;\"><a href=\"https:\/\/website.ifit.li\/?p=6798\" target=\"_blank\" rel=\"noopener noreferrer\">10<\/a><\/td>\n<td style=\"width: 26px;\"><a href=\"http:\/\/w2.vatican.va\/content\/francesco\/de\/audiences\/2016\/documents\/papa-francesco_20160302_udienza-generale.html\" target=\"_blank\" rel=\"noopener noreferrer\">Text<\/a><\/td>\n<td style=\"width: 39px; background-color: #74f5f7;\"><a href=\"http:\/\/www.horeb.org\/xyz\/podcast\/papstaudienz\/20160302audienz.mp3\" target=\"_blank\" rel=\"noopener noreferrer\">Audio<\/a><\/td>\n<td style=\"width: 66px; background-color: #d18e8e;\"><a href=\"https:\/\/www.youtube.com\/watch?v=c-P_KaE9104&amp;t=4s\" target=\"_blank\" rel=\"noopener noreferrer\">Video<\/a><\/td>\n<\/tr>\n<tr>\n<td style=\"width: 80px;\">16.03.2016<\/td>\n<td style=\"width: 26px;\"><a href=\"https:\/\/website.ifit.li\/?p=6910\" target=\"_blank\" rel=\"noopener noreferrer\">11<\/a><\/td>\n<td style=\"width: 26px;\"><a href=\"http:\/\/w2.vatican.va\/content\/francesco\/de\/audiences\/2016\/documents\/papa-francesco_20160316_udienza-generale.html\" target=\"_blank\" rel=\"noopener noreferrer\">Text<\/a><\/td>\n<td style=\"width: 39px; background-color: #74f5f7;\"><a href=\"http:\/\/www.horeb.org\/xyz\/podcast\/papstaudienz\/20160316audienz.mp3\" target=\"_blank\" rel=\"noopener noreferrer\">Audio<\/a><\/td>\n<td style=\"width: 66px; background-color: #d18e8e;\"><a href=\"https:\/\/www.youtube.com\/watch?v=mkWewJS2MiE\" target=\"_blank\" rel=\"noopener noreferrer\">Video<\/a><\/td>\n<\/tr>\n<tr>\n<td style=\"width: 80px;\">23.03.2016<\/td>\n<td style=\"width: 26px;\"><a href=\"https:\/\/website.ifit.li\/?p=6916\" target=\"_blank\" rel=\"noopener noreferrer\">12<\/a><\/td>\n<td style=\"width: 26px;\"><a href=\"http:\/\/w2.vatican.va\/content\/francesco\/de\/audiences\/2016\/documents\/papa-francesco_20160323_udienza-generale.html\" target=\"_blank\" rel=\"noopener noreferrer\">Text<\/a><\/td>\n<td style=\"width: 39px; background-color: #74f5f7;\"><a href=\"http:\/\/www.horeb.org\/xyz\/podcast\/papstaudienz\/20160323audienz.mp3\" target=\"_blank\" rel=\"noopener noreferrer\">Audio<\/a><\/td>\n<td style=\"width: 66px; background-color: #d18e8e;\"><a href=\"https:\/\/www.youtube.com\/watch?v=IrlcY9TmF78\" target=\"_blank\" rel=\"noopener noreferrer\">Video<\/a><\/td>\n<\/tr>\n<tr>\n<td style=\"width: 80px;\">30.03.2016<\/td>\n<td style=\"width: 26px;\"><a href=\"https:\/\/website.ifit.li\/?p=6925\" target=\"_blank\" rel=\"noopener noreferrer\">13<\/a><\/td>\n<td style=\"width: 26px;\"><a href=\"http:\/\/w2.vatican.va\/content\/francesco\/de\/audiences\/2016\/documents\/papa-francesco_20160330_udienza-generale.html\" target=\"_blank\" rel=\"noopener noreferrer\">Text<\/a><\/td>\n<td style=\"width: 39px; background-color: #74f5f7;\"><a href=\"http:\/\/www.horeb.org\/xyz\/podcast\/papstaudienz\/20160330audienz.mp3\" target=\"_blank\" rel=\"noopener noreferrer\">Audio<\/a><\/td>\n<td style=\"width: 66px; background-color: #d18e8e;\"><a href=\"https:\/\/www.youtube.com\/watch?v=_zdqX_uCB38\" target=\"_blank\" rel=\"noopener noreferrer\">Video<\/a><\/td>\n<\/tr>\n<tr>\n<td style=\"width: 237px; text-align: center;\" colspan=\"5\"><strong>Katechesen zur Barmherzigkeit im Lichte des<br \/>Neuen Testaments<\/strong><\/td>\n<\/tr>\n<tr>\n<th style=\"background-color: #e6c86e; width: 80px;\"><strong>April<\/strong><\/th>\n<th style=\"background-color: #e6c86e; width: 26px;\"><strong>\u00a0Nr.<\/strong><\/th>\n<th style=\"background-color: #e6c86e; width: 26px;\"><strong>LEV<\/strong><\/th>\n<th style=\"background-color: #e6c86e; width: 39px;\"><strong>RH<\/strong><\/th>\n<th style=\"background-color: #e6c86e; width: 66px;\"><strong>YouTube<\/strong><\/th>\n<\/tr>\n<tr>\n<td style=\"width: 80px;\">06.04.2016<\/td>\n<td style=\"width: 26px;\"><a href=\"https:\/\/website.ifit.li\/?p=6957\" target=\"_blank\" rel=\"noopener noreferrer\">01<\/a><\/td>\n<td style=\"width: 26px;\"><a href=\"http:\/\/w2.vatican.va\/content\/francesco\/de\/audiences\/2016\/documents\/papa-francesco_20160406_udienza-generale.html\" target=\"_blank\" rel=\"noopener noreferrer\">Text<\/a><\/td>\n<td style=\"width: 39px; background-color: #74f5f7;\"><a href=\"http:\/\/www.horeb.org\/xyz\/podcast\/papstaudienz\/20160406audienz.mp3\" target=\"_blank\" rel=\"noopener noreferrer\">Audio<\/a><\/td>\n<td style=\"width: 66px; background-color: #d18e8e;\"><a href=\"https:\/\/www.youtube.com\/watch?v=WGj-mStr1AE\" target=\"_blank\" rel=\"noopener noreferrer\">Video<\/a><\/td>\n<\/tr>\n<tr>\n<td style=\"width: 80px;\">13.04.2016<\/td>\n<td style=\"width: 26px;\"><a href=\"https:\/\/website.ifit.li\/?p=7004\" target=\"_blank\" rel=\"noopener noreferrer\">02<\/a><\/td>\n<td style=\"width: 26px;\"><a href=\"http:\/\/w2.vatican.va\/content\/francesco\/de\/audiences\/2016\/documents\/papa-francesco_20160413_udienza-generale.html\" target=\"_blank\" rel=\"noopener noreferrer\">Text<\/a><\/td>\n<td style=\"width: 39px; background-color: #74f5f7;\"><a href=\"http:\/\/www.horeb.org\/xyz\/podcast\/papstaudienz\/20160413audienz.mp3\" target=\"_blank\" rel=\"noopener noreferrer\">Audio<\/a><\/td>\n<td style=\"width: 66px; background-color: #d18e8e;\"><a href=\"https:\/\/www.youtube.com\/watch?v=i9LuJP0xVqw\" target=\"_blank\" rel=\"noopener noreferrer\">Video<\/a><\/td>\n<\/tr>\n<tr>\n<td style=\"width: 80px;\">20.04.2016<\/td>\n<td style=\"width: 26px;\"><a href=\"https:\/\/website.ifit.li\/?p=7034\" target=\"_blank\" rel=\"noopener noreferrer\">03<\/a><\/td>\n<td style=\"width: 26px;\"><a href=\"http:\/\/w2.vatican.va\/content\/francesco\/de\/audiences\/2016\/documents\/papa-francesco_20160420_udienza-generale.html\" target=\"_blank\" rel=\"noopener noreferrer\">Text<\/a><\/td>\n<td style=\"width: 39px; background-color: #74f5f7;\"><a href=\"http:\/\/www.horeb.org\/xyz\/podcast\/papstaudienz\/20160420audienz.mp3\" target=\"_blank\" rel=\"noopener noreferrer\">Audio<\/a><\/td>\n<td style=\"width: 66px; background-color: #d18e8e;\"><a href=\"https:\/\/www.youtube.com\/watch?v=9hyM903CdCc\" target=\"_blank\" rel=\"noopener noreferrer\">Video<\/a><\/td>\n<\/tr>\n<tr>\n<td style=\"width: 80px;\">27.04.2016<\/td>\n<td style=\"width: 26px;\"><a href=\"https:\/\/website.ifit.li\/?p=7046\" target=\"_blank\" rel=\"noopener noreferrer\">04<\/a><\/td>\n<td style=\"width: 26px;\"><a href=\"http:\/\/w2.vatican.va\/content\/francesco\/de\/audiences\/2016\/documents\/papa-francesco_20160427_udienza-generale.html\" target=\"_blank\" rel=\"noopener noreferrer\">Text<\/a><\/td>\n<td style=\"width: 39px; background-color: #74f5f7;\"><a href=\"http:\/\/www.horeb.org\/xyz\/podcast\/papstaudienz\/20160427audienz.mp3\" target=\"_blank\" rel=\"noopener noreferrer\">Audio<\/a><\/td>\n<td style=\"width: 66px; background-color: #d18e8e;\"><a href=\"https:\/\/www.youtube.com\/watch?v=uvz-KLm9vPM\" target=\"_blank\" rel=\"noopener noreferrer\">Video<\/a><\/td>\n<\/tr>\n<tr>\n<th style=\"background-color: #e6c86e; width: 80px;\"><strong>MAI<\/strong><\/th>\n<th style=\"background-color: #e6c86e; width: 26px;\"><strong>\u00a0Nr.<\/strong><\/th>\n<th style=\"background-color: #e6c86e; width: 26px;\"><strong>LEV<\/strong><\/th>\n<th style=\"background-color: #e6c86e; width: 39px;\"><strong>RH<\/strong><\/th>\n<th style=\"background-color: #e6c86e; width: 66px;\"><strong>YouTube<\/strong><\/th>\n<\/tr>\n<tr>\n<td style=\"width: 80px;\">04.05.2016<\/td>\n<td style=\"width: 26px;\"><a href=\"https:\/\/website.ifit.li\/?p=7062\" target=\"_blank\" rel=\"noopener noreferrer\">05<\/a><\/td>\n<td style=\"width: 26px;\"><a href=\"http:\/\/w2.vatican.va\/content\/francesco\/de\/audiences\/2016\/documents\/papa-francesco_20160504_udienza-generale.html\" target=\"_blank\" rel=\"noopener noreferrer\">Text<\/a><\/td>\n<td style=\"width: 39px; background-color: #74f5f7;\"><a href=\"http:\/\/www.horeb.org\/xyz\/podcast\/papstaudienz\/20160504audienz.mp3\" target=\"_blank\" rel=\"noopener noreferrer\">Audio<\/a><\/td>\n<td style=\"width: 66px; background-color: #d18e8e;\"><a href=\"https:\/\/www.youtube.com\/watch?v=UFzTg2OJ648\" target=\"_blank\" rel=\"noopener noreferrer\">Video<\/a><\/td>\n<\/tr>\n<tr>\n<td style=\"width: 80px;\">11.05.2016<\/td>\n<td style=\"width: 26px;\"><a href=\"https:\/\/website.ifit.li\/?p=7071\" target=\"_blank\" rel=\"noopener noreferrer\">06<\/a><\/td>\n<td style=\"width: 26px;\"><a href=\"http:\/\/w2.vatican.va\/content\/francesco\/de\/audiences\/2016\/documents\/papa-francesco_20160511_udienza-generale.html\" target=\"_blank\" rel=\"noopener noreferrer\">Text<\/a><\/td>\n<td style=\"width: 39px; background-color: #74f5f7;\"><a href=\"http:\/\/www.horeb.org\/xyz\/podcast\/papstaudienz\/20160511audienz.mp3\" target=\"_blank\" rel=\"noopener noreferrer\">Audio<\/a><\/td>\n<td style=\"width: 66px; background-color: #d18e8e;\"><a href=\"https:\/\/www.youtube.com\/watch?v=RQ3sztAWWaY\" target=\"_blank\" rel=\"noopener noreferrer\">Video<\/a><\/td>\n<\/tr>\n<tr>\n<td style=\"width: 80px;\">18.05.2016<\/td>\n<td style=\"width: 26px;\"><a href=\"https:\/\/website.ifit.li\/?p=7114\" target=\"_blank\" rel=\"noopener noreferrer\">07<\/a><\/td>\n<td style=\"width: 26px;\"><a href=\"http:\/\/w2.vatican.va\/content\/francesco\/de\/audiences\/2016\/documents\/papa-francesco_20160518_udienza-generale.html\" target=\"_blank\" rel=\"noopener noreferrer\">Text<\/a><\/td>\n<td style=\"width: 39px; background-color: #74f5f7;\"><a href=\"http:\/\/www.horeb.org\/xyz\/podcast\/papstaudienz\/20160518audienz.mp3\" target=\"_blank\" rel=\"noopener noreferrer\">Audio<\/a><\/td>\n<td style=\"width: 66px; background-color: #d18e8e;\"><a href=\"https:\/\/www.youtube.com\/watch?v=jUS_5Z24y5Q\" target=\"_blank\" rel=\"noopener noreferrer\">Video<\/a><\/td>\n<\/tr>\n<tr>\n<td style=\"width: 80px;\">25.05.2016<\/td>\n<td style=\"width: 26px;\"><a href=\"https:\/\/website.ifit.li\/?p=7137\" target=\"_blank\" rel=\"noopener noreferrer\">08<\/a><\/td>\n<td style=\"width: 26px;\"><a href=\"http:\/\/w2.vatican.va\/content\/francesco\/de\/audiences\/2016\/documents\/papa-francesco_20160525_udienza-generale.html\" target=\"_blank\" rel=\"noopener noreferrer\">Text<\/a><\/td>\n<td style=\"width: 39px; background-color: #74f5f7;\"><a href=\"http:\/\/www.horeb.org\/xyz\/podcast\/papstaudienz\/20160525audienz.mp3\" target=\"_blank\" rel=\"noopener noreferrer\">Audio<\/a><\/td>\n<td style=\"width: 66px; background-color: #d18e8e;\"><a href=\"https:\/\/www.youtube.com\/watch?v=lkqWJsoF6s4\" target=\"_blank\" rel=\"noopener noreferrer\">Video<\/a><\/td>\n<\/tr>\n<tr>\n<th style=\"background-color: #e6c86e; width: 80px;\"><strong>Juni<\/strong><\/th>\n<th style=\"background-color: #e6c86e; width: 26px;\"><strong>\u00a0Nr.<\/strong><\/th>\n<th style=\"background-color: #e6c86e; width: 26px;\"><strong>LEV<\/strong><\/th>\n<th style=\"background-color: #e6c86e; width: 39px;\"><strong>RH<\/strong><\/th>\n<th style=\"background-color: #e6c86e; width: 66px;\"><strong>YouTube<\/strong><\/th>\n<\/tr>\n<tr>\n<td style=\"width: 80px;\">01.06.2016<\/td>\n<td style=\"width: 26px;\"><a href=\"https:\/\/website.ifit.li\/?p=7172\" target=\"_blank\" rel=\"noopener noreferrer\">09<\/a><\/td>\n<td style=\"width: 26px;\"><a href=\"http:\/\/w2.vatican.va\/content\/francesco\/de\/audiences\/2016\/documents\/papa-francesco_20160601_udienza-generale.html\" target=\"_blank\" rel=\"noopener noreferrer\">Text<\/a><\/td>\n<td style=\"width: 39px; background-color: #74f5f7;\"><a href=\"http:\/\/www.horeb.org\/xyz\/podcast\/papstaudienz\/20160601audienz.mp3\" target=\"_blank\" rel=\"noopener noreferrer\">Audio<\/a><\/td>\n<td style=\"width: 66px; background-color: #d18e8e;\"><a href=\"https:\/\/www.youtube.com\/watch?v=v6FZBt7WxU4\" target=\"_blank\" rel=\"noopener noreferrer\">Video<\/a><\/td>\n<\/tr>\n<tr>\n<td style=\"width: 80px;\">08.06.2016<\/td>\n<td style=\"width: 26px;\"><a href=\"https:\/\/website.ifit.li\/?p=7201\" target=\"_blank\" rel=\"noopener noreferrer\">10<\/a><\/td>\n<td style=\"width: 26px;\"><a href=\"http:\/\/w2.vatican.va\/content\/francesco\/de\/audiences\/2016\/documents\/papa-francesco_20160608_udienza-generale.html\" target=\"_blank\" rel=\"noopener noreferrer\">Text<\/a><\/td>\n<td style=\"width: 39px; background-color: #74f5f7;\">Audio<\/td>\n<td style=\"width: 66px; background-color: #d18e8e;\"><a href=\"https:\/\/www.youtube.com\/watch?v=aYTX-ExQKLQ\" target=\"_blank\" rel=\"noopener noreferrer\">Video<\/a><\/td>\n<\/tr>\n<tr>\n<td style=\"width: 80px;\">15.06.2016<\/td>\n<td style=\"width: 26px;\"><a href=\"https:\/\/website.ifit.li\/?p=7216\" target=\"_blank\" rel=\"noopener noreferrer\">11<\/a><\/td>\n<td style=\"width: 26px;\"><a href=\"http:\/\/w2.vatican.va\/content\/francesco\/de\/audiences\/2016\/documents\/papa-francesco_20160615_udienza-generale.html\" target=\"_blank\" rel=\"noopener noreferrer\">Text<\/a><\/td>\n<td style=\"width: 39px; background-color: #74f5f7;\"><a href=\"http:\/\/www.horeb.org\/xyz\/podcast\/papstaudienz\/20160615audienz.mp3\" target=\"_blank\" rel=\"noopener noreferrer\">Audio<\/a><\/td>\n<td style=\"width: 66px; background-color: #d18e8e;\"><a href=\"https:\/\/www.youtube.com\/watch?v=JPTNCgEkTeA\" target=\"_blank\" rel=\"noopener noreferrer\">Video<\/a><\/td>\n<\/tr>\n<tr>\n<td style=\"width: 80px;\">22.06.2016<\/td>\n<td style=\"width: 26px;\"><a href=\"https:\/\/website.ifit.li\/?p=7238\" target=\"_blank\" rel=\"noopener noreferrer\">12<\/a><\/td>\n<td style=\"width: 26px;\"><a href=\"http:\/\/w2.vatican.va\/content\/francesco\/de\/audiences\/2016\/documents\/papa-francesco_20160622_udienza-generale.html\" target=\"_blank\" rel=\"noopener noreferrer\">Text<\/a><\/td>\n<td style=\"width: 39px; background-color: #74f5f7;\"><a href=\"http:\/\/www.horeb.org\/xyz\/podcast\/papstaudienz\/20160622audienz.mp3\" target=\"_blank\" rel=\"noopener noreferrer\">Audio<\/a><\/td>\n<td style=\"width: 66px; background-color: #d18e8e;\"><a href=\"https:\/\/www.youtube.com\/watch?v=PY6eR2dZkEo\" target=\"_blank\" rel=\"noopener noreferrer\">Video<\/a><\/td>\n<\/tr>\n<tr>\n<th style=\"background-color: #e6c86e; width: 80px;\"><strong>August<\/strong><\/th>\n<th style=\"background-color: #e6c86e; width: 26px;\"><strong>\u00a0Nr.<\/strong><\/th>\n<th style=\"background-color: #e6c86e; width: 26px;\"><strong>LEV<\/strong><\/th>\n<th style=\"background-color: #e6c86e; width: 39px;\"><strong>RH<\/strong><\/th>\n<th style=\"background-color: #e6c86e; width: 66px;\"><strong>YouTube<\/strong><\/th>\n<\/tr>\n<tr>\n<td style=\"width: 80px;\">03.08.2016<\/td>\n<td style=\"width: 26px;\"><a href=\"https:\/\/website.ifit.li\/?p=7369\" target=\"_blank\" rel=\"noopener noreferrer\">13<\/a><\/td>\n<td style=\"width: 26px;\"><a href=\"http:\/\/w2.vatican.va\/content\/francesco\/de\/audiences\/2016\/documents\/papa-francesco_20160803_udienza-generale.html\" target=\"_blank\" rel=\"noopener noreferrer\">Text<\/a><\/td>\n<td style=\"width: 39px; background-color: #74f5f7;\"><a href=\"http:\/\/www.horeb.org\/xyz\/podcast\/papstaudienz\/20160803audienz.mp3\" target=\"_blank\" rel=\"noopener noreferrer\">Audio<\/a><\/td>\n<td style=\"width: 66px; background-color: #d18e8e;\"><a href=\"https:\/\/www.youtube.com\/watch?v=f0tQ81hk_EA\" target=\"_blank\" rel=\"noopener noreferrer\">Video<\/a><\/td>\n<\/tr>\n<tr>\n<td style=\"width: 80px;\">10.08.2016<\/td>\n<td style=\"width: 26px;\"><a href=\"https:\/\/website.ifit.li\/?p=7378\" target=\"_blank\" rel=\"noopener noreferrer\">14<\/a><\/td>\n<td style=\"width: 26px;\"><a href=\"http:\/\/w2.vatican.va\/content\/francesco\/de\/audiences\/2016\/documents\/papa-francesco_20160810_udienza-generale.html\" target=\"_blank\" rel=\"noopener noreferrer\">Text<\/a><\/td>\n<td style=\"width: 39px; background-color: #74f5f7;\"><a href=\"http:\/\/www.horeb.org\/xyz\/podcast\/papstaudienz\/20160810audienz.mp3\" target=\"_blank\" rel=\"noopener noreferrer\">Audio<\/a><\/td>\n<td style=\"width: 66px; background-color: #d18e8e;\"><a href=\"https:\/\/www.youtube.com\/watch?v=pJ-mx6LAY2s\" target=\"_blank\" rel=\"noopener noreferrer\">Video<\/a><\/td>\n<\/tr>\n<tr>\n<td style=\"width: 80px;\">17.08.2016<\/td>\n<td style=\"width: 26px;\"><a href=\"https:\/\/website.ifit.li\/?p=7388\" target=\"_blank\" rel=\"noopener noreferrer\">15<\/a><\/td>\n<td style=\"width: 26px;\"><a href=\"http:\/\/w2.vatican.va\/content\/francesco\/de\/audiences\/2016\/documents\/papa-francesco_20160817_udienza-generale.html\" target=\"_blank\" rel=\"noopener noreferrer\">Text<\/a><\/td>\n<td style=\"width: 39px; background-color: #74f5f7;\"><a href=\"http:\/\/www.horeb.org\/xyz\/podcast\/papstaudienz\/20160817audienz.mp3\" target=\"_blank\" rel=\"noopener noreferrer\">Audio<\/a><\/td>\n<td style=\"width: 66px; background-color: #d18e8e;\"><a href=\"https:\/\/www.youtube.com\/watch?v=LzVFu_Rud-M\" target=\"_blank\" rel=\"noopener noreferrer\">Video<\/a><\/td>\n<\/tr>\n<tr>\n<td style=\"width: 80px;\">31.08.2016<\/td>\n<td style=\"width: 26px;\"><a href=\"https:\/\/website.ifit.li\/?p=7459\" target=\"_blank\" rel=\"noopener noreferrer\">16<\/a><\/td>\n<td style=\"width: 26px;\"><a href=\"http:\/\/w2.vatican.va\/content\/francesco\/de\/audiences\/2016\/documents\/papa-francesco_20160831_udienza-generale.html\" target=\"_blank\" rel=\"noopener noreferrer\">Text<\/a><\/td>\n<td style=\"width: 39px; background-color: #74f5f7;\"><a href=\"http:\/\/www.horeb.org\/xyz\/podcast\/papstaudienz\/20160831audienz.mp3\" target=\"_blank\" rel=\"noopener noreferrer\">Audio<\/a><\/td>\n<td style=\"width: 66px; background-color: #d18e8e;\"><a href=\"https:\/\/www.youtube.com\/watch?v=0nYG1LhHWCw\" target=\"_blank\" rel=\"noopener noreferrer\">Video<\/a><\/td>\n<\/tr>\n<tr>\n<th style=\"background-color: #e6c86e; width: 80px;\"><strong>SEPTEMBER<\/strong><\/th>\n<th style=\"background-color: #e6c86e; width: 26px;\"><strong>\u00a0Nr.<\/strong><\/th>\n<th style=\"background-color: #e6c86e; width: 26px;\"><strong>LEV<\/strong><\/th>\n<th style=\"background-color: #e6c86e; width: 39px;\"><strong>RH<\/strong><\/th>\n<th style=\"background-color: #e6c86e; width: 66px;\"><strong>YouTube<\/strong><\/th>\n<\/tr>\n<tr>\n<td style=\"width: 80px;\">07.09.2016<\/td>\n<td style=\"width: 26px;\"><a href=\"https:\/\/website.ifit.li\/?p=7487\" target=\"_blank\" rel=\"noopener noreferrer\">17<\/a><\/td>\n<td style=\"width: 26px;\"><a href=\"http:\/\/w2.vatican.va\/content\/francesco\/de\/audiences\/2016\/documents\/papa-francesco_20160907_udienza-generale.html\" target=\"_blank\" rel=\"noopener noreferrer\">Text<\/a><\/td>\n<td style=\"width: 39px; background-color: #74f5f7;\"><a href=\"http:\/\/www.horeb.org\/xyz\/podcast\/papstaudienz\/20160907audienz.mp3\" target=\"_blank\" rel=\"noopener noreferrer\">Audio<\/a><\/td>\n<td style=\"width: 66px; background-color: #d18e8e;\"><a href=\"https:\/\/www.youtube.com\/watch?v=0gwS4OgmUis\" target=\"_blank\" rel=\"noopener noreferrer\">Video<\/a><\/td>\n<\/tr>\n<tr>\n<td style=\"width: 80px;\">14.09.2016<\/td>\n<td style=\"width: 26px;\"><a href=\"https:\/\/website.ifit.li\/?p=7525\" target=\"_blank\" rel=\"noopener noreferrer\">18<\/a><\/td>\n<td style=\"width: 26px;\"><a href=\"http:\/\/w2.vatican.va\/content\/francesco\/de\/audiences\/2016\/documents\/papa-francesco_20160914_udienza-generale.html\" target=\"_blank\" rel=\"noopener noreferrer\">Text<\/a><\/td>\n<td style=\"width: 39px; background-color: #74f5f7;\"><a href=\"http:\/\/www.horeb.org\/xyz\/podcast\/papstaudienz\/20160914audienz.mp3\" target=\"_blank\" rel=\"noopener noreferrer\">Audio<\/a><\/td>\n<td style=\"width: 66px; background-color: #d18e8e;\"><a href=\"https:\/\/www.youtube.com\/watch?v=DD9dTcezHoU\" target=\"_blank\" rel=\"noopener noreferrer\">Video<\/a><\/td>\n<\/tr>\n<tr>\n<td style=\"width: 80px;\">21.09.2016<\/td>\n<td style=\"width: 26px;\"><a href=\"https:\/\/website.ifit.li\/?p=7546\" target=\"_blank\" rel=\"noopener noreferrer\">19<\/a><\/td>\n<td style=\"width: 26px;\"><a href=\"http:\/\/w2.vatican.va\/content\/francesco\/de\/audiences\/2016\/documents\/papa-francesco_20160921_udienza-generale.html\" target=\"_blank\" rel=\"noopener noreferrer\">Text<\/a><\/td>\n<td style=\"width: 39px; background-color: #74f5f7;\"><a href=\"http:\/\/www.horeb.org\/xyz\/podcast\/papstaudienz\/20160921audienz.mp3\" target=\"_blank\" rel=\"noopener noreferrer\">Audio<\/a><\/td>\n<td style=\"width: 66px; background-color: #d18e8e;\"><a href=\"https:\/\/www.youtube.com\/watch?v=XaYep1BKZ2I\" target=\"_blank\" rel=\"noopener noreferrer\">Video<\/a><\/td>\n<\/tr>\n<tr>\n<td style=\"width: 80px;\">28.09.2016<\/td>\n<td style=\"width: 26px;\"><a href=\"https:\/\/website.ifit.li\/?p=7572\" target=\"_blank\" rel=\"noopener noreferrer\">20<\/a><\/td>\n<td style=\"width: 26px;\"><a href=\"http:\/\/w2.vatican.va\/content\/francesco\/de\/audiences\/2016\/documents\/papa-francesco_20160928_udienza-generale.html\" target=\"_blank\" rel=\"noopener noreferrer\">Text<\/a><\/td>\n<td style=\"width: 39px; background-color: #74f5f7;\"><a href=\"http:\/\/www.horeb.org\/xyz\/podcast\/papstaudienz\/20160928audienz.mp3\" target=\"_blank\" rel=\"noopener noreferrer\">Audio<\/a><\/td>\n<td style=\"width: 66px; background-color: #d18e8e;\"><a href=\"https:\/\/www.youtube.com\/watch?v=UY47LFZPy1k\" target=\"_blank\" rel=\"noopener noreferrer\">Video<\/a><\/td>\n<\/tr>\n<tr>\n<th style=\"background-color: #e6c86e; width: 80px;\"><strong>OKTOBER<\/strong><\/th>\n<th style=\"background-color: #e6c86e; width: 26px;\"><strong>\u00a0Nr.<\/strong><\/th>\n<th style=\"background-color: #e6c86e; width: 26px;\"><strong>LEV<\/strong><\/th>\n<th style=\"background-color: #e6c86e; width: 39px;\"><strong>RH<\/strong><\/th>\n<th style=\"background-color: #e6c86e; width: 66px;\"><strong>YouTube<\/strong><\/th>\n<\/tr>\n<tr>\n<td style=\"width: 80px;\">05.10.2016<\/td>\n<td style=\"width: 26px;\"><a href=\"https:\/\/website.ifit.li\/?p=7587\" target=\"_blank\" rel=\"noopener noreferrer\">21<\/a><\/td>\n<td style=\"width: 26px;\"><a href=\"http:\/\/w2.vatican.va\/content\/francesco\/de\/audiences\/2016\/documents\/papa-francesco_20161005_udienza-generale.html\" target=\"_blank\" rel=\"noopener noreferrer\">Text<\/a><\/td>\n<td style=\"width: 39px; background-color: #74f5f7;\"><a href=\"http:\/\/www.horeb.org\/xyz\/podcast\/papstaudienz\/20161005audienz.mp3\" target=\"_blank\" rel=\"noopener noreferrer\">Audio<\/a><\/td>\n<td style=\"width: 66px; background-color: #d18e8e;\"><a href=\"https:\/\/www.youtube.com\/watch?v=TXUABis2BrY\" target=\"_blank\" rel=\"noopener noreferrer\">Video<\/a><\/td>\n<\/tr>\n<tr>\n<td style=\"width: 80px;\"><a href=\"https:\/\/website.ifit.li\/?p=7597\" target=\"_blank\" rel=\"noopener noreferrer\">12.10.2016<\/a><\/td>\n<td style=\"width: 26px;\"><a href=\"https:\/\/website.ifit.li\/?p=7597\" target=\"_blank\" rel=\"noopener noreferrer\">22<\/a><\/td>\n<td style=\"width: 26px;\"><a href=\"http:\/\/w2.vatican.va\/content\/francesco\/de\/audiences\/2016\/documents\/papa-francesco_20161012_udienza-generale.html\" target=\"_blank\" rel=\"noopener noreferrer\">Text<\/a><\/td>\n<td style=\"width: 39px; background-color: #74f5f7;\"><a href=\"http:\/\/www.horeb.org\/xyz\/podcast\/papstaudienz\/20161012audienz.mp3\" target=\"_blank\" rel=\"noopener noreferrer\">Audio<\/a><\/td>\n<td style=\"width: 66px; background-color: #d18e8e;\">Video<\/td>\n<\/tr>\n<tr>\n<td style=\"width: 80px;\">19.10.2016<\/td>\n<td style=\"width: 26px;\"><a href=\"https:\/\/website.ifit.li\/?p=7617\" target=\"_blank\" rel=\"noopener noreferrer\">23<\/a><\/td>\n<td style=\"width: 26px;\"><a href=\"http:\/\/w2.vatican.va\/content\/francesco\/de\/audiences\/2016\/documents\/papa-francesco_20161019_udienza-generale.html\" target=\"_blank\" rel=\"noopener noreferrer\">Text<\/a><\/td>\n<td style=\"width: 39px; background-color: #74f5f7;\"><a href=\"http:\/\/www.horeb.org\/xyz\/podcast\/papstaudienz\/20161019audienz.mp3\" target=\"_blank\" rel=\"noopener noreferrer\">Audio<\/a><\/td>\n<td style=\"width: 66px; background-color: #d18e8e;\"><a href=\"https:\/\/www.youtube.com\/watch?v=uUONVDPD0h4\" target=\"_blank\" rel=\"noopener noreferrer\">Video<\/a><\/td>\n<\/tr>\n<tr>\n<td style=\"width: 80px;\">26.10.2016<\/td>\n<td style=\"width: 26px;\"><a href=\"https:\/\/website.ifit.li\/?p=7627\" target=\"_blank\" rel=\"noopener noreferrer\">24<\/a><\/td>\n<td style=\"width: 26px;\"><a href=\"http:\/\/w2.vatican.va\/content\/francesco\/de\/audiences\/2016\/documents\/papa-francesco_20161026_udienza-generale.html\" target=\"_blank\" rel=\"noopener noreferrer\">Text<\/a><\/td>\n<td style=\"width: 39px; background-color: #74f5f7;\"><a href=\"http:\/\/www.horeb.org\/xyz\/podcast\/papstaudienz\/20161026audienz.mp3\" target=\"_blank\" rel=\"noopener noreferrer\">Audio<\/a><\/td>\n<td style=\"width: 66px; background-color: #d18e8e;\"><a href=\"https:\/\/www.youtube.com\/watch?v=YuzHJzrFVyY\" target=\"_blank\" rel=\"noopener noreferrer\">Video<\/a><\/td>\n<\/tr>\n<tr>\n<th style=\"background-color: #e6c86e; width: 80px;\"><strong>NOVEMBER<\/strong><\/th>\n<th style=\"background-color: #e6c86e; width: 26px;\"><strong>\u00a0Nr.<\/strong><\/th>\n<th style=\"background-color: #e6c86e; width: 26px;\"><strong>LEV<\/strong><\/th>\n<th style=\"background-color: #e6c86e; width: 39px;\"><strong>RH<\/strong><\/th>\n<th style=\"background-color: #e6c86e; width: 66px;\"><strong>YouTube<\/strong><\/th>\n<\/tr>\n<tr>\n<td style=\"width: 80px;\">09.11.2016<\/td>\n<td style=\"width: 26px;\"><a href=\"https:\/\/website.ifit.li\/?p=7654\" target=\"_blank\" rel=\"noopener noreferrer\">25<\/a><\/td>\n<td style=\"width: 26px;\"><a href=\"http:\/\/w2.vatican.va\/content\/francesco\/de\/audiences\/2016\/documents\/papa-francesco_20161109_udienza-generale.html\" target=\"_blank\" rel=\"noopener noreferrer\">Text<\/a><\/td>\n<td style=\"width: 39px; background-color: #74f5f7;\"><a href=\"http:\/\/www.horeb.org\/xyz\/podcast\/papstaudienz\/20161109audienz.mp3\" target=\"_blank\" rel=\"noopener noreferrer\">Audio<\/a><\/td>\n<td style=\"width: 66px; background-color: #d18e8e;\"><a href=\"https:\/\/www.youtube.com\/watch?v=32haXBFGquw\" target=\"_blank\" rel=\"noopener noreferrer\">Video<\/a><\/td>\n<\/tr>\n<tr>\n<td style=\"width: 80px;\">16.11.2016<\/td>\n<td style=\"width: 26px;\"><a href=\"https:\/\/website.ifit.li\/?p=7683\" target=\"_blank\" rel=\"noopener noreferrer\">26<\/a><\/td>\n<td style=\"width: 26px;\"><a href=\"http:\/\/w2.vatican.va\/content\/francesco\/de\/audiences\/2016\/documents\/papa-francesco_20161116_udienza-generale.html\" target=\"_blank\" rel=\"noopener noreferrer\">Text<\/a><\/td>\n<td style=\"width: 39px; background-color: #74f5f7;\"><a href=\"http:\/\/www.horeb.org\/xyz\/podcast\/papstaudienz\/20161116audienz.mp3\" target=\"_blank\" rel=\"noopener noreferrer\">Audio<\/a><\/td>\n<td style=\"width: 66px; background-color: #d18e8e;\">Video<\/td>\n<\/tr>\n<tr>\n<td style=\"width: 80px;\">23.11.2016<\/td>\n<td style=\"width: 26px;\"><a href=\"https:\/\/website.ifit.li\/?p=7708\" target=\"_blank\" rel=\"noopener noreferrer\">27<\/a><\/td>\n<td style=\"width: 26px;\"><a href=\"http:\/\/w2.vatican.va\/content\/francesco\/de\/audiences\/2016\/documents\/papa-francesco_20161123_udienza-generale.html\" target=\"_blank\" rel=\"noopener noreferrer\">Text<\/a><\/td>\n<td style=\"width: 39px; background-color: #74f5f7;\"><a href=\"http:\/\/www.horeb.org\/xyz\/podcast\/papstaudienz\/20161123audienz.mp3\" target=\"_blank\" rel=\"noopener noreferrer\">Audio<\/a><\/td>\n<td style=\"width: 66px; background-color: #d18e8e;\"><a href=\"https:\/\/www.youtube.com\/watch?v=FS0C4C7UmqQ\" target=\"_blank\" rel=\"noopener noreferrer\">Video<\/a><\/td>\n<\/tr>\n<tr>\n<td style=\"width: 80px;\">30.11.2016<\/td>\n<td style=\"width: 26px;\"><a href=\"https:\/\/website.ifit.li\/?p=7734\" target=\"_blank\" rel=\"noopener noreferrer\">28<\/a><\/td>\n<td style=\"width: 26px;\">Text<\/td>\n<td style=\"width: 39px; background-color: #74f5f7;\">Audio<\/td>\n<td style=\"width: 66px; background-color: #d18e8e;\">Video<\/td>\n<\/tr>\n<\/tbody>\n<\/table>\n\n\n<h3 class=\"wp-block-heading\">Weitere Hinweise und Quellen<\/h3>\n\n\n\n<ul class=\"wp-block-list\">\n<li><a href=\"https:\/\/www.heiligefaustina.de\/das-tagebuch\/\" target=\"_blank\" rel=\"noreferrer noopener\">Tagebuch der hl. Schwester Faustina<\/a><\/li>\n<\/ul>\n","protected":false},"excerpt":{"rendered":"<p>Jahr der Barmherzigkeit ist hier im Rahmen von Generalaudienzen zusammengefasst Das ausserordentliche Jubeljahr der Barmherzigkeit wurde als Heiliges Jahr am 8. Dezember 2015, dem Hochfest der ohne Erbs\u00fcnde empfangenen Jungfrau und Gottesmutter Maria, er\u00f6ffnet. Dieses liturgische Fest weist darauf hin, wie Gott seit Anbeginn unserer Geschichte gehandelt hat. Das Jubil\u00e4umsjahr endete mit dem Christk\u00f6nigssonntag am &hellip; <a href=\"https:\/\/website.ifit.li\/?p=8253\" class=\"more-link\"><span class=\"screen-reader-text\">Katechesen von Papst Franziskus im Jahr der Barmherzigkeit<\/span> weiterlesen <span class=\"meta-nav\">&rarr;<\/span><\/a><\/p>\n","protected":false},"author":1,"featured_media":6255,"comment_status":"closed","ping_status":"open","sticky":false,"template":"","format":"standard","meta":{"footnotes":""},"categories":[2,285],"tags":[222,129,191,548,554,58],"class_list":["post-8253","post","type-post","status-publish","format-standard","has-post-thumbnail","hentry","category-kirche","category-lehramt","tag-analogie","tag-barmherzigkeit","tag-jahr-der-barmherzigkeit","tag-lehramt","tag-papst","tag-papst-franziskus"],"_links":{"self":[{"href":"https:\/\/website.ifit.li\/index.php?rest_route=\/wp\/v2\/posts\/8253","targetHints":{"allow":["GET"]}}],"collection":[{"href":"https:\/\/website.ifit.li\/index.php?rest_route=\/wp\/v2\/posts"}],"about":[{"href":"https:\/\/website.ifit.li\/index.php?rest_route=\/wp\/v2\/types\/post"}],"author":[{"embeddable":true,"href":"https:\/\/website.ifit.li\/index.php?rest_route=\/wp\/v2\/users\/1"}],"replies":[{"embeddable":true,"href":"https:\/\/website.ifit.li\/index.php?rest_route=%2Fwp%2Fv2%2Fcomments&post=8253"}],"version-history":[{"count":67,"href":"https:\/\/website.ifit.li\/index.php?rest_route=\/wp\/v2\/posts\/8253\/revisions"}],"predecessor-version":[{"id":39291,"href":"https:\/\/website.ifit.li\/index.php?rest_route=\/wp\/v2\/posts\/8253\/revisions\/39291"}],"wp:featuredmedia":[{"embeddable":true,"href":"https:\/\/website.ifit.li\/index.php?rest_route=\/wp\/v2\/media\/6255"}],"wp:attachment":[{"href":"https:\/\/website.ifit.li\/index.php?rest_route=%2Fwp%2Fv2%2Fmedia&parent=8253"}],"wp:term":[{"taxonomy":"category","embeddable":true,"href":"https:\/\/website.ifit.li\/index.php?rest_route=%2Fwp%2Fv2%2Fcategories&post=8253"},{"taxonomy":"post_tag","embeddable":true,"href":"https:\/\/website.ifit.li\/index.php?rest_route=%2Fwp%2Fv2%2Ftags&post=8253"}],"curies":[{"name":"wp","href":"https:\/\/api.w.org\/{rel}","templated":true}]}}