{"id":7823,"date":"2017-01-23T22:16:58","date_gmt":"2017-01-23T21:16:58","guid":{"rendered":"https:\/\/ifit.ch\/wordpress\/?p=7823"},"modified":"2021-10-20T15:24:14","modified_gmt":"2021-10-20T13:24:14","slug":"aus-der-ferne-geld-spenden-und-fuer-frieden-beten-ist-nicht-genug","status":"publish","type":"post","link":"https:\/\/website.ifit.li\/?p=7823","title":{"rendered":"Aus der Ferne Geld spenden und f\u00fcr Frieden beten, ist nicht genug"},"content":{"rendered":"<h2>Pfarrer Ruedi Beck berichtet \u00fcber die verratenen\u00a0Christen in Syrien<\/h2>\n<figure id=\"attachment_7828\" aria-describedby=\"caption-attachment-7828\" style=\"width: 300px\" class=\"wp-caption alignleft\"><a href=\"https:\/\/ml2mintiuscj.i.optimole.com\/w:auto\/h:auto\/q:mauto\/f:best\/https:\/\/website.ifit.li\/wp-content\/uploads\/2017\/01\/Ruedi-Beck.jpg\"><img data-opt-id=1498384906  fetchpriority=\"high\" decoding=\"async\" class=\"size-medium wp-image-7828\" src=\"https:\/\/ml2mintiuscj.i.optimole.com\/w:300\/h:221\/q:mauto\/f:best\/https:\/\/website.ifit.li\/wp-content\/uploads\/2017\/01\/Ruedi-Beck.jpg\" alt=\"Bild: Pfarrer Ruedi Beck\" width=\"300\" height=\"221\" srcset=\"https:\/\/ml2mintiuscj.i.optimole.com\/w:300\/h:221\/q:mauto\/f:best\/https:\/\/website.ifit.li\/wp-content\/uploads\/2017\/01\/Ruedi-Beck.jpg 300w, https:\/\/ml2mintiuscj.i.optimole.com\/w:768\/h:566\/q:mauto\/f:best\/https:\/\/website.ifit.li\/wp-content\/uploads\/2017\/01\/Ruedi-Beck.jpg 768w, https:\/\/ml2mintiuscj.i.optimole.com\/w:1024\/h:755\/q:mauto\/f:best\/https:\/\/website.ifit.li\/wp-content\/uploads\/2017\/01\/Ruedi-Beck.jpg 1024w, https:\/\/ml2mintiuscj.i.optimole.com\/w:1465\/h:1080\/q:mauto\/f:best\/https:\/\/website.ifit.li\/wp-content\/uploads\/2017\/01\/Ruedi-Beck.jpg 1524w\" sizes=\"(max-width: 300px) 100vw, 300px\" \/><\/a><figcaption id=\"caption-attachment-7828\" class=\"wp-caption-text\">Pfarrer Ruedi Beck, Pfarrer Hofkirche, Luzern<\/figcaption><\/figure>\n<p><span style=\"margin: 0px; font-family: 'Calibri','sans-serif'; font-size: 11pt;\"><span style=\"color: #000000;\">Wenn wir an Syrien denken, dann kommt uns spontan der seit\u00a0bald sechs Jahren dauernde Krieg in den Sinn. Endlose Verhandlungen in Genf, Moskau, Washington und aktuell im kasachstanischen\u00a0<a href=\"https:\/\/de.wikipedia.org\/wiki\/Astana\" target=\"_blank\" rel=\"noopener\">Astana <\/a>brachten bislang keinen Frieden. Millionen von Menschen sind auf der Flucht, Hunderttausende wurden get\u00f6tet. Wie allerdings der Alltag der Menschen aussieht, dar\u00fcber ist wenig bekannt. <\/span><\/span><span style=\"margin: 0px; font-family: 'Calibri','sans-serif'; font-size: 11pt;\"><span style=\"color: #000000;\">Nachdem er seinen Dienst in der Stadt Basel beendet hatte, verbrachte Pfarrer Ruedi Beck letztes Jahr zwei Monate in Syrien. In den Monaten Juni und Juli lebte er mit Christen in der Provinz <a href=\"https:\/\/www.google.ch\/maps\/place\/Al-Hamah,+Syrien\/@35.1368088,36.6801961,12z\/data=!3m1!4b1!4m5!3m4!1s0x1524828fcdd5b865:0x62d43f56ee62b5ef!8m2!3d35.1408881!4d36.7551993\" target=\"_blank\" rel=\"noopener\">Hama<\/a> und\u00a0<span style=\"font-family: Calibri;\">berichtet <\/span>uns am Mittwoch, 25. Januar 2017, \u00fcber diese in Syrien gemachten dramatischen Erfahrungen.<\/span><\/span><!--more--><\/p>\n<h3>Der christliche Alltag in einem Kriegsland<\/h3>\n<p><span style=\"margin: 0px; font-family: 'Calibri','sans-serif'; font-size: 11pt;\"><span style=\"color: #000000;\">Der Grund seiner Reise und seines Aufenthalts in Syrien war folgende Aussage von Syrischen Christen: \u201eDas Schlimmste in diesem Krieg f\u00fcr uns ist das Gef\u00fchl, das unsere Schwestern und Br\u00fcder im Westen uns vergessen und teils sogar verraten haben.\u201c\u00a0Pfarrer Beck besch\u00e4ftigte diese Aussage sehr. Aus der Ferne Geld zu spenden und f\u00fcr Frieden zu beten, erschien ihm pl\u00f6tzlich nicht mehr genug. Ihn zog es nach Syrien \u2013 er wollte den syrischen Christen zeigen, dass ihm ihr Schicksal nicht gleichg\u00fcltig ist. <\/span><\/span><span style=\"margin: 0px; font-family: 'Calibri','sans-serif'; font-size: 11pt;\"><span style=\"color: #000000;\">Beim Vortrag von Pfarrer Beck \u00fcber die beiden Monate in Syrien stehend folgend Fragen im Mittelpunkt: <\/span><span style=\"color: #000000;\">\u00a0<\/span><span style=\"color: #000000;\">\u201eWie sieht das t\u00e4gliche Leben in Syrien aus? Wie leben die verschiedenen Religionsgemeinschaften in Syrien zusammen? Was k\u00f6nnen wir f\u00fcr die Menschen in Syrien tun?\u201c Der Abend soll eine Auseinandersetzung mit der tragischen Situation von Menschen sein. Im Zentrum stehen die Menschen, die seit Ausbruch des Kriegs dort ausharren, auf eine bessere Zukunft hoffen und ihren Glauben an das Gute nicht verloren haben. Der Vortrag von Pfarrer Ruedi Beck findet <span style=\"font-family: Calibri;\">am Mittwoch, 25.Januar 2017, in Basel in der Pfarrei St. Joseph statt. Alle sind herzlich dazu eingeladen.<\/span><\/span><\/span><\/p>\n<h3>Kirche in Not hilf schon seit Jahrzehnten Christen im Nahen Osten<\/h3>\n<figure id=\"attachment_7830\" aria-describedby=\"caption-attachment-7830\" style=\"width: 150px\" class=\"wp-caption alignleft\"><a href=\"https:\/\/ml2mintiuscj.i.optimole.com\/w:auto\/h:auto\/q:mauto\/f:best\/https:\/\/website.ifit.li\/wp-content\/uploads\/2017\/01\/Lucia-Wicki-Rensch.jpg\"><img data-opt-id=1929686313  fetchpriority=\"high\" decoding=\"async\" class=\"size-thumbnail wp-image-7830\" src=\"https:\/\/ml2mintiuscj.i.optimole.com\/w:150\/h:150\/q:mauto\/rt:fill\/g:ce\/f:best\/https:\/\/website.ifit.li\/wp-content\/uploads\/2017\/01\/Lucia-Wicki-Rensch.jpg\" alt=\"Bild: Kirche in Not\" width=\"150\" height=\"150\" \/><\/a><figcaption id=\"caption-attachment-7830\" class=\"wp-caption-text\">Frau Lucia Wicki-Rensch ist Informationsbeauftragte bei Kirche in Not, Schweiz und F\u00fcrstentum Liechtenstein<\/figcaption><\/figure>\n<p>Der Vortragsabend von Pfarrer Ruedi Beck wird zusammen mit dem katholischen Hilfswerk <a href=\"http:\/\/www.kirche-in-not.ch\" target=\"_blank\" rel=\"noopener\"><u><span style=\"color: #0066cc;\">Kirche in Not<\/span><\/u><\/a> durchgef\u00fchrt. Frau Lucia Wicki-Resch, verantwortlich f\u00fcr Kommunikation und Information bei <a href=\"http:\/\/www.kirche-in-not.ch\" target=\"_blank\" rel=\"noopener\">Kirche in Not<\/a>, wird in die Veranstaltung einf\u00fchren.\u00a0Das Hilfswerk steht den Christen im Nahen Osten seit Jahrzehnten bei. Seit Ausbruch des Krieges in Syrien wurde die dortige Hilfe intensiviert. In Aleppo, Homs, Damaskus und weiteren St\u00e4dten wurden mehr als 16,5 Mio. Schweizer Franken f\u00fcr Hilfsprojekte aufgewendet. Finanziert wurden Grundnahrungsmittel, Medikamente, medizinische Erstversorgung, Mieten f\u00fcr Unterk\u00fcnfte sowie Aufwendungen f\u00fcr Heizung und Elektrizit\u00e4t. Die Mittel dienen auch den pastoralen wie karitativen Initiativen von Christen in Syrien, die in vielen Gemeinden ihren Landsleuten Unterkunft und Betreuung erm\u00f6glichen.<\/p>\n<h3>Pfarrer Ruedi Beck spricht \u00fcber Syrien, Pfarrei St. Joseph, Basel<\/h3>\n<p><span style=\"margin: 0px; font-family: 'Calibri','sans-serif'; font-size: 14pt;\"><span style=\"color: #000000;\">(<\/span><\/span><span lang=\"DE\" style=\"margin: 0px; font-family: 'Calibri','sans-serif'; font-size: 12pt;\"><span style=\"color: #000000;\">Pfarreisaal St. Joseph, Markgr\u00e4flerstrasse 14 A, 4057 Basel)<\/span><\/span><\/p>\n<table border=\"2\" cellpadding=\"2\">\n<tbody>\n<tr style=\"height: 36px;\">\n<th style=\"width: 84.11px; height: 36px; text-align: center; vertical-align: middle;\">\n<h4>\u00a0Datum<\/h4>\n<\/th>\n<th style=\"width: 57.17px; height: 36px; text-align: center; vertical-align: middle;\">\n<h4>Zeit<\/h4>\n<\/th>\n<th style=\"width: 228.44px; height: 36px; text-align: center; vertical-align: middle;\">\n<h4>\u00a0Ort<\/h4>\n<\/th>\n<th style=\"width: 66.28px; height: 36px; text-align: center; vertical-align: middle;\">\n<h4>Kanton<\/h4>\n<\/th>\n<\/tr>\n<tr style=\"height: 24px;\">\n<td style=\"width: 84.11px; height: 24px; vertical-align: middle;\">\u00a025.01.2017<\/td>\n<td style=\"width: 57.17px; height: 24px; text-align: center; vertical-align: middle;\">19:30<br \/>\nbis 21:30<\/td>\n<td style=\"width: 228.44px; height: 24px;\"><a href=\"https:\/\/www.google.com\/maps\/place\/Markgr%C3%A4flerstrasse+14,+4057+Basel,+Schweiz\/@47.5699266,7.5888425,17z\/data=!3m1!4b1!4m5!3m4!1s0x4791b9a24fb37c8d:0xc8dffa69656797ef!8m2!3d47.569923!4d7.5910365\" target=\"_blank\" rel=\"noopener\"><u><span style=\"color: #0066cc;\">Basel<\/span><\/u><\/a>, <span style=\"margin: 0px; font-family: 'Calibri','sans-serif'; font-size: 13pt;\"><span style=\"color: #000000;\">Vortrag im Pfarreisaal St. Joseph<\/span><\/span><\/p>\n<ul>\n<li><span style=\"margin: 0px; font-family: 'Calibri','sans-serif'; font-size: 13pt;\"><span style=\"color: #000000;\">Einf\u00fchrung durch Lucia Wicki-Rentsch<\/span><\/span><\/li>\n<li><span style=\"margin: 0px; font-family: 'Calibri','sans-serif'; font-size: 13pt;\"><span style=\"color: #000000;\">Vortrag von Pfarrer Ruedi Beck<\/span><\/span><\/li>\n<li><span style=\"margin: 0px; font-family: 'Calibri','sans-serif'; font-size: 13pt;\"><span style=\"color: #000000;\">Fragen des Publikums<\/span><\/span><\/li>\n<li><span style=\"margin: 0px; font-family: 'Calibri','sans-serif'; font-size: 13pt;\"><span style=\"color: #000000;\">Ap\u00e9ro<br \/>\n<\/span><\/span><\/li>\n<\/ul>\n<\/td>\n<td style=\"width: 66.28px; height: 121.12px; text-align: center; vertical-align: middle;\">\u00a0BS<\/td>\n<\/tr>\n<\/tbody>\n<\/table>\n<h2><b>Spenden mit Vermerk \u00abSyrien\u00bb k\u00f6nnen gerichtet werden an:<\/b><\/h2>\n<p><strong><a href=\"http:\/\/www.acn-intl.org\/\" target=\"_blank\" rel=\"noopener\"><\/a><\/strong>Kirche in Not<br \/>\nAide \u00e0 l&#8217;\u00c9glise en D\u00e9tresse<br \/>\nAid to the Church in Need<\/p>\n<p><strong>\u00a0\u00a0\u00a0\u00a0\u00a0\u00a0\u00a0<a href=\"http:\/\/www.acn-intl.org\/\" target=\"_blank\" rel=\"noopener\"><u><span style=\"color: #0066cc;\">ACN<\/span><\/u><\/a>\u00a0\u00a0\u00a0\u00a0\u00a0\u00a0\u00a0\u00a0\u00a0\u00a0\u00a0\u00a0\u00a0 <a href=\"http:\/\/www.kirche-in-not.ch\" target=\"_blank\" rel=\"noopener\"><u><span style=\"color: #0066cc;\">SCHWEIZ\u00a0\u00a0\u00a0 \u00a0\u00a0LIECHTENSTEIN<\/span><\/u><\/a><br \/>\n<\/strong><u><span style=\"color: #0066cc;\"><br \/>\n<\/span><\/u> Cysatstrasse 6, 6004 Luzern<\/p>\n<p><strong>Postkonto 60-17200-9<\/strong><br \/>\nIBAN CH55 0900 0000 6001 7200 9<\/p>\n<p><strong>Luzerner Kantonalbank<br \/>\n<\/strong>Kto-Nr. 01-00-177930-10<br \/>\nIBAN CH38 0077 8010 0177 9301 0<br \/>\nBIC\/SWIFT LUKBCH2260A<\/p>\n","protected":false},"excerpt":{"rendered":"<p>Pfarrer Ruedi Beck berichtet \u00fcber die verratenen\u00a0Christen in Syrien Wenn wir an Syrien denken, dann kommt uns spontan der seit\u00a0bald sechs Jahren dauernde Krieg in den Sinn. Endlose Verhandlungen in Genf, Moskau, Washington und aktuell im kasachstanischen\u00a0Astana brachten bislang keinen Frieden. Millionen von Menschen sind auf der Flucht, Hunderttausende wurden get\u00f6tet. Wie allerdings der Alltag &hellip; <a href=\"https:\/\/website.ifit.li\/?p=7823\" class=\"more-link\"><span class=\"screen-reader-text\">Aus der Ferne Geld spenden und f\u00fcr Frieden beten, ist nicht genug<\/span> weiterlesen <span class=\"meta-nav\">&rarr;<\/span><\/a><\/p>\n","protected":false},"author":1,"featured_media":7829,"comment_status":"closed","ping_status":"open","sticky":false,"template":"","format":"standard","meta":{"footnotes":""},"categories":[2],"tags":[129,170,217,235,230,30,31,33,189],"class_list":["post-7823","post","type-post","status-publish","format-standard","has-post-thumbnail","hentry","category-kirche","tag-barmherzigkeit","tag-christ","tag-christentum","tag-dienst","tag-gebet","tag-kirche-in-not","tag-liebe","tag-menschenrecht","tag-tod"],"_links":{"self":[{"href":"https:\/\/website.ifit.li\/index.php?rest_route=\/wp\/v2\/posts\/7823","targetHints":{"allow":["GET"]}}],"collection":[{"href":"https:\/\/website.ifit.li\/index.php?rest_route=\/wp\/v2\/posts"}],"about":[{"href":"https:\/\/website.ifit.li\/index.php?rest_route=\/wp\/v2\/types\/post"}],"author":[{"embeddable":true,"href":"https:\/\/website.ifit.li\/index.php?rest_route=\/wp\/v2\/users\/1"}],"replies":[{"embeddable":true,"href":"https:\/\/website.ifit.li\/index.php?rest_route=%2Fwp%2Fv2%2Fcomments&post=7823"}],"version-history":[{"count":13,"href":"https:\/\/website.ifit.li\/index.php?rest_route=\/wp\/v2\/posts\/7823\/revisions"}],"predecessor-version":[{"id":38582,"href":"https:\/\/website.ifit.li\/index.php?rest_route=\/wp\/v2\/posts\/7823\/revisions\/38582"}],"wp:featuredmedia":[{"embeddable":true,"href":"https:\/\/website.ifit.li\/index.php?rest_route=\/wp\/v2\/media\/7829"}],"wp:attachment":[{"href":"https:\/\/website.ifit.li\/index.php?rest_route=%2Fwp%2Fv2%2Fmedia&parent=7823"}],"wp:term":[{"taxonomy":"category","embeddable":true,"href":"https:\/\/website.ifit.li\/index.php?rest_route=%2Fwp%2Fv2%2Fcategories&post=7823"},{"taxonomy":"post_tag","embeddable":true,"href":"https:\/\/website.ifit.li\/index.php?rest_route=%2Fwp%2Fv2%2Ftags&post=7823"}],"curies":[{"name":"wp","href":"https:\/\/api.w.org\/{rel}","templated":true}]}}