{"id":7803,"date":"2017-01-18T22:01:33","date_gmt":"2017-01-18T21:01:33","guid":{"rendered":"https:\/\/ifit.ch\/wordpress\/?p=7803"},"modified":"2024-06-18T10:26:34","modified_gmt":"2024-06-18T08:26:34","slug":"70jaehriges-jubilaeum-des-paepstlichen-hilfswerks-kirche-in-not","status":"publish","type":"post","link":"https:\/\/website.ifit.li\/?p=7803","title":{"rendered":"70j\u00e4hriges Jubil\u00e4um des p\u00e4pstlichen Hilfswerks \u00abKirche in Not\u00bb"},"content":{"rendered":"<h2>Nuntius Msgr. Thomas Gullickson feiert in\u00a0Jesuitenkirche Luzern eine Heilige Messe<\/h2>\n<figure id=\"attachment_7806\" aria-describedby=\"caption-attachment-7806\" style=\"width: 300px\" class=\"wp-caption alignleft\"><a href=\"https:\/\/ml2mintiuscj.i.optimole.com\/w:auto\/h:auto\/q:mauto\/f:best\/https:\/\/website.ifit.li\/wp-content\/uploads\/2017\/01\/Msgr.-T.-Gullickson.jpg\"><img data-opt-id=567510019  fetchpriority=\"high\" decoding=\"async\" class=\"size-medium wp-image-7806\" src=\"https:\/\/ml2mintiuscj.i.optimole.com\/w:300\/h:227\/q:mauto\/f:best\/https:\/\/website.ifit.li\/wp-content\/uploads\/2017\/01\/Msgr.-T.-Gullickson.jpg\" alt=\"Bild: Nuntius Msgr. Thomas Gullickson\" width=\"300\" height=\"227\" srcset=\"https:\/\/ml2mintiuscj.i.optimole.com\/w:300\/h:227\/q:mauto\/f:best\/https:\/\/website.ifit.li\/wp-content\/uploads\/2017\/01\/Msgr.-T.-Gullickson.jpg 300w, https:\/\/ml2mintiuscj.i.optimole.com\/w:768\/h:581\/q:mauto\/f:best\/https:\/\/website.ifit.li\/wp-content\/uploads\/2017\/01\/Msgr.-T.-Gullickson.jpg 768w, https:\/\/ml2mintiuscj.i.optimole.com\/w:1024\/h:774\/q:mauto\/f:best\/https:\/\/website.ifit.li\/wp-content\/uploads\/2017\/01\/Msgr.-T.-Gullickson.jpg 1024w, https:\/\/ml2mintiuscj.i.optimole.com\/w:1428\/h:1080\/q:mauto\/f:best\/https:\/\/website.ifit.li\/wp-content\/uploads\/2017\/01\/Msgr.-T.-Gullickson.jpg 1700w\" sizes=\"(max-width: 300px) 100vw, 300px\" \/><\/a><figcaption id=\"caption-attachment-7806\" class=\"wp-caption-text\">Nuntius Msgr. Thomas Gullickson in der Ukraine<\/figcaption><\/figure>\n<p>F\u00fcr \u00abKirche in Not\u00bb (<a href=\"http:\/\/www.acn-intl.org\/\" target=\"_blank\" rel=\"noopener\"><u><span style=\"color: #0066cc;\">ACN<\/span><\/u><\/a>) und die ganze Zentralschweiz ist es eine grosse Freude und Ehre, dass der Apostolische Nuntius der Schweiz, Msgr. Thomas Gullickson,\u00a0in Luzern anwesend sein wird. Er weilt auf Einladung des Hilfswerks \u00abKirche in Not\u00bb (ACN)\u00a0in der Stadt und gedenkt im Gottesdienst um 10.00 Uhr der verfolgten Christen weltweit und des Gr\u00fcnders des Hilfswerks, Pater Werenfried van Straaten. Ebenfalls feiert das Hilfswerk 2017 sein 70j\u00e4hriges Bestehen. Alle Gl\u00e4ubigen und Interessierten sind am Sonntag, 22. Januar 2017, zum Gottesdienst in der Jesuitenkirche herzlich eingeladen. Der Jodelclub M\u00e4nnertreu Oberarth umrahmt den Gottesdienst musikalisch. Nuntius Msgr. Thomas Gullickson freut sich auf Luzern und darauf, Sie pers\u00f6nlich begr\u00fcssen zu d\u00fcrfen.<!--more--><\/p>\n<h3>Wer ist Msgr. Thomas Edward Gullickson?<\/h3>\n<figure id=\"attachment_7810\" aria-describedby=\"caption-attachment-7810\" style=\"width: 225px\" class=\"wp-caption alignleft\"><a href=\"https:\/\/ml2mintiuscj.i.optimole.com\/w:auto\/h:auto\/q:mauto\/f:best\/https:\/\/website.ifit.li\/wp-content\/uploads\/2017\/01\/Fluechtlingsfamilie.jpg\"><img data-opt-id=1131648604  fetchpriority=\"high\" decoding=\"async\" class=\"size-medium wp-image-7810\" src=\"https:\/\/ml2mintiuscj.i.optimole.com\/w:225\/h:300\/q:mauto\/f:best\/https:\/\/website.ifit.li\/wp-content\/uploads\/2017\/01\/Fluechtlingsfamilie.jpg\" alt=\"Bild: \u00abKirche in Not (ACN)\u00bb\" width=\"225\" height=\"300\" srcset=\"https:\/\/ml2mintiuscj.i.optimole.com\/w:225\/h:300\/q:mauto\/f:best\/https:\/\/website.ifit.li\/wp-content\/uploads\/2017\/01\/Fluechtlingsfamilie.jpg 225w, https:\/\/ml2mintiuscj.i.optimole.com\/w:768\/h:1024\/q:mauto\/f:best\/https:\/\/website.ifit.li\/wp-content\/uploads\/2017\/01\/Fluechtlingsfamilie.jpg 768w, https:\/\/ml2mintiuscj.i.optimole.com\/w:810\/h:1080\/q:mauto\/f:best\/https:\/\/website.ifit.li\/wp-content\/uploads\/2017\/01\/Fluechtlingsfamilie.jpg 1224w\" sizes=\"(max-width: 225px) 100vw, 225px\" \/><\/a><figcaption id=\"caption-attachment-7810\" class=\"wp-caption-text\">Eine Familie im Irak. Die Fl\u00fcchtlinge fanden Aufnahme im von \u00abKirche in Not (ACN)\u00bb) finanzierten \u201eWerenfried Village\u201c in der N\u00e4he von Erbil<\/figcaption><\/figure>\n<p>Thomas Gullickson stammt aus Sioux Falls, South Dakota, USA, wo er am 14. August 1950 geboren wurde. Er studierte Philosophie und Theologie. Die Priesterweihe empfing er am 27. Juni 1976. Sein Doktorat erhielt er 1985 an der P\u00e4pstlichen Universit\u00e4t Gregoriana. Im selben Jahr trat er in den Diplomatischen Dienst des Heiligen Stuhls ein. Er war unter anderem in Ruanda, \u00d6sterreich, in der Tschechoslowakei, in Israel und Deutschland t\u00e4tig. Papst Johannes Paul II. ernannte ihn am 2. Oktober 2004 zum Apostolischen Nuntius f\u00fcr Trinidad und Tobago, die Bahamas, Dominica, St. Kitts und Nevis, St. Vincent und die Grenadinen und Surinam. Papst Benedikt XVI. berief ihn am 21. Mai 2011 zum Vertreter des Heiligen Stuhls in der Ukraine. Rund vier Jahre sp\u00e4ter entsandte ihn Papst Franziskus als Apostolischen Nuntius f\u00fcr die Schweiz und Liechtenstein nach Bern.<\/p>\n<h3>70 Jahre Hilfswerk \u00abKirche in Not\u00bb<\/h3>\n<figure id=\"attachment_7807\" aria-describedby=\"caption-attachment-7807\" style=\"width: 199px\" class=\"wp-caption alignleft\"><a href=\"https:\/\/ml2mintiuscj.i.optimole.com\/w:auto\/h:auto\/q:mauto\/f:best\/https:\/\/website.ifit.li\/wp-content\/uploads\/2017\/01\/Pater-Werenfried-van-Straaten.jpg\"><img data-opt-id=1709924272  fetchpriority=\"high\" decoding=\"async\" class=\"size-medium wp-image-7807\" src=\"https:\/\/ml2mintiuscj.i.optimole.com\/w:199\/h:300\/q:mauto\/f:best\/https:\/\/website.ifit.li\/wp-content\/uploads\/2017\/01\/Pater-Werenfried-van-Straaten.jpg\" alt=\"Bild: \u00abKirche in Not (ACN)\u00bb\" width=\"199\" height=\"300\" srcset=\"https:\/\/ml2mintiuscj.i.optimole.com\/w:199\/h:300\/q:mauto\/f:best\/https:\/\/website.ifit.li\/wp-content\/uploads\/2017\/01\/Pater-Werenfried-van-Straaten.jpg 199w, https:\/\/ml2mintiuscj.i.optimole.com\/w:715\/h:1080\/q:mauto\/f:best\/https:\/\/website.ifit.li\/wp-content\/uploads\/2017\/01\/Pater-Werenfried-van-Straaten.jpg 768w, https:\/\/ml2mintiuscj.i.optimole.com\/w:678\/h:1024\/q:mauto\/f:best\/https:\/\/website.ifit.li\/wp-content\/uploads\/2017\/01\/Pater-Werenfried-van-Straaten.jpg 678w, https:\/\/ml2mintiuscj.i.optimole.com\/w:715\/h:1080\/q:mauto\/f:best\/https:\/\/website.ifit.li\/wp-content\/uploads\/2017\/01\/Pater-Werenfried-van-Straaten.jpg 795w\" sizes=\"(max-width: 199px) 100vw, 199px\" \/><\/a><figcaption id=\"caption-attachment-7807\" class=\"wp-caption-text\">Pater Werenfried van Straaten mit einem Schweinchen<\/figcaption><\/figure>\n<p>Die Geschichte des Hilfswerks \u00abKirche in Not\u00bb (<a href=\"http:\/\/www.acn-intl.org\/\" target=\"_blank\" rel=\"noopener\"><u><span style=\"color: #0066cc;\">ACN<\/span><\/u><\/a>) beginnt nach dem Zweiten Weltkrieg: Pater Werenfried van Straaten, ein junger M\u00f6nch aus der Pr\u00e4monstratenser-Abtei Tongerlo (Belgien), rief 1947 in seiner Heimat sowie in Holland zur Hilfe auf f\u00fcr die Millionen von Heimatvertriebenen aus Mittel- und Osteuropa. Trotz schlechter Erinnerungen an die deutschen Besatzer wurde der Spendenaufruf von den Bewohnern dieser L\u00e4nder beherzigt. So entstand das Hilfswerk als Zeichen der N\u00e4chstenliebe. Seit 1950 kam Pater Werenfried, der \u201eSpeckpater\u201c, auch den verfolgten Christen hinter dem Eisernen Vorhang zu Hilfe. 1961 bat Papst Johannes XXIII. \u00abKirche in Not\u00bb(ACN), ihre Unterst\u00fctzung auf Lateinamerika, Asien und Afrika auszudehnen. Mittlerweile ist das Hilfswerk rund um den Globus in 146 L\u00e4ndern t\u00e4tig. In der Schweiz ist es seit 1966 vertreten. Der Schwerpunkt des Hilfswerks liegt neben der pastoralen Hilfe beim Einsatz f\u00fcr die verfolgten Christen weltweit. In den letzten Jahren wurde insbesondere die Hilfe in Syrien und im Irak verst\u00e4rkt.<\/p>\n","protected":false},"excerpt":{"rendered":"<p>Nuntius Msgr. Thomas Gullickson feiert in\u00a0Jesuitenkirche Luzern eine Heilige Messe F\u00fcr \u00abKirche in Not\u00bb (ACN) und die ganze Zentralschweiz ist es eine grosse Freude und Ehre, dass der Apostolische Nuntius der Schweiz, Msgr. Thomas Gullickson,\u00a0in Luzern anwesend sein wird. Er weilt auf Einladung des Hilfswerks \u00abKirche in Not\u00bb (ACN)\u00a0in der Stadt und gedenkt im Gottesdienst &hellip; <a href=\"https:\/\/website.ifit.li\/?p=7803\" class=\"more-link\"><span class=\"screen-reader-text\">70j\u00e4hriges Jubil\u00e4um des p\u00e4pstlichen Hilfswerks \u00abKirche in Not\u00bb<\/span> weiterlesen <span class=\"meta-nav\">&rarr;<\/span><\/a><\/p>\n","protected":false},"author":1,"featured_media":7808,"comment_status":"closed","ping_status":"open","sticky":false,"template":"","format":"standard","meta":{"footnotes":""},"categories":[2],"tags":[126,30,548,33,554,88,58],"class_list":["post-7803","post","type-post","status-publish","format-standard","has-post-thumbnail","hentry","category-kirche","tag-hl-johannes-paul-ii","tag-kirche-in-not","tag-lehramt","tag-menschenrecht","tag-papst","tag-papst-benedikt-xvi","tag-papst-franziskus"],"_links":{"self":[{"href":"https:\/\/website.ifit.li\/index.php?rest_route=\/wp\/v2\/posts\/7803","targetHints":{"allow":["GET"]}}],"collection":[{"href":"https:\/\/website.ifit.li\/index.php?rest_route=\/wp\/v2\/posts"}],"about":[{"href":"https:\/\/website.ifit.li\/index.php?rest_route=\/wp\/v2\/types\/post"}],"author":[{"embeddable":true,"href":"https:\/\/website.ifit.li\/index.php?rest_route=\/wp\/v2\/users\/1"}],"replies":[{"embeddable":true,"href":"https:\/\/website.ifit.li\/index.php?rest_route=%2Fwp%2Fv2%2Fcomments&post=7803"}],"version-history":[{"count":12,"href":"https:\/\/website.ifit.li\/index.php?rest_route=\/wp\/v2\/posts\/7803\/revisions"}],"predecessor-version":[{"id":38640,"href":"https:\/\/website.ifit.li\/index.php?rest_route=\/wp\/v2\/posts\/7803\/revisions\/38640"}],"wp:featuredmedia":[{"embeddable":true,"href":"https:\/\/website.ifit.li\/index.php?rest_route=\/wp\/v2\/media\/7808"}],"wp:attachment":[{"href":"https:\/\/website.ifit.li\/index.php?rest_route=%2Fwp%2Fv2%2Fmedia&parent=7803"}],"wp:term":[{"taxonomy":"category","embeddable":true,"href":"https:\/\/website.ifit.li\/index.php?rest_route=%2Fwp%2Fv2%2Fcategories&post=7803"},{"taxonomy":"post_tag","embeddable":true,"href":"https:\/\/website.ifit.li\/index.php?rest_route=%2Fwp%2Fv2%2Ftags&post=7803"}],"curies":[{"name":"wp","href":"https:\/\/api.w.org\/{rel}","templated":true}]}}