{"id":7734,"date":"2016-11-30T23:54:05","date_gmt":"2016-11-30T22:54:05","guid":{"rendered":"https:\/\/ifit.ch\/wordpress\/?p=7734"},"modified":"2024-06-18T10:27:29","modified_gmt":"2024-06-18T08:27:29","slug":"fuer-lebende-und-tote-beten-und-tote-beerdigen-selbst-in-gefahr","status":"publish","type":"post","link":"https:\/\/website.ifit.li\/?p=7734","title":{"rendered":"F\u00fcr Lebende und Tote beten und Tote beerdigen &#8211; auch in Gefahr"},"content":{"rendered":"<h2>28.\u00a0Katechese zur Barmherzigkeit im Licht des Neuen Testaments von Papst Franziskus<\/h2>\n<p><a href=\"https:\/\/ml2mintiuscj.i.optimole.com\/w:auto\/h:auto\/q:mauto\/f:best\/https:\/\/website.ifit.li\/wp-content\/uploads\/2015\/11\/Genealaudienz-mit-Papst-Franziskus.jpg\"><img data-opt-id=268388314  fetchpriority=\"high\" decoding=\"async\" class=\"alignleft size-full wp-image-6273\" src=\"https:\/\/ml2mintiuscj.i.optimole.com\/w:auto\/h:auto\/q:mauto\/f:best\/https:\/\/website.ifit.li\/wp-content\/uploads\/2015\/11\/Genealaudienz-mit-Papst-Franziskus.jpg\" alt=\"Bild: Internet\" width=\"266\" height=\"189\" \/><\/a>Bei der Generalaudienz vom Mittwoch, 30. November 2016,\u00a0wurde der Zyklus, der\u00a0der Barmherzigkeit Gottes gewidmet war, abgeschlossen. Aber die Barmherzigkeit Gottes muss nat\u00fcrlich weitergehen, nur die Katechese h\u00f6rt auf, so der Papst. Danken wir dem Herrn f\u00fcr all das und behalten wir es im Herzen als Trost und St\u00e4rkung. Das letzte geistliche Werk der Barmherzigkeit heisst &#171;Beten f\u00fcr die Lebenden und Verstorbenen.&#187; Und dem k\u00f6nnen wir aus das letzte leibliche Werk der Barmherzigkeit anschliessen: &#171;Tote beerdigen.&#187; Das scheint vielleicht ein bisschen seltsam zu sein, aber in den Zonen, die unter Krieg und Kampf leiden, die jeden Tag Opfer fordern, ist dieses Werk trauriger Weise sehr aktuell. Die Bibel hat ein sch\u00f6nes Beispiel in Bezug des alten Tobit: Trotz Risiko des eigenen Lebens hat er die Toten beerdigt, auch wenn es ein Verbot des K\u00f6nigs gab. Und heute gibt es auch diese Menschen, die ihr Leben wagen, um den Toten die letzte Ehre zu erweisen, indem sie sie beerdigen. Dieses leibliche Werk der Barmherzigkeit ist nicht weit weg von unserer t\u00e4glichen Erfahrung. <!--more-->Das, was am Karfreitag passiert, wenn die Jungfrau Maria mit Johannes und einigen Frauen nach seinem Tod unter dem Kreuz Jesu standen, kommt Josef von <span class=\"highlight\">Arimath\u00e4a, ein reiches Mitglied des <a href=\"https:\/\/www.bibelkommentare.de\/index.php?page=dict&amp;article_id=3060\" target=\"_blank\" rel=\"noopener\">Synedrium<\/a>s, aber trotzdem ein J\u00fcnger Jesu, und gibt ihm sein neues Grab, das im Felsen ausgehauen war. Und er geht selber zu Pilatus und bittet um den Leib Jesu. Ein wahres Werk der Barmherzigkeit, das mit grossem Mut vollbracht worden ist. F\u00fcr die Christen ist die Beerdigung ein Werk der Barmherzigkeit\u00a0und auch ein Akt des Glaubens. Wir legen in das Grab den Leib unserer Lieben, aber mit der Hoffnung auf die Auferstehung. Das ist ein Ritus, der sehr stark bleibt und sehr stark gesp\u00fcrt ist in unserem Volk. Gerade im Monat November denkt man an die Verstorbenen, wir beten besonders f\u00fcr sie. F\u00fcr die Verstorbenen beten, ist ein Zeichen der Anerkennung,\u00a0f\u00fcr das Zeugnis, das sie uns gegeben und hinterlassen haben und f\u00fcr alles Gute, das sie uns getan haben. Es ist ein Dank an den Herrn, dass er sie uns geschenkt hat, und ein Dank f\u00fcr ihre Liebe und ihre Freundschaft. Die Kirche bittet f\u00fcr die Verstorbenen und wir beten f\u00fcr die, die uns vorausgegangen sind, und erbitten f\u00fcr alle die Seligkeit, den Frieden und das ewige Leben f\u00fcr sie. Ein einfaches Gedenken, aber das sehr wirksam ist. Er traut unsere Verstorbenen der Barmherzigkeit Gottes an. Bitten wir mit christlicher Hoffnung, dass sie beim Herrn sind und dass wir uns dort wiedersehen werden, in diesem Geheimnis der Liebe, das wir nicht verstehen k\u00f6nne. Aber das ist trotzdem wahr, weil es eine Verheissung ist, die Jesus uns gegeben hat. Wir werden alle auferweckt werden und wir alle werden immer beim Herrn sein, mit ihm sein. Das Gedenken, das Gebet f\u00fcr die Verstorbenen darf aber nicht verdr\u00e4ngen, dass wir f\u00fcr die Lebenden beten. Das Gebet ist noch notwendiger, wenn wir im <a href=\"http:\/\/www.erzabtei-beuron.de\/schott\/schott_anz\/index.html?file=..\/schott\/gemeinsame_texte\/Glaubensbekenntnis.htm\" target=\"_blank\" rel=\"noopener\">Glaubensbekenntnis<\/a> beten: Wir glauben an die Gemeinschaft der Heiligen. Es dr\u00fcckt das Geheimnis und die Sch\u00f6nheit der Barmherzigkeit aus, die Jesus uns offenbart hat. Die Gemeinschaft der Heiligen bedeutet, dass wir alle in das Reich Gottes hineingesenkt werden und dass wir alle aus seiner Liebe leben. Lebende und Verstorbene sind in einer Gemeinschaft, sie sind verbunden, in einem Band sind wir verbunden, in der Gemeinschaft all derer, die die Taufe empfangen und die sich vom Leib Christi gen\u00e4hrt haben und die Teil der grossen Familie Gottes sind. Wir sind alle in der gleichen Familie vereint. Deswegen beten die einen f\u00fcr die anderen. Wie viel verschiedene Arten gibt es, f\u00fcr unseren N\u00e4chsten zu beten? Es sind alle g\u00fcltig, wenn sie mit dem Herzen getan werden, ich denke jetzt besonders an die M\u00fctter, an Mama und Papa, die ihre Kinder am Morgen und am Abend segnen. Es gibt diese Gewohnheit immer noch. zumindest in einigen Familien, die Kinder zu segnen, das ist ein Gebet. Ich denke an das Gebet f\u00fcr die Kranken. Wenn wir sie besuchen gehen, beten wir f\u00fcr sie, stille F\u00fcrbitte, manchmal unter Tr\u00e4nen und in schwierigen Situationen, beten f\u00fcr diese schwierigen Situationen. &#8230; (siehe <a href=\"http:\/\/www.horeb.org\/xyz\/podcast\/papstaudienz\/20161130audienz.mp3\" target=\"_blank\" rel=\"noopener\"><u><span style=\"color: #0066cc;\">Radio Horeb Podcast vom 30.11.2016<\/span><\/u><\/a>\u00a0@\u00a00 min 52 sec\u00a0bis 8 min\u00a02 sec).\u00a0Viele Menschen leiden, weil sie keine Arbeit haben. &#8230; Beten f\u00fcr die anderen, danken f\u00fcr die anderen. Der hl. Paulus sagt, wir\u00a0wissen oft nicht, wie wir auf richtige Art und Weise beten sollen (siehe\u00a0<\/span>Lesung zur heutigen Katechese aus dem R\u00f6merbrief: <a href=\"http:\/\/www.bibleserver.com\/text\/EU\/R%C3%B6mer8.25-27\" target=\"_blank\" rel=\"noopener\"><u><span style=\"color: #0066cc;\">R\u00f6m 8,25-27<\/span><\/u><\/a>):<\/p>\n<blockquote><p><em><strong><span style=\"color: #ff0000;\"><b><i>Hoffen wir aber auf das, was wir nicht sehen, dann harren wir aus in Geduld. So nimmt sich auch der Geist unserer Schwachheit an. Denn wir wissen nicht, worum wir in rechter Weise beten sollen; der Geist selber tritt jedoch f\u00fcr uns ein mit Seufzen, das wir nicht in Worte fassen k\u00f6nnen. Und Gott, der die Herzen erforscht, wei\u00df, was die Absicht des Geistes ist: Er tritt so, wie Gott es will, f\u00fcr die Heiligen ein.<\/i><\/b><\/span><\/strong><\/em><\/p><\/blockquote>\n<p>Der Hl. Geist selbst betet in uns. \u00d6ffnen wir unser Herz in der Art, dass der Hl. Geist unsere Sehns\u00fcchte, W\u00fcnsche in unserem tiefsten\u00a0Innern sp\u00fcrt und dass er sie zur Erf\u00fcllung bringt. Aber f\u00fcr uns und die anderen sollen wir immer danach streben, dass wir immer den Willen des Herrn erf\u00fcllen, weil der Wille des Herrn das gr\u00f6sste Gut ist,\u00a0das Gute eines Vaters, der immer das Beste f\u00fcr seine Kinder will, zulassen, dass der Hl. Geist in uns betet. Es ist sch\u00f6n zu beten, ihn zu loben, ihn zu bitten,\u00a0ihm zu danken, unter Tr\u00e4nen oder mit Freude. Aber den Hl. Geist bitten, dass er in uns und f\u00fcr uns betet. Wenn wir jetzt die Reihe \u00fcber <a href=\"https:\/\/website.ifit.li\/?p=6653\" target=\"_blank\" rel=\"noopener\">die Werke der Barmherzigkeit<\/a> abschliessen, dann soll uns das im Hintergrund bleiben, dass wir f\u00fcreinander beten und dass die Barmherzigkeit die Art ist, wie wir leben.\u00a0Die Katechesen \u00fcber die Barmherzigkeit enden hier, weil wir die vierzehn\u00a0Werke der Barmherzigkeit betrachtet haben. Aber die Barmherzigkeit geht weiter\u00a0und wir m\u00fcssen sie in diesen vierzehn Arten und Weisen \u00fcben (siehe <a href=\"http:\/\/www.horeb.org\/xyz\/podcast\/papstaudienz\/20161130audienz.mp3\" target=\"_blank\" rel=\"noopener\"><u><span style=\"color: #0066cc;\">Radio Horeb Podcast vom 30.11.2016<\/span><\/u><\/a>\u00a0@\u00a010 min\u00a041 sec bis 12 min 12 sec).<\/p>\n<h3>Zusammenfassung der Katechese von Papst Franziskus vom 30.\u00a0November 2016<\/h3>\n<p>Liebe Br\u00fcder und Schwestern, heute wollen wir die Katechesenreihe \u00fcber die Barmherzigkeit Gottes beschlie\u00dfen und jeweils das letzte geistige sowie leibliche Werk der Barmherzigkeit betrachten: <i>F\u00fcr die Lebenden und f\u00fcr die Toten beten<\/i> und <i>Die Toten begraben<\/i>. Wie Christus gestorben, begraben und dann auferstanden ist, so legen auch wir unsere Toten in ein Grab und erwarten ihre Auferstehung. Im Gebet f\u00fcr die Verstorbenen danken wir dem Herrn, dass er sie uns geschenkt hat, und vertrauen sie seiner Barmherzigkeit an. In christlicher Hoffnung beten wir, dass sie mit ihm im Paradies sein m\u00f6gen. Das Gebet f\u00fcr die Lebenden und die Verstorben geh\u00f6rt zusammen. Denn wir sind die eine \u201eGemeinschaft der Heiligen\u201c, wie wir im Glaubensbekenntnis sprechen. Wir alle sind hineingetaucht in das Leben Gottes. So sind wir, die Lebenden und die Toten, in Christus verbunden. Das Gebet f\u00fcr unseren N\u00e4chsten kennt viele Formen: z.B. der Morgen- und Abendsegen der Eltern f\u00fcr die Kinder, das Gebet f\u00fcr einen Kranken oder einen Freund in Not. Das Gebet f\u00fcreinander l\u00e4sst uns im Willen Gottes wachsen und immer mehr seine liebende Gemeinschaft erfahren, in der die Lebenden und Toten geborgen sind. <a href=\"http:\/\/w2.vatican.va\/content\/francesco\/de\/audiences\/2016\/documents\/papa-francesco_20161130_udienza-generale.html\" target=\"_blank\" rel=\"noopener\"><span style=\"color: #663300;\"><u>\u00a9 Copyright &#8211; Libreria Editrice Vaticana<\/u><\/span><\/a><\/p>\n<h3>F\u00fcr die deutschsprachigen Pilger wurden folgende Gru\u00dfworte auf Italienisch verlesen:<\/h3>\n<p>Einen herzlichen Gru\u00df richte ich an alle Pilger deutscher Sprache. Vergessen wir nie unsere lieben Verstorbenen im Gebet. Wir wissen, dass wir ihnen so \u00fcber den Tod hinaus verbunden bleiben. Ich w\u00fcnsche euch einen guten Aufenthalt in Rom und segne euch alle von Herzen. <a href=\"http:\/\/w2.vatican.va\/content\/francesco\/de\/audiences\/2016\/documents\/papa-francesco_20161130_udienza-generale.html\" target=\"_blank\" rel=\"noopener\"><span style=\"color: #663300;\"><u>\u00a9 Copyright &#8211; Libreria Editrice Vaticana<\/u><\/span><\/a><\/p>\n<h2 id=\"hinweise\"><strong>Weitere Hinweise und Quellen<\/strong><\/h2>\n<ul>\n<li style=\"list-style-type: none;\">\n<ul>\n<li>Radio Vatikan: <a href=\"http:\/\/de.radiovaticana.va\/news\/2016\/11\/30\/franziskus_und_das_lob_des_kleinen_gebets_zwischendurch\/1275791\" target=\"_blank\" rel=\"noopener\"><u><span style=\"color: #0066cc;\">Dokument\u00a01275791<\/span><\/u><\/a><\/li>\n<li>Radio Horeb: <a href=\"http:\/\/www.horeb.org\/xyz\/podcast\/papstaudienz\/20161130audienz.mp3\" target=\"_blank\" rel=\"noopener\"><u><span style=\"color: #0066cc;\">Podcast zur Generalaudienz vom 30. November 2016<\/span><\/u><\/a><\/li>\n<li>Agentur Zenit (Link https:\/\/de.zenit.org\/articles\/hineingetaucht-in-das-leben-gottes\/ vergriffen): <u><span style=\"color: #0066cc;\">Katechese von Papst Franziskus w\u00e4hrend der Generalaudienz am 30. November 2016<\/span><\/u><\/li>\n<li>YouTube (alle Sprachen): <a href=\"https:\/\/www.youtube.com\/watch?v=LAuKvz9JJAg&amp;nohtml5=False\" target=\"_blank\" rel=\"noopener\"><u><span style=\"color: #0066cc;\">Pope Francis General Audience 2016.11.30<\/span><\/u><\/a><\/li>\n<li><a href=\"https:\/\/website.ifit.li\/?p=7708\" target=\"_blank\" rel=\"noopener\">Gottes Wort und Katechese \u00fcberwinden Unwissen und Zweifel<\/a><\/li>\n<li><a href=\"https:\/\/website.ifit.li\/?p=7683\" target=\"_blank\" rel=\"noopener\">Nur Wesentliches macht bei der Jugendbegleitung Sinn und Freude<\/a><\/li>\n<li><a href=\"https:\/\/website.ifit.li\/?p=7654\" target=\"_blank\" rel=\"noopener\">Freiheitsberaubung ist schwerste Entbehrung menschlichen Seins<\/a><\/li>\n<li><a href=\"https:\/\/website.ifit.li\/?p=7627\" target=\"_blank\" rel=\"noopener\">Solidarit\u00e4t mit Fl\u00fcchtlingen und Fremden bringt uns weiter<\/a><\/li>\n<li><a href=\"https:\/\/website.ifit.li\/?p=7617\" target=\"_blank\" rel=\"noopener\">Was wir mit Glauben Jesus geben, wird \u00fcberfliessender Reichtum<\/a><\/li>\n<li><a href=\"https:\/\/website.ifit.li\/?p=7597\" target=\"_blank\" rel=\"noopener\">In den Armen und Geringen ist Jesus leiblich und geistig gegenw\u00e4rtig<\/a><\/li>\n<li><a href=\"https:\/\/website.ifit.li\/?p=6653\" target=\"_blank\" rel=\"noopener\"><u>Die Werke der Barmherzigkeit<\/u><\/a><\/li>\n<li><a href=\"https:\/\/website.ifit.li\/?p=7587\" target=\"_blank\" rel=\"noopener\">Mission und Sendung besteht in der Anziehungskraft Christi<\/a><\/li>\n<li><a href=\"https:\/\/website.ifit.li\/?p=7546\" target=\"_blank\" rel=\"noopener\">Vergeben und schenken sind f\u00fcr christliches Leben tragende S\u00e4ulen<\/a><\/li>\n<li><a href=\"https:\/\/website.ifit.li\/?p=7525\" target=\"_blank\" rel=\"noopener\">Bekehrung ist immer\u00a0Entdeckung der Barmherzigkeit Gottes<\/a><\/li>\n<li><a href=\"https:\/\/website.ifit.li\/?p=7487\" target=\"_blank\" rel=\"noopener\">Seien wir dem barmherzigen Handeln Gottes kein Hindernis<\/a><\/li>\n<li><a href=\"https:\/\/website.ifit.li\/?p=7459\" target=\"_blank\" rel=\"noopener\">Jesus w\u00fcrdigt Menschen, die f\u00fcr die Gesellschaft M\u00fcll sind, und heilt sie<\/a><\/li>\n<li><a href=\"https:\/\/website.ifit.li\/?p=7388\" target=\"_blank\" rel=\"noopener\">Unsere Aufgabe ist es, dem Leben und der Gemeinschaft zu dienen<\/a><\/li>\n<li><a href=\"https:\/\/website.ifit.li\/?p=7378\" target=\"_blank\" rel=\"noopener\">Begegnung zwischen Schmerz der Menschheit und Mitleid Gottes<\/a><\/li>\n<li><a href=\"https:\/\/website.ifit.li\/?p=7369\" target=\"_blank\" rel=\"noopener\">Diese Welt leidet an Rohheit, Leid, Krieg, Hass und Trauer<\/a><\/li>\n<li><a href=\"https:\/\/website.ifit.li\/?p=7238\" target=\"_blank\" rel=\"noopener\">Herr Jesus, wenn du willst, kannst du machen, dass ich rein werde<\/a><\/li>\n<li><a href=\"https:\/\/website.ifit.li\/?p=7216\" target=\"_blank\" rel=\"noopener\">Gleichg\u00fcltigkeit und Feindseligkeit machen den Glauben taub und blind<\/a><\/li>\n<li><a href=\"https:\/\/website.ifit.li\/?p=7201\" target=\"_blank\" rel=\"noopener\">Dem Herrn dienen heisst, sein Wort h\u00f6ren und in die Tat umsetzen<\/a><\/li>\n<li><a href=\"https:\/\/website.ifit.li\/?p=7172\" target=\"_blank\" rel=\"noopener\">Oh Gott, habe Erbarmen mit mir armem S\u00fcnder!<\/a><\/li>\n<li><a href=\"https:\/\/website.ifit.li\/?p=7137\" target=\"_blank\" rel=\"noopener\">Gott Vater erh\u00f6rt seine Kinder immer, ohne zu z\u00f6gern, wie er will<\/a><\/li>\n<li><a href=\"https:\/\/website.ifit.li\/?p=7114\" target=\"_blank\" rel=\"noopener\">Gottes Barmherzigkeit tritt nicht ein ins verschlossene Herz<\/a><\/li>\n<li><a href=\"https:\/\/website.ifit.li\/?p=7071\" target=\"_blank\" rel=\"noopener\">Niemand kann uns die W\u00fcrde der Kindschaft Gottes wegnehmen<\/a><\/li>\n<li><a href=\"https:\/\/website.ifit.li\/?p=7062\" target=\"_blank\" rel=\"noopener\">Der Hirte sucht seine Schafe in der W\u00fcste der Wegwerfgesellschaft<\/a><\/li>\n<li><a href=\"https:\/\/website.ifit.li\/?p=7046\" target=\"_blank\" rel=\"noopener\">Der N\u00e4chste hat Mitleid mit dem Leidenden und naht sich ihm<\/a><\/li>\n<li><a href=\"https:\/\/website.ifit.li\/?p=7034\" target=\"_blank\" rel=\"noopener\">Wem Gott viel S\u00fcnden vergibt, der wird ihn auch viel lieben<\/a><\/li>\n<li><a href=\"https:\/\/website.ifit.li\/?p=7004\" target=\"_blank\" rel=\"noopener\">Kein Heiliger ohne Vergangenheit, kein S\u00fcnder ohne Zukunft<\/a><\/li>\n<li><a href=\"https:\/\/website.ifit.li\/?p=6957\" target=\"_blank\" rel=\"noopener\">Christus selbst stellt sich in die Reihe der S\u00fcnder und l\u00e4sst sich taufen<\/a><\/li>\n<li><a href=\"https:\/\/website.ifit.li\/?p=6925\" target=\"_blank\" rel=\"noopener\">Der Mensch, dem von Gott vergeben wird, wird zu einer neuen Kreatur<\/a><\/li>\n<li><a href=\"https:\/\/website.ifit.li\/?p=6916\" target=\"_blank\" rel=\"noopener\"><u>Die Liebe Gottes geht immer wieder bis an die Grenzen ohne Grenzen<\/u><\/a><\/li>\n<li><a href=\"https:\/\/website.ifit.li\/?p=6910\" target=\"_blank\" rel=\"noopener\"><u>Gott l\u00e4sst uns in aller Not und Bedr\u00e4ngnis nicht allein<\/u><\/a><\/li>\n<li><a href=\"https:\/\/website.ifit.li\/?p=6899\" target=\"_blank\" rel=\"noopener\"><u>Die Fusswaschung Jesu lehrt uns, Bedienstete und Diener zu sein<\/u><\/a><\/li>\n<li><a href=\"https:\/\/website.ifit.li\/?p=6798\" target=\"_blank\" rel=\"noopener\"><u>Die Strafe eines Vaters soll ein Kind zur Umkehr hinf\u00fchren<\/u><\/a><\/li>\n<li><a href=\"https:\/\/website.ifit.li\/?p=6773\" target=\"_blank\" rel=\"noopener\"><u>Ohne Dienst wird Macht zu Arroganz, Hochmut, Dominanz und Unterdr\u00fcckung<\/u><\/a><\/li>\n<li><a href=\"https:\/\/website.ifit.li\/?p=6725\" target=\"_blank\" rel=\"noopener\"><u>Andere auszun\u00fctzen, ist eine S\u00fcnde, die zu Gott schreit!<\/u><\/a><\/li>\n<li><a href=\"https:\/\/website.ifit.li\/?p=6700\" target=\"_blank\" rel=\"noopener\"><u>Das Opfer vergibt dem Schuldigen und hilft ihm zu Reue und Umkehr<\/u><\/a><\/li>\n<li><a href=\"https:\/\/website.ifit.li\/?p=6667\" target=\"_blank\" rel=\"noopener\"><u>Als echte Kinder Gottes erben wir auch seine G\u00fcte und Barmherzigkeit<\/u><\/a><\/li>\n<li><a href=\"https:\/\/website.ifit.li\/?p=6632\" target=\"_blank\" rel=\"noopener\"><u>Die Taufe ist f\u00fcr alle der Weg von der Finsternis ins Licht<\/u><\/a><\/li>\n<li><a href=\"https:\/\/website.ifit.li\/?p=6609\" target=\"_blank\" rel=\"noopener\"><u>Die Liebe Gottes geht \u00fcber S\u00fcnde hinaus \u2013 eine Treue ohne Grenzen!<\/u><\/a><\/li>\n<li><a href=\"https:\/\/website.ifit.li\/?p=6567\" target=\"_blank\" rel=\"noopener\"><u>Jesus zeigt das Antlitz der Liebe und Barmherzigkeit seines Vaters<\/u><\/a><\/li>\n<li><a href=\"https:\/\/website.ifit.li\/?p=6507\" target=\"_blank\" rel=\"noopener\"><u>Christus ist diese heilige Pforte und der Eintritt kostet nichts!<\/u><\/a><\/li>\n<li><a href=\"https:\/\/website.ifit.li\/?p=6460\" target=\"_blank\" rel=\"noopener\"><u>Die g\u00f6ttliche Barmherzigkeit \u00fcberstrahlt das Dunkel der S\u00fcnde<\/u><\/a><\/li>\n<li><a href=\"https:\/\/website.ifit.li\/?p=6441\" target=\"_blank\" rel=\"noopener\"><u>Der Sieg der Liebe Christi schliesst alles ein in die Barmherzigkeit des Vaters<\/u><\/a><\/li>\n<li><a href=\"https:\/\/website.ifit.li\/?p=6264\" target=\"_blank\" rel=\"noopener\"><u>Wer ist die T\u00fcr Gottes? Jesus Christus!<\/u><\/a><\/li>\n<li><a href=\"https:\/\/website.ifit.li\/?p=6325\" target=\"_blank\" rel=\"noopener\"><u>Erste Heilige Pforte zum Jahr der Barmherzigkeit in Bangui ge\u00f6ffnet<\/u><\/a><\/li>\n<li><a href=\"https:\/\/website.ifit.li\/?p=6248\" target=\"_blank\" rel=\"noopener\"><u>Das ausserordentliche Jubeljahr der Barmherzigkeit<\/u><\/a><\/li>\n<li><a title=\"Kostenfreie Anmeldung gilt f\u00fcr acht Veranstaltungen mit besonderem Besucherandrang und soll die Planung und Steuerung erleichtern \u2013 Last Minute-Registrierung f\u00fcr noch verf\u00fcgbare Pl\u00e4tze im \u201eWillkommenszentrum\u201c auf der Via della Conciliazione.\" href=\"http:\/\/www.im.va\/content\/gdm\/de.html\" target=\"_blank\" rel=\"noopener\"><u><span style=\"color: #0066cc;\">Vatikan \u2013 Jubil\u00e4um der Barmherzigkeit<\/span><\/u><\/a><\/li>\n<\/ul>\n<\/li>\n<\/ul>\n","protected":false},"excerpt":{"rendered":"<p>28.\u00a0Katechese zur Barmherzigkeit im Licht des Neuen Testaments von Papst Franziskus Bei der Generalaudienz vom Mittwoch, 30. November 2016,\u00a0wurde der Zyklus, der\u00a0der Barmherzigkeit Gottes gewidmet war, abgeschlossen. Aber die Barmherzigkeit Gottes muss nat\u00fcrlich weitergehen, nur die Katechese h\u00f6rt auf, so der Papst. Danken wir dem Herrn f\u00fcr all das und behalten wir es im Herzen &hellip; <a href=\"https:\/\/website.ifit.li\/?p=7734\" class=\"more-link\"><span class=\"screen-reader-text\">F\u00fcr Lebende und Tote beten und Tote beerdigen &#8211; auch in Gefahr<\/span> weiterlesen <span class=\"meta-nav\">&rarr;<\/span><\/a><\/p>\n","protected":false},"author":1,"featured_media":7745,"comment_status":"closed","ping_status":"open","sticky":false,"template":"","format":"standard","meta":{"footnotes":""},"categories":[2],"tags":[145,247,129,170,230,187,173,191,104,208,554,58,263,135,189,209],"class_list":["post-7734","post","type-post","status-publish","format-standard","has-post-thumbnail","hentry","category-kirche","tag-arbeit","tag-auferstehung-des-fleisches","tag-barmherzigkeit","tag-christ","tag-gebet","tag-glauben","tag-herz","tag-jahr-der-barmherzigkeit","tag-katechese","tag-leben","tag-papst","tag-papst-franziskus","tag-reich-gottes","tag-theologie-des-leibes","tag-tod","tag-trost"],"_links":{"self":[{"href":"https:\/\/website.ifit.li\/index.php?rest_route=\/wp\/v2\/posts\/7734","targetHints":{"allow":["GET"]}}],"collection":[{"href":"https:\/\/website.ifit.li\/index.php?rest_route=\/wp\/v2\/posts"}],"about":[{"href":"https:\/\/website.ifit.li\/index.php?rest_route=\/wp\/v2\/types\/post"}],"author":[{"embeddable":true,"href":"https:\/\/website.ifit.li\/index.php?rest_route=\/wp\/v2\/users\/1"}],"replies":[{"embeddable":true,"href":"https:\/\/website.ifit.li\/index.php?rest_route=%2Fwp%2Fv2%2Fcomments&post=7734"}],"version-history":[{"count":17,"href":"https:\/\/website.ifit.li\/index.php?rest_route=\/wp\/v2\/posts\/7734\/revisions"}],"predecessor-version":[{"id":38959,"href":"https:\/\/website.ifit.li\/index.php?rest_route=\/wp\/v2\/posts\/7734\/revisions\/38959"}],"wp:featuredmedia":[{"embeddable":true,"href":"https:\/\/website.ifit.li\/index.php?rest_route=\/wp\/v2\/media\/7745"}],"wp:attachment":[{"href":"https:\/\/website.ifit.li\/index.php?rest_route=%2Fwp%2Fv2%2Fmedia&parent=7734"}],"wp:term":[{"taxonomy":"category","embeddable":true,"href":"https:\/\/website.ifit.li\/index.php?rest_route=%2Fwp%2Fv2%2Fcategories&post=7734"},{"taxonomy":"post_tag","embeddable":true,"href":"https:\/\/website.ifit.li\/index.php?rest_route=%2Fwp%2Fv2%2Ftags&post=7734"}],"curies":[{"name":"wp","href":"https:\/\/api.w.org\/{rel}","templated":true}]}}