{"id":7587,"date":"2016-10-05T23:37:19","date_gmt":"2016-10-05T21:37:19","guid":{"rendered":"https:\/\/ifit.ch\/wordpress\/?p=7587"},"modified":"2021-10-23T16:33:20","modified_gmt":"2021-10-23T14:33:20","slug":"wahre-mission-und-sendung-besteht-in-der-anziehungskraft-christi","status":"publish","type":"post","link":"https:\/\/website.ifit.li\/?p=7587","title":{"rendered":"Mission und Sendung besteht in der Anziehungskraft Christi"},"content":{"rendered":"<h2>21.\u00a0Katechese zur Barmherzigkeit im Licht des Neuen Testaments von Papst Franziskus<\/h2>\n<p><a href=\"https:\/\/ml2mintiuscj.i.optimole.com\/w:auto\/h:auto\/q:mauto\/f:best\/https:\/\/website.ifit.li\/wp-content\/uploads\/2015\/11\/Genealaudienz-mit-Papst-Franziskus.jpg\"><img data-opt-id=268388314  fetchpriority=\"high\" decoding=\"async\" class=\"alignleft size-full wp-image-6273\" src=\"https:\/\/ml2mintiuscj.i.optimole.com\/w:auto\/h:auto\/q:mauto\/f:best\/https:\/\/website.ifit.li\/wp-content\/uploads\/2015\/11\/Genealaudienz-mit-Papst-Franziskus.jpg\" alt=\"Bild: Internet\" width=\"266\" height=\"189\" \/><\/a>In der Katechese bei der Generalaudienz vom Mittwoch, 5. Oktober 2016, wurde\u00a0diesmal eine Lesung\u00a0aus dem Johannesevangelium (siehe unten\u00a0<a href=\"http:\/\/www.bibleserver.com\/text\/EU\/Johannes14.27-29\" target=\"_blank\" rel=\"noopener\"><u><span style=\"color: #0066cc;\">Joh 14,27-29<\/span><\/u><\/a>) vorgetragen.\u00a0\u00a0Am letzten Wochenende habe ich die apostolische Reise nach Georgien und Aserbaidschan vollzogen. Ich danke dem Herrn, der mir das erlaubt hat und ich erneuere den Ausdruck der Anerkennung der zivilen Autorit\u00e4ten und den religi\u00f6sen F\u00fchrern von diesen beiden L\u00e4ndern, besonders an den Patriarch von ganz Georgien, Ilia II., sein Zeugnis hat mir sehr gut getan im Herzen, und dem Scheich, dem Muselman vom Kaukasus. Ein br\u00fcderlicher Dank an die Bisch\u00f6fe, die Priester, die Ordensleute und all Gl\u00e4ubigen, die mich ihre Zuneigung haben sp\u00fcren lassen.\u00a0Diese Reise war eine Art Fortf\u00fchrung und Erg\u00e4nzung von jener Reise nach Armenien im Juni. Auf diese Art habe ich Gott sei Dank den Plan verwirklichen k\u00f6nnen, alle drei L\u00e4nder des Kaukasus zu besuchen, um die katholische Kirche dort zu st\u00e4rken, die dort lebt und den Weg jener V\u00f6lker zu ermutigen Richtung Frieden und Br\u00fcderlichkeit. <!--more-->Das hat auch das Motto der beiden Reisen unterstrichen, f\u00fcr Georgien &#171;Friede euch&#187; (Pax vobis), und f\u00fcr Aserbaidschan &#171;Wir sind alles Br\u00fcder&#187;. Beide dieser L\u00e4nder haben historische Wurzeln, kulturelle und religi\u00f6se, Wurzeln, die sehr antik sind, aber zugleich leben sie gerade in einer neuen Phase. In der Tat feiern beide das 25. Jahr ihrer Unabh\u00e4ngigkeit, w\u00e4hrend sie einen grossen Teil des 20. Jahrhunderts unter dem sowjetischen Regime waren. In dieser Phase zeigen sich viele Schwierigkeiten in verschiedenen Bereichen des Soziallebens. Die katholische Kirche ist gerufen, dass sie gegenw\u00e4rtig, dass sie nahe ist, besonders im Zeichen der Caritas, der Liebe und der menschlichen Unterst\u00fctzung. Sie sucht das, indem sie zusammenarbeitet mit anderen Kirchen und christlichen Gemeinschaften, im Dialog mit anderen christlichen Gemeinschaften, mit der Sicherheit, dass Gott der Vater aller ist und wir Br\u00fcder und Schwestern sind. (&#8230; Forts. siehe <a href=\"http:\/\/www.horeb.org\/xyz\/podcast\/papstaudienz\/20161005audienz.mp3\" target=\"_blank\" rel=\"noopener\"><u><span style=\"color: #0066cc;\">Radio Horeb Podcast vom 5.10.2016<\/span><\/u><\/a> @\u00a04 min\u00a037 sec).\u00a0Die Lesung\u00a0zur Katechese stammt aus dem Johannesevangelium (siehe <a href=\"http:\/\/www.bibleserver.com\/text\/EU\/Johannes14.27-29\" target=\"_blank\" rel=\"noopener\">Joh 14,27-29<\/a>):<\/p>\n<blockquote><p><span style=\"color: #ff0000;\"><b>Frieden hinterlasse ich euch, meinen Frieden gebe ich euch; nicht einen Frieden, wie die Welt ihn gibt, gebe ich euch. Euer Herz beunruhige sich nicht und verzage nicht. Ihr habt geh\u00f6rt, dass ich zu euch sagte: Ich gehe fort und komme wieder zu euch zur\u00fcck. Wenn ihr mich lieb h\u00e4ttet, w\u00fcrdet ihr euch freuen, dass ich zum Vater gehe; denn der Vater ist gr\u00f6\u00dfer als ich. Jetzt schon habe ich es euch gesagt, bevor es geschieht, damit ihr, wenn es geschieht, zum Glauben kommt.<\/b><\/span><\/p><\/blockquote>\n<h3>Zusammenfassung der Katechese von Papst Franziskus vom 5.\u00a0Oktober 2016<\/h3>\n<p>Liebe Br\u00fcder und Schwestern, vergangenes Wochenende konnte ich Georgien und Aserbaidschan besuchen. Ich danke Gott f\u00fcr diese Reise, die gewisserma\u00dfen meinen Besuch in Armenien letzten Juni fortgef\u00fchrt und erg\u00e4nzt hat. Diese drei L\u00e4nder des Kaukasus habe ich aufgesucht, einerseits um die Katholiken dort zu st\u00e4rken und andererseits um diese V\u00f6lker auf dem Weg zum Frieden und zur Br\u00fcderlichkeit zu unterst\u00fctzen. Die katholische Kirche in Georgien und Aserbaidschan ist gerufen, gemeinsam mit den anderen Kirchen und im Dialog mit den anderen Religions\u00adgemeinschaften den Menschen nahe zu sein. Bewegend waren die Begegnung mit Patriarch Ilia II. und der Besuch der georgisch-orthodoxen Kathedrale in Tiflis. Mit den Gl\u00e4ubigen der Chald\u00e4ischen Kirche habe ich besonders f\u00fcr den Frieden in Syrien, im Irak und im ganzen Nahen Osten gebetet. Ferner habe ich daran erinnert, dass die wahre Mission und Sendung darin bestehen, die Anziehungskraft Christi durch die enge Verbindung mit ihm im Gebet und in der konkreten N\u00e4chstenliebe sichtbar zu machen. Diese Art von Pr\u00e4senz als Same des Reiches Gottes ist auch in Aserbaidschan n\u00f6tig, wo nur wenige Hundert Katholiken leben. Die Gemeinschaft mit Christus dr\u00e4ngt uns dazu, die Begegnung und den Dialog mit allen zu suchen, die an Gott glauben, um gemeinsam eine gerechtere und solidarischere Welt aufzubauen. <a href=\"http:\/\/w2.vatican.va\/content\/francesco\/de\/audiences\/2016\/documents\/papa-francesco_20161005_udienza-generale.html\" target=\"_blank\" rel=\"noopener\"><span style=\"color: #663300;\"><u>\u00a9 Copyright &#8211; Libreria Editrice Vaticana<\/u><\/span><\/a><\/p>\n<h3>F\u00fcr die deutschsprachigen Pilger wurden folgende Gru\u00dfworte auf Italienisch verlesen:<\/h3>\n<p>Herzlich hei\u00dfe ich alle Br\u00fcder und Schwestern deutscher Sprache willkommen. Ich gr\u00fc\u00dfe die Pilger des Bistums Mainz und die Gl\u00e4ubigen der Pfarrei St. Johannes Baptist aus Garrel in Begleitung von Bischof Timmerevers. Einen besonderen Gru\u00df richte ich an die jungen Teilnehmer an der Informationswoche der P\u00e4pstlichen Schweizergarde sowie an die zahlreichen Schulgruppen, vor allem an die Gruppe des Anne-Frank-Gymnasiums in Werne. Der Herr st\u00e4rke euch in eurem christlichen Leben und segne euch alle. <a href=\"http:\/\/w2.vatican.va\/content\/francesco\/de\/audiences\/2016\/documents\/papa-francesco_20161005_udienza-generale.html\" target=\"_blank\" rel=\"noopener\"><span style=\"color: #663300;\"><u>\u00a9 Copyright &#8211; Libreria Editrice Vaticana<\/u><\/span><\/a><\/p>\n<h2 id=\"hinweise\"><strong>Weitere Hinweise und Quellen<\/strong><\/h2>\n<ul>\n<li style=\"list-style-type: none;\">\n<ul>\n<li>Radio Vatikan: <a href=\"http:\/\/de.radiovaticana.va\/news\/2016\/10\/05\/audienz_papst_h\u00e4lt_r\u00fcckschau_auf_kaukasus-reise\/1262940\" target=\"_blank\" rel=\"noopener\">Audiodokument 1262940<\/a><\/li>\n<li>Radio Horeb: <a href=\"http:\/\/www.horeb.org\/xyz\/podcast\/papstaudienz\/20161005audienz.mp3\" target=\"_blank\" rel=\"noopener\"><u><span style=\"color: #0066cc;\">Podcast zur Generalaudienz vom 5. Oktober 2016<\/span><\/u><\/a><\/li>\n<li>Agentur Zenit (Link https:\/\/de.zenit.org\/articles\/in-gebet-und-naechstenliebe-christus-sichtbar-machen\/ vergriffen): <u><span style=\"color: #0066cc;\">Katechese von Papst Franziskus w\u00e4hrend der Generalaudienz am 5. Oktober 2016<\/span><\/u><\/li>\n<li>YouTube (alle Sprachen): <a href=\"https:\/\/www.youtube.com\/watch?v=TXUABis2BrY&amp;nohtml5=False\" target=\"_blank\" rel=\"noopener\"><u><span style=\"color: #0066cc;\">Pope Francis General Audience 2016.10.05<\/span><\/u><\/a><\/li>\n<li><a href=\"https:\/\/website.ifit.li\/?p=7546\" target=\"_blank\" rel=\"noopener\">Vergeben und schenken sind f\u00fcr christliches Leben tragende S\u00e4ulen<\/a><\/li>\n<li><a href=\"https:\/\/website.ifit.li\/?p=7525\" target=\"_blank\" rel=\"noopener\">Bekehrung ist immer\u00a0Entdeckung der Barmherzigkeit Gottes<\/a><\/li>\n<li><a href=\"https:\/\/website.ifit.li\/?p=7487\" target=\"_blank\" rel=\"noopener\">Seien wir dem barmherzigen Handeln Gottes kein Hindernis<\/a><\/li>\n<li><a href=\"https:\/\/website.ifit.li\/?p=7459\" target=\"_blank\" rel=\"noopener\">Jesus w\u00fcrdigt Menschen, die f\u00fcr die Gesellschaft M\u00fcll sind, und heilt sie<\/a><\/li>\n<li><a href=\"https:\/\/website.ifit.li\/?p=7388\" target=\"_blank\" rel=\"noopener\">Unsere Aufgabe ist es, dem Leben und der Gemeinschaft zu dienen<\/a><\/li>\n<li><a href=\"https:\/\/website.ifit.li\/?p=7378\" target=\"_blank\" rel=\"noopener\">Begegnung zwischen Schmerz der Menschheit und Mitleid Gottes<\/a><\/li>\n<li><a href=\"https:\/\/website.ifit.li\/?p=7369\" target=\"_blank\" rel=\"noopener\">Diese Welt leidet an Rohheit, Leid, Krieg, Hass und Trauer<\/a><\/li>\n<li><a href=\"https:\/\/website.ifit.li\/?p=7238\" target=\"_blank\" rel=\"noopener\">Herr Jesus, wenn du willst, kannst du machen, dass ich rein werde<\/a><\/li>\n<li><a href=\"https:\/\/website.ifit.li\/?p=7216\" target=\"_blank\" rel=\"noopener\">Gleichg\u00fcltigkeit und Feindseligkeit machen den Glauben taub und blind<\/a><\/li>\n<li><a href=\"https:\/\/website.ifit.li\/?p=7201\" target=\"_blank\" rel=\"noopener\">Dem Herrn dienen heisst, sein Wort h\u00f6ren und in die Tat umsetzen<\/a><\/li>\n<li><a href=\"https:\/\/website.ifit.li\/?p=7172\" target=\"_blank\" rel=\"noopener\">Oh Gott, habe Erbarmen mit mir armem S\u00fcnder!<\/a><\/li>\n<li><a href=\"https:\/\/website.ifit.li\/?p=7137\" target=\"_blank\" rel=\"noopener\">Gott Vater erh\u00f6rt seine Kinder immer, ohne zu z\u00f6gern, wie er will<\/a><\/li>\n<li><a href=\"https:\/\/website.ifit.li\/?p=7114\" target=\"_blank\" rel=\"noopener\">Gottes Barmherzigkeit tritt nicht ein ins verschlossene Herz<\/a><\/li>\n<li><a href=\"https:\/\/website.ifit.li\/?p=7071\" target=\"_blank\" rel=\"noopener\">Niemand kann uns die W\u00fcrde der Kindschaft Gottes wegnehmen<\/a><\/li>\n<li><a href=\"https:\/\/website.ifit.li\/?p=7062\" target=\"_blank\" rel=\"noopener\">Der Hirte sucht seine Schafe in der W\u00fcste der Wegwerfgesellschaft<\/a><\/li>\n<li><a href=\"https:\/\/website.ifit.li\/?p=7046\" target=\"_blank\" rel=\"noopener\">Der N\u00e4chste hat Mitleid mit dem Leidenden und naht sich ihm<\/a><\/li>\n<li><a href=\"https:\/\/website.ifit.li\/?p=7034\" target=\"_blank\" rel=\"noopener\">Wem Gott viel S\u00fcnden vergibt, der wird ihn auch viel lieben<\/a><\/li>\n<li><a href=\"https:\/\/website.ifit.li\/?p=7004\" target=\"_blank\" rel=\"noopener\">Kein Heiliger ohne Vergangenheit, kein S\u00fcnder ohne Zukunft<\/a><\/li>\n<li><a href=\"https:\/\/website.ifit.li\/?p=6957\" target=\"_blank\" rel=\"noopener\">Christus selbst stellt sich in die Reihe der S\u00fcnder und l\u00e4sst sich taufen<\/a><\/li>\n<li><a href=\"https:\/\/website.ifit.li\/?p=6925\" target=\"_blank\" rel=\"noopener\">Der Mensch, dem von Gott vergeben wird, wird zu einer neuen Kreatur<\/a><\/li>\n<li><a href=\"https:\/\/website.ifit.li\/?p=6916\" target=\"_blank\" rel=\"noopener\"><u>Die Liebe Gottes geht immer wieder bis an die Grenzen ohne Grenzen<\/u><\/a><\/li>\n<li><a href=\"https:\/\/website.ifit.li\/?p=6910\" target=\"_blank\" rel=\"noopener\"><u>Gott l\u00e4sst uns in aller Not und Bedr\u00e4ngnis nicht allein<\/u><\/a><\/li>\n<li><a href=\"https:\/\/website.ifit.li\/?p=6899\" target=\"_blank\" rel=\"noopener\"><u>Die Fusswaschung Jesu lehrt uns, Bedienstete und Diener zu sein<\/u><\/a><\/li>\n<li><a href=\"https:\/\/website.ifit.li\/?p=6798\" target=\"_blank\" rel=\"noopener\"><u>Die Strafe eines Vaters soll ein Kind zur Umkehr hinf\u00fchren<\/u><\/a><\/li>\n<li><a href=\"https:\/\/website.ifit.li\/?p=6773\" target=\"_blank\" rel=\"noopener\"><u>Ohne Dienst wird Macht zu Arroganz, Hochmut, Dominanz und Unterdr\u00fcckung<\/u><\/a><\/li>\n<li><a href=\"https:\/\/website.ifit.li\/?p=6725\" target=\"_blank\" rel=\"noopener\"><u>Andere auszun\u00fctzen, ist eine S\u00fcnde, die zu Gott schreit!<\/u><\/a><\/li>\n<li><a href=\"https:\/\/website.ifit.li\/?p=6700\" target=\"_blank\" rel=\"noopener\"><u>Das Opfer vergibt dem Schuldigen und hilft ihm zu Reue und Umkehr<\/u><\/a><\/li>\n<li><a href=\"https:\/\/website.ifit.li\/?p=6667\" target=\"_blank\" rel=\"noopener\"><u>Als echte Kinder Gottes erben wir auch seine G\u00fcte und Barmherzigkeit<\/u><\/a><\/li>\n<li><a href=\"https:\/\/website.ifit.li\/?p=6632\" target=\"_blank\" rel=\"noopener\"><u>Die Taufe ist f\u00fcr alle der Weg von der Finsternis ins Licht<\/u><\/a><\/li>\n<li><a href=\"https:\/\/website.ifit.li\/?p=6609\" target=\"_blank\" rel=\"noopener\"><u>Die Liebe Gottes geht \u00fcber S\u00fcnde hinaus \u2013 eine Treue ohne Grenzen!<\/u><\/a><\/li>\n<li><a href=\"https:\/\/website.ifit.li\/?p=6567\" target=\"_blank\" rel=\"noopener\"><u>Jesus zeigt das Antlitz der Liebe und Barmherzigkeit seines Vaters<\/u><\/a><\/li>\n<li><a href=\"https:\/\/website.ifit.li\/?p=6507\" target=\"_blank\" rel=\"noopener\"><u>Christus ist diese heilige Pforte und der Eintritt kostet nichts!<\/u><\/a><\/li>\n<li><a href=\"https:\/\/website.ifit.li\/?p=6460\" target=\"_blank\" rel=\"noopener\"><u>Die g\u00f6ttliche Barmherzigkeit \u00fcberstrahlt das Dunkel der S\u00fcnde<\/u><\/a><\/li>\n<li><a href=\"https:\/\/website.ifit.li\/?p=6441\" target=\"_blank\" rel=\"noopener\"><u>Der Sieg der Liebe Christi schliesst alles ein in die Barmherzigkeit des Vaters<\/u><\/a><\/li>\n<li><a href=\"https:\/\/website.ifit.li\/?p=6264\" target=\"_blank\" rel=\"noopener\"><u>Wer ist die T\u00fcr Gottes? Jesus Christus!<\/u><\/a><\/li>\n<li><a href=\"https:\/\/website.ifit.li\/?p=6325\" target=\"_blank\" rel=\"noopener\"><u>Erste Heilige Pforte zum Jahr der Barmherzigkeit in Bangui ge\u00f6ffnet<\/u><\/a><\/li>\n<li><a href=\"https:\/\/website.ifit.li\/?p=6248\" target=\"_blank\" rel=\"noopener\"><u>Das ausserordentliche Jubeljahr der Barmherzigkeit<\/u><\/a><\/li>\n<li><a title=\"Kostenfreie Anmeldung gilt f\u00fcr acht Veranstaltungen mit besonderem Besucherandrang und soll die Planung und Steuerung erleichtern \u2013 Last Minute-Registrierung f\u00fcr noch verf\u00fcgbare Pl\u00e4tze im \u201eWillkommenszentrum\u201c auf der Via della Conciliazione.\" href=\"http:\/\/www.im.va\/content\/gdm\/de.html\" target=\"_blank\" rel=\"noopener\"><u><span style=\"color: #0066cc;\">Vatikan \u2013 Jubil\u00e4um der Barmherzigkeit<\/span><\/u><\/a><\/li>\n<\/ul>\n<\/li>\n<\/ul>\n","protected":false},"excerpt":{"rendered":"<p>21.\u00a0Katechese zur Barmherzigkeit im Licht des Neuen Testaments von Papst Franziskus In der Katechese bei der Generalaudienz vom Mittwoch, 5. Oktober 2016, wurde\u00a0diesmal eine Lesung\u00a0aus dem Johannesevangelium (siehe unten\u00a0Joh 14,27-29) vorgetragen.\u00a0\u00a0Am letzten Wochenende habe ich die apostolische Reise nach Georgien und Aserbaidschan vollzogen. Ich danke dem Herrn, der mir das erlaubt hat und ich erneuere &hellip; <a href=\"https:\/\/website.ifit.li\/?p=7587\" class=\"more-link\"><span class=\"screen-reader-text\">Mission und Sendung besteht in der Anziehungskraft Christi<\/span> weiterlesen <span class=\"meta-nav\">&rarr;<\/span><\/a><\/p>\n","protected":false},"author":1,"featured_media":7595,"comment_status":"closed","ping_status":"open","sticky":false,"template":"","format":"standard","meta":{"footnotes":""},"categories":[2],"tags":[129,170,217,215,191,104,31,253,58,233,254,445],"class_list":["post-7587","post","type-post","status-publish","format-standard","has-post-thumbnail","hentry","category-kirche","tag-barmherzigkeit","tag-christ","tag-christentum","tag-friede","tag-jahr-der-barmherzigkeit","tag-katechese","tag-liebe","tag-mission","tag-papst-franziskus","tag-person","tag-sendung","tag-zoelibat-jungfraeulichkeit"],"_links":{"self":[{"href":"https:\/\/website.ifit.li\/index.php?rest_route=\/wp\/v2\/posts\/7587","targetHints":{"allow":["GET"]}}],"collection":[{"href":"https:\/\/website.ifit.li\/index.php?rest_route=\/wp\/v2\/posts"}],"about":[{"href":"https:\/\/website.ifit.li\/index.php?rest_route=\/wp\/v2\/types\/post"}],"author":[{"embeddable":true,"href":"https:\/\/website.ifit.li\/index.php?rest_route=\/wp\/v2\/users\/1"}],"replies":[{"embeddable":true,"href":"https:\/\/website.ifit.li\/index.php?rest_route=%2Fwp%2Fv2%2Fcomments&post=7587"}],"version-history":[{"count":7,"href":"https:\/\/website.ifit.li\/index.php?rest_route=\/wp\/v2\/posts\/7587\/revisions"}],"predecessor-version":[{"id":38942,"href":"https:\/\/website.ifit.li\/index.php?rest_route=\/wp\/v2\/posts\/7587\/revisions\/38942"}],"wp:featuredmedia":[{"embeddable":true,"href":"https:\/\/website.ifit.li\/index.php?rest_route=\/wp\/v2\/media\/7595"}],"wp:attachment":[{"href":"https:\/\/website.ifit.li\/index.php?rest_route=%2Fwp%2Fv2%2Fmedia&parent=7587"}],"wp:term":[{"taxonomy":"category","embeddable":true,"href":"https:\/\/website.ifit.li\/index.php?rest_route=%2Fwp%2Fv2%2Fcategories&post=7587"},{"taxonomy":"post_tag","embeddable":true,"href":"https:\/\/website.ifit.li\/index.php?rest_route=%2Fwp%2Fv2%2Ftags&post=7587"}],"curies":[{"name":"wp","href":"https:\/\/api.w.org\/{rel}","templated":true}]}}