{"id":7572,"date":"2016-09-28T23:37:57","date_gmt":"2016-09-28T21:37:57","guid":{"rendered":"https:\/\/ifit.ch\/wordpress\/?p=7572"},"modified":"2021-10-23T16:31:41","modified_gmt":"2021-10-23T14:31:41","slug":"niemand-ist-von-der-vergebung-christi-ausgeschlossen","status":"publish","type":"post","link":"https:\/\/website.ifit.li\/?p=7572","title":{"rendered":"Niemand ist von der Vergebung Christi ausgeschlossen"},"content":{"rendered":"<h2>20.\u00a0Katechese zur Barmherzigkeit im Licht des Neuen Testaments von Papst Franziskus<\/h2>\n<p><a href=\"https:\/\/ml2mintiuscj.i.optimole.com\/w:auto\/h:auto\/q:mauto\/f:best\/https:\/\/website.ifit.li\/wp-content\/uploads\/2015\/11\/Genealaudienz-mit-Papst-Franziskus.jpg\"><img data-opt-id=268388314  fetchpriority=\"high\" decoding=\"async\" class=\"alignleft size-full wp-image-6273\" src=\"https:\/\/ml2mintiuscj.i.optimole.com\/w:auto\/h:auto\/q:mauto\/f:best\/https:\/\/website.ifit.li\/wp-content\/uploads\/2015\/11\/Genealaudienz-mit-Papst-Franziskus.jpg\" alt=\"Bild: Internet\" width=\"266\" height=\"189\" \/><\/a>In der Katechese bei der Generalaudienz vom Mittwoch, 28. September 2016, wurde wieder eine Lesung\u00a0aus dem Lukasevangelium (siehe unten\u00a0<a href=\"http:\/\/www.bibleserver.com\/text\/EU\/Lukas23.33-43\" target=\"_blank\" rel=\"noopener\"><u><span style=\"color: #0066cc;\">Lk 23,33.39-43<\/span><\/u><\/a>) vorgetragen.\u00a0\u00a0Die Worte, die Jesus w\u00e4hrend seines Leidens ausdr\u00fcckt, finden ihren H\u00f6hepunkt in der Vergebung. Jesus vergibt: &#171;Vater vergib ihnen, denn sie wissen nicht, was sie tun.&#187; Das sind nicht nur Worte, weil sie zu einem konkreten Akt der Vergebung f\u00fchren, die dem guten Sch\u00e4cher angeboten wird. Der hl. Lukas berichtet, dass zwei Verbrecher mit Jesus gekreuzigt werden. Sie wenden sich an ihn mit zwei gegens\u00e4tzlichen Haltungen. Der erste spottet, wie alle anderen das tun, wie die oberen des Volkes. <!--more-->Aber dieser arme Mann ist von der Verzweiflung getrieben: &#171;Wenn du Christus bist, dann rette dich selbst und uns.&#187; Dieser Schrei bezeugt die Angst des Menschen gegen\u00fcber des Geheimnisses des Todes und des tragischen Bewusstseins, dass nur Gott eine befreiende Antwort geben kann. Deshalb ist es undenkbar, dass der Messias, der von Gott gesandt ist, am Kreuz bleibt, ohne sich selbst zu retten, und dass er nichts tut, um zu retten. Sie verstanden einfach das Geheimnis, das Opfer Jesu\u00a0nicht. Hingegen Jesus hat sich gerettet, indem er am Kreuz geblieben ist. Und wir alle wissen, dass es nicht leicht ist, am Kreuz zu bleiben. \u00a0Bei unseren kleinen Kreuzen des Alltags zu bleiben, das ist nicht leicht, aber er bei seinem grossen Kreuz, bei diesem grossen Leiden ist er geblieben und dort hat er uns erl\u00f6st. Dort haben wir seine Allmacht gesehen und dort hat er uns vergeben. Da vollzieht sich sein Geschenk, seine Hingabe aus Liebe und dort entspringt f\u00fcr uns das Heil. Als er am Kreuz zwischen diesen beiden Kriminellen gestorben ist, bezeugt er, dass das Heil Gottes, die Erl\u00f6sung, zu jedem Menschen kommen kann, egal in welcher Situation es ist, auch in der negativsten und schmerzhaftesten. Das Heil Gottes ist die Erl\u00f6sung, die f\u00fcr alle da ist, niemand ist ausgeschlossen und allen angeboten. Deswegen ist das Jubil\u00e4um Zeit der Gnade, des Erbarmens f\u00fcr alle, Gute und B\u00f6se, f\u00fcr die Gesunden und die Leidenden. Denkt an das Gleichnis Jesu von der Hochzeit, wo die eingeladenen M\u00e4chtigen nicht hingehen wollten. Er sagt daraufhin zu seinen Dienern, dass sie auf die Strassen und \u00fcberall hingehen sollten, um alle einzuladen, B\u00f6se und Gute. Wir sind alle gerufen, Gute und B\u00f6se. Die Kirche ist nicht nur f\u00fcr die Guten oder die, die zumindest gut scheinen, die von sich selbst \u00fcberzeugt sind, dass sie gut sind. Die Kirche ist f\u00fcr alle und in besonderer Weise f\u00fcr die B\u00f6sen, weil die Kirche Barmherzigkeit ist. In dieser Zeit der Gnade, der Barmherzigkeit, soll uns bewusst sein, dass uns nichts von der Liebe Christi trennen kann, auch wenn wir auf einem Krankenbett niedergestreckt sind oder im Gef\u00e4ngnis sind oder im Krieg leben. Ich sage ihnen: Schaut auf den Gekreuzigten, Gott ist mit euch und er bleibt mit euch am Kreuz, und allen bietet er sich als Erl\u00f6ser an. Gerade euch, die ihr so viel leidet, schenkt er sich, er ist gekreuzigt f\u00fcr euch, f\u00fcr uns, f\u00fcr uns alle. (&#8230; Forts. siehe <a href=\"http:\/\/www.horeb.org\/xyz\/podcast\/papstaudienz\/20160928audienz.mp3\" target=\"_blank\" rel=\"noopener\"><u><span style=\"color: #0066cc;\">Radio Horeb Podcast vom 28.09.2016<\/span><\/u><\/a> @\u00a08 min\u00a00 sec).\u00a0Die Lesung\u00a0zur Katechese stammt aus dem Lukasevangelium (siehe <a href=\"http:\/\/www.bibleserver.com\/text\/EU\/Lukas23.33-43\" target=\"_blank\" rel=\"noopener\">Lk 23,33.39-43<\/a>):<\/p>\n<blockquote><p><span style=\"color: #ff0000;\"><b>Sie kamen zur Sch\u00e4delh\u00f6he; dort kreuzigten sie ihn und die Verbrecher, den einen rechts von ihm, den andern links. &#8230; Einer der Verbrecher, die neben ihm hingen, verh\u00f6hnte ihn: Bist du denn nicht der Messias? Dann hilf dir selbst und auch uns! Der andere aber wies ihn zurecht und sagte: Nicht einmal du f\u00fcrchtest Gott? Dich hat doch das gleiche Urteil getroffen. Uns geschieht recht, wir erhalten den Lohn f\u00fcr unsere Taten; dieser aber hat nichts Unrechtes getan. Dann sagte er: Jesus, denk an mich, wenn du in dein Reich kommst. Jesus antwortete ihm: Amen, ich sage dir: Heute noch wirst du mit mir im Paradies sein.<\/b><\/span><\/p><\/blockquote>\n<h3>Zusammenfassung der Katechese von Papst Franziskus vom 28.\u00a0September 2016<\/h3>\n<p>Liebe Br\u00fcder und Schwestern, bei der Passion Jesu ist das Wort der Vergebung von besonderer Bedeutung. Seine Bitte: \u201eVater, vergib ihnen, denn sie wissen nicht, was sie tun\u201c (<i>Lk <\/i>23,43), wird zur konkreten Tat, als er dem reum\u00fctigen Sch\u00e4cher verzeiht. Damit zeigt Christus nicht nur die F\u00fclle seiner Liebe. Er offenbart, dass sein Erl\u00f6sungsopfer dem schweren S\u00fcnder gilt, dass es keine Grenzen kennt. Er h\u00e4lt am Kreuz bis zum Ende aus, um zu zeigen, dass er keinen von uns, in welchem Leid auch immer, alleine l\u00e4sst. W\u00e4hrend der b\u00f6se Sch\u00e4cher Gott l\u00e4stert, wendet sich der andere mit Gottesfurcht und tiefem Vertrauen an den Herrn und wird so offen f\u00fcr dessen Barmherzigkeit. Im Wissen um die G\u00fcte Jesu bekennt er seine Schuld. Er erkennt im leidenden Herrn die Liebe Gottes f\u00fcr den S\u00fcnder und findet den Mut, sich direkt an ihn zu wenden: \u201eJesus, denk an mich, wenn du in dein Reich kommst\u201c (<i>Lk<\/i> 23,42). Er nennt Jesus beim Namen, jenem Namen, der auf Hebr\u00e4isch bedeutet: \u201eder Herr heilt\u201c. Der zum Tod verurteilte Verbrecher wird so zum Modell des Christen, der in seiner Not ganz auf Jesus vertraut. Er bittet den Herrn um seine N\u00e4he, um sein Gedenken, und Christi Antwort lautet: \u201e<i>Heute<\/i> noch wirst du mit mir im Paradies sein\u201c (<i>Lk<\/i> 23,43). In der Stunde des Kreuzes erf\u00fcllt sich die Erl\u00f6sung der S\u00fcnder. <a href=\"http:\/\/w2.vatican.va\/content\/francesco\/de\/audiences\/2016\/documents\/papa-francesco_20160928_udienza-generale.html\" target=\"_blank\" rel=\"noopener\"><span style=\"color: #663300;\"><u>\u00a9 Copyright &#8211; Libreria Editrice Vaticana<\/u><\/span><\/a><\/p>\n<h3>F\u00fcr die deutschsprachigen Pilger wurden folgende Gru\u00dfworte auf Italienisch verlesen:<\/h3>\n<p>Ein herzliches Willkommen allen Pilgern deutscher Sprache, vor allem den vielen Jugendlichen. Besonders gr\u00fc\u00dfe ich die Seminaristen der Di\u00f6zesen Graz-Seckau und Gurk-Klagenfurt sowie die Sch\u00fclerinnen der Maria-Ward-M\u00e4dchenrealschule aus M\u00fcnchen. Liebe Freunde, schauen wir auf Jesus und entdecken wir immer mehr die Sch\u00f6nheit der Barmherzigkeit des Herrn! Gott segne euch alle. <a href=\"http:\/\/w2.vatican.va\/content\/francesco\/de\/audiences\/2016\/documents\/papa-francesco_20160928_udienza-generale.html\" target=\"_blank\" rel=\"noopener\"><span style=\"color: #663300;\"><u>\u00a9 Copyright &#8211; Libreria Editrice Vaticana<\/u><\/span><\/a><\/p>\n<h2 id=\"hinweise\"><strong>Weitere Hinweise und Quellen<\/strong><\/h2>\n<ul>\n<li>Radio Vatikan: <a href=\"http:\/\/de.radiovaticana.va\/news\/2016\/09\/28\/generalaudienz_vergebung_geht_nur_am_kreuz\/1261178\" target=\"_blank\" rel=\"noopener\"><u><span style=\"color: #0066cc;\">Dokument 1261178<\/span><\/u><\/a><\/li>\n<li>Radio Horeb: <a href=\"http:\/\/www.horeb.org\/xyz\/podcast\/papstaudienz\/20160928audienz.mp3\" target=\"_blank\" rel=\"noopener\"><u><span style=\"color: #0066cc;\">Podcast zur Generalaudienz vom 28. September 2016<\/span><\/u><\/a><\/li>\n<li>Agentur Zenit (Link https:\/\/de.zenit.org\/articles\/die-kirche-ist-fuer-alle-menschen-da-vor-allem-fuer-die-schlechten\/ vergriffen): <u><span style=\"color: #0066cc;\">Katechese von Papst Franziskus w\u00e4hrend der Generalaudienz am 28. September 2016<\/span><\/u><\/li>\n<li>YouTube (alle Sprachen): <a href=\"https:\/\/www.youtube.com\/watch?v=UY47LFZPy1k&amp;nohtml5=False\" target=\"_blank\" rel=\"noopener\"><u><span style=\"color: #0066cc;\">Pope Francis General Audience 2016.09.28<\/span><\/u><\/a><\/li>\n<li><a href=\"https:\/\/website.ifit.li\/?p=7546\" target=\"_blank\" rel=\"noopener\">Vergeben und schenken sind f\u00fcr christliches Leben tragende S\u00e4ulen<\/a><\/li>\n<li><a href=\"https:\/\/website.ifit.li\/?p=7525\" target=\"_blank\" rel=\"noopener\">Bekehrung ist immer\u00a0Entdeckung der Barmherzigkeit Gottes<\/a><\/li>\n<li><a href=\"https:\/\/website.ifit.li\/?p=7487\" target=\"_blank\" rel=\"noopener\">Seien wir dem barmherzigen Handeln Gottes kein Hindernis<\/a><\/li>\n<li><a href=\"https:\/\/website.ifit.li\/?p=7459\" target=\"_blank\" rel=\"noopener\">Jesus w\u00fcrdigt Menschen, die f\u00fcr die Gesellschaft M\u00fcll sind, und heilt sie<\/a><\/li>\n<li><a href=\"https:\/\/website.ifit.li\/?p=7388\" target=\"_blank\" rel=\"noopener\">Unsere Aufgabe ist es, dem Leben und der Gemeinschaft zu dienen<\/a><\/li>\n<li><a href=\"https:\/\/website.ifit.li\/?p=7378\" target=\"_blank\" rel=\"noopener\">Begegnung zwischen Schmerz der Menschheit und Mitleid Gottes<\/a><\/li>\n<li><a href=\"https:\/\/website.ifit.li\/?p=7369\" target=\"_blank\" rel=\"noopener\">Diese Welt leidet an Rohheit, Leid, Krieg, Hass und Trauer<\/a><\/li>\n<li><a href=\"https:\/\/website.ifit.li\/?p=7238\" target=\"_blank\" rel=\"noopener\">Herr Jesus, wenn du willst, kannst du machen, dass ich rein werde<\/a><\/li>\n<li><a href=\"https:\/\/website.ifit.li\/?p=7216\" target=\"_blank\" rel=\"noopener\">Gleichg\u00fcltigkeit und Feindseligkeit machen den Glauben taub und blind<\/a><\/li>\n<li><a href=\"https:\/\/website.ifit.li\/?p=7201\" target=\"_blank\" rel=\"noopener\">Dem Herrn dienen heisst, sein Wort h\u00f6ren und in die Tat umsetzen<\/a><\/li>\n<li><a href=\"https:\/\/website.ifit.li\/?p=7172\" target=\"_blank\" rel=\"noopener\">Oh Gott, habe Erbarmen mit mir armem S\u00fcnder!<\/a><\/li>\n<li><a href=\"https:\/\/website.ifit.li\/?p=7137\" target=\"_blank\" rel=\"noopener\">Gott Vater erh\u00f6rt seine Kinder immer, ohne zu z\u00f6gern, wie er will<\/a><\/li>\n<li><a href=\"https:\/\/website.ifit.li\/?p=7114\" target=\"_blank\" rel=\"noopener\">Gottes Barmherzigkeit tritt nicht ein ins verschlossene Herz<\/a><\/li>\n<li><a href=\"https:\/\/website.ifit.li\/?p=7071\" target=\"_blank\" rel=\"noopener\">Niemand kann uns die W\u00fcrde der Kindschaft Gottes wegnehmen<\/a><\/li>\n<li><a href=\"https:\/\/website.ifit.li\/?p=7062\" target=\"_blank\" rel=\"noopener\">Der Hirte sucht seine Schafe in der W\u00fcste der Wegwerfgesellschaft<\/a><\/li>\n<li><a href=\"https:\/\/website.ifit.li\/?p=7046\" target=\"_blank\" rel=\"noopener\">Der N\u00e4chste hat Mitleid mit dem Leidenden und naht sich ihm<\/a><\/li>\n<li><a href=\"https:\/\/website.ifit.li\/?p=7034\" target=\"_blank\" rel=\"noopener\">Wem Gott viel S\u00fcnden vergibt, der wird ihn auch viel lieben<\/a><\/li>\n<li><a href=\"https:\/\/website.ifit.li\/?p=7004\" target=\"_blank\" rel=\"noopener\">Kein Heiliger ohne Vergangenheit, kein S\u00fcnder ohne Zukunft<\/a><\/li>\n<li><a href=\"https:\/\/website.ifit.li\/?p=6957\" target=\"_blank\" rel=\"noopener\">Christus selbst stellt sich in die Reihe der S\u00fcnder und l\u00e4sst sich taufen<\/a><\/li>\n<li><a href=\"https:\/\/website.ifit.li\/?p=6925\" target=\"_blank\" rel=\"noopener\">Der Mensch, dem von Gott vergeben wird, wird zu einer neuen Kreatur<\/a><\/li>\n<li><a href=\"https:\/\/website.ifit.li\/?p=6916\" target=\"_blank\" rel=\"noopener\"><u>Die Liebe Gottes geht immer wieder bis an die Grenzen ohne Grenzen<\/u><\/a><\/li>\n<li><a href=\"https:\/\/website.ifit.li\/?p=6910\" target=\"_blank\" rel=\"noopener\"><u>Gott l\u00e4sst uns in aller Not und Bedr\u00e4ngnis nicht allein<\/u><\/a><\/li>\n<li><a href=\"https:\/\/website.ifit.li\/?p=6899\" target=\"_blank\" rel=\"noopener\"><u>Die Fusswaschung Jesu lehrt uns, Bedienstete und Diener zu sein<\/u><\/a><\/li>\n<li><a href=\"https:\/\/website.ifit.li\/?p=6798\" target=\"_blank\" rel=\"noopener\"><u>Die Strafe eines Vaters soll ein Kind zur Umkehr hinf\u00fchren<\/u><\/a><\/li>\n<li><a href=\"https:\/\/website.ifit.li\/?p=6773\" target=\"_blank\" rel=\"noopener\"><u>Ohne Dienst wird Macht zu Arroganz, Hochmut, Dominanz und Unterdr\u00fcckung<\/u><\/a><\/li>\n<li><a href=\"https:\/\/website.ifit.li\/?p=6725\" target=\"_blank\" rel=\"noopener\"><u>Andere auszun\u00fctzen, ist eine S\u00fcnde, die zu Gott schreit!<\/u><\/a><\/li>\n<li><a href=\"https:\/\/website.ifit.li\/?p=6700\" target=\"_blank\" rel=\"noopener\"><u>Das Opfer vergibt dem Schuldigen und hilft ihm zu Reue und Umkehr<\/u><\/a><\/li>\n<li><a href=\"https:\/\/website.ifit.li\/?p=6667\" target=\"_blank\" rel=\"noopener\"><u>Als echte Kinder Gottes erben wir auch seine G\u00fcte und Barmherzigkeit<\/u><\/a><\/li>\n<li><a href=\"https:\/\/website.ifit.li\/?p=6632\" target=\"_blank\" rel=\"noopener\"><u>Die Taufe ist f\u00fcr alle der Weg von der Finsternis ins Licht<\/u><\/a><\/li>\n<li><a href=\"https:\/\/website.ifit.li\/?p=6609\" target=\"_blank\" rel=\"noopener\"><u>Die Liebe Gottes geht \u00fcber S\u00fcnde hinaus \u2013 eine Treue ohne Grenzen!<\/u><\/a><\/li>\n<li><a href=\"https:\/\/website.ifit.li\/?p=6567\" target=\"_blank\" rel=\"noopener\"><u>Jesus zeigt das Antlitz der Liebe und Barmherzigkeit seines Vaters<\/u><\/a><\/li>\n<li><a href=\"https:\/\/website.ifit.li\/?p=6507\" target=\"_blank\" rel=\"noopener\"><u>Christus ist diese heilige Pforte und der Eintritt kostet nichts!<\/u><\/a><\/li>\n<li><a href=\"https:\/\/website.ifit.li\/?p=6460\" target=\"_blank\" rel=\"noopener\"><u>Die g\u00f6ttliche Barmherzigkeit \u00fcberstrahlt das Dunkel der S\u00fcnde<\/u><\/a><\/li>\n<li><a href=\"https:\/\/website.ifit.li\/?p=6441\" target=\"_blank\" rel=\"noopener\"><u>Der Sieg der Liebe Christi schliesst alles ein in die Barmherzigkeit des Vaters<\/u><\/a><\/li>\n<li><a href=\"https:\/\/website.ifit.li\/?p=6264\" target=\"_blank\" rel=\"noopener\"><u>Wer ist die T\u00fcr Gottes? Jesus Christus!<\/u><\/a><\/li>\n<li><a href=\"https:\/\/website.ifit.li\/?p=6325\" target=\"_blank\" rel=\"noopener\"><u>Erste Heilige Pforte zum Jahr der Barmherzigkeit in Bangui ge\u00f6ffnet<\/u><\/a><\/li>\n<li><a href=\"https:\/\/website.ifit.li\/?p=6248\" target=\"_blank\" rel=\"noopener\"><u>Das ausserordentliche Jubeljahr der Barmherzigkeit<\/u><\/a><\/li>\n<li><a title=\"Kostenfreie Anmeldung gilt f\u00fcr acht Veranstaltungen mit besonderem Besucherandrang und soll die Planung und Steuerung erleichtern \u2013 Last Minute-Registrierung f\u00fcr noch verf\u00fcgbare Pl\u00e4tze im \u201eWillkommenszentrum\u201c auf der Via della Conciliazione.\" href=\"http:\/\/www.im.va\/content\/gdm\/de.html\" target=\"_blank\" rel=\"noopener\"><u><span style=\"color: #0066cc;\">Vatikan \u2013 Jubil\u00e4um der Barmherzigkeit<\/span><\/u><\/a><\/li>\n<\/ul>\n","protected":false},"excerpt":{"rendered":"<p>20.\u00a0Katechese zur Barmherzigkeit im Licht des Neuen Testaments von Papst Franziskus In der Katechese bei der Generalaudienz vom Mittwoch, 28. September 2016, wurde wieder eine Lesung\u00a0aus dem Lukasevangelium (siehe unten\u00a0Lk 23,33.39-43) vorgetragen.\u00a0\u00a0Die Worte, die Jesus w\u00e4hrend seines Leidens ausdr\u00fcckt, finden ihren H\u00f6hepunkt in der Vergebung. Jesus vergibt: &#171;Vater vergib ihnen, denn sie wissen nicht, was &hellip; <a href=\"https:\/\/website.ifit.li\/?p=7572\" class=\"more-link\"><span class=\"screen-reader-text\">Niemand ist von der Vergebung Christi ausgeschlossen<\/span> weiterlesen <span class=\"meta-nav\">&rarr;<\/span><\/a><\/p>\n","protected":false},"author":1,"featured_media":7579,"comment_status":"closed","ping_status":"open","sticky":false,"template":"","format":"standard","meta":{"footnotes":""},"categories":[2],"tags":[252,129,191,104,31,269,58],"class_list":["post-7572","post","type-post","status-publish","format-standard","has-post-thumbnail","hentry","category-kirche","tag-angst","tag-barmherzigkeit","tag-jahr-der-barmherzigkeit","tag-katechese","tag-liebe","tag-lohnmoral","tag-papst-franziskus"],"_links":{"self":[{"href":"https:\/\/website.ifit.li\/index.php?rest_route=\/wp\/v2\/posts\/7572","targetHints":{"allow":["GET"]}}],"collection":[{"href":"https:\/\/website.ifit.li\/index.php?rest_route=\/wp\/v2\/posts"}],"about":[{"href":"https:\/\/website.ifit.li\/index.php?rest_route=\/wp\/v2\/types\/post"}],"author":[{"embeddable":true,"href":"https:\/\/website.ifit.li\/index.php?rest_route=\/wp\/v2\/users\/1"}],"replies":[{"embeddable":true,"href":"https:\/\/website.ifit.li\/index.php?rest_route=%2Fwp%2Fv2%2Fcomments&post=7572"}],"version-history":[{"count":10,"href":"https:\/\/website.ifit.li\/index.php?rest_route=\/wp\/v2\/posts\/7572\/revisions"}],"predecessor-version":[{"id":38940,"href":"https:\/\/website.ifit.li\/index.php?rest_route=\/wp\/v2\/posts\/7572\/revisions\/38940"}],"wp:featuredmedia":[{"embeddable":true,"href":"https:\/\/website.ifit.li\/index.php?rest_route=\/wp\/v2\/media\/7579"}],"wp:attachment":[{"href":"https:\/\/website.ifit.li\/index.php?rest_route=%2Fwp%2Fv2%2Fmedia&parent=7572"}],"wp:term":[{"taxonomy":"category","embeddable":true,"href":"https:\/\/website.ifit.li\/index.php?rest_route=%2Fwp%2Fv2%2Fcategories&post=7572"},{"taxonomy":"post_tag","embeddable":true,"href":"https:\/\/website.ifit.li\/index.php?rest_route=%2Fwp%2Fv2%2Ftags&post=7572"}],"curies":[{"name":"wp","href":"https:\/\/api.w.org\/{rel}","templated":true}]}}