{"id":7546,"date":"2016-09-21T23:42:52","date_gmt":"2016-09-21T21:42:52","guid":{"rendered":"https:\/\/ifit.ch\/wordpress\/?p=7546"},"modified":"2021-10-23T16:30:26","modified_gmt":"2021-10-23T14:30:26","slug":"vergeben-und-schenken-sind-tragende-saeulen-fuers-christliche-leben","status":"publish","type":"post","link":"https:\/\/website.ifit.li\/?p=7546","title":{"rendered":"Vergeben und schenken sind f\u00fcr christliches Leben tragende S\u00e4ulen"},"content":{"rendered":"<h2>19.\u00a0Katechese zur Barmherzigkeit im Licht des Neuen Testaments von Papst Franziskus<\/h2>\n<p><a href=\"https:\/\/ml2mintiuscj.i.optimole.com\/w:auto\/h:auto\/q:mauto\/f:best\/https:\/\/website.ifit.li\/wp-content\/uploads\/2015\/11\/Genealaudienz-mit-Papst-Franziskus.jpg\"><img data-opt-id=268388314  fetchpriority=\"high\" decoding=\"async\" class=\"alignleft size-full wp-image-6273\" src=\"https:\/\/ml2mintiuscj.i.optimole.com\/w:auto\/h:auto\/q:mauto\/f:best\/https:\/\/website.ifit.li\/wp-content\/uploads\/2015\/11\/Genealaudienz-mit-Papst-Franziskus.jpg\" alt=\"Bild: Internet\" width=\"266\" height=\"189\" \/><\/a>In der Katechese bei der Generalaudienz vom Mittwoch, 21. September 2016, wurde diesmal eine Lesung\u00a0aus dem Lukasevangelium (siehe unten\u00a0<a href=\"http:\/\/www.bibleserver.com\/text\/EU\/Lukas6.36-38\" target=\"_blank\" rel=\"noopener\"><u><span style=\"color: #0066cc;\">Lk 6,36-38<\/span><\/u><\/a>) vorgetragen.\u00a0\u00a0Es ist das Motto dieses Heiligen Jahres: &#171;Seid barmherzig wie euer Vater im Himmel barmherzig ist.&#187; Das ist nicht etwa ein Slogan, sondern ein Auftrag f\u00fcr das Leben. Um diesen Satz gut zu verstehen, m\u00fcssen wir ihn mit der Parallele aus dem Matth\u00e4usevangelium gegen\u00fcberstellen, wo Jesus sagt: \u00a0&#171;Ihr sollt also vollkommen sein, wie es auch euer himmlischer Vater ist.&#187; (siehe <a href=\"http:\/\/www.bibleserver.com\/text\/EU\/Matth%C3%A4us5%2C48\" target=\"_blank\" rel=\"noopener\">Mt 5,48<\/a>)\u00a0In der sogenannten Bergpredigt, die mit den Seligpreisungen beginnt, lehrt der Herr, dass die Vollst\u00e4ndigkeit in der Liebe besteht, die die Erf\u00fcllung aller Gesetze ist, Aus dieser Perspektive pr\u00e4zisiert Lukas, dass die Vollkommenheit die barmherzige Liebe ist. Vollkommen sein, heisst also, barmherzig sein. Eine Person, die nicht barmherzig ist, aber vollkommen, perfekt? Nein. Eine Person, die nicht barmherzig ist und gut? Nein. Die G\u00fcte, die Vollkommenheit wurzeln in der Barmherzigkeit. <!--more-->Nat\u00fcrlich ist Gott vollkommen, dennoch, wenn wir ihn so erkennen oder so ansehen, dann wird es f\u00fcr die Menschen unm\u00f6glich, zu dieser Vollkommenheit zu gelangen. Ihn aber vor Augen zu haben als barmherzig, erlaubt uns, besser zu verstehen, worin seine Vollkommenheit besteht. Und das treibt uns dazu an, so wie er zu sein, voller Liebe, voller Mitleid und Barmherzigkeit. Aber ich frage mich: Sind die Worte Jesu realistisch? Ist es wirklich m\u00f6glich, so zu lieben wie Gott liebt und so barmherzig zu sein wie er? Wenn wir die Heilsgeschichte betrachten, erkennen wir, dass die ganze Offenbarung Gottes eine unabl\u00e4ssige und unerm\u00fcdliche Liebe f\u00fcr die Menschen ist.\u00a0 Gott ist wie ein Vater oder wie eine Mutter, die ihre Liebe\u00a0in einer unaussch\u00f6pflichen F\u00fclle \u00fcber alle Gesch\u00f6pfe ausgiessen. Der H\u00f6hepunkt dieser Liebe ist das Kreuz, an dem Jesus stirbt, es ist eine so grosse Liebe, dass nur Gott diese Liebe verwirklichen kann (&#8230; Forts. siehe <a href=\"http:\/\/www.horeb.org\/xyz\/podcast\/papstaudienz\/20160921audienz.mp3\" target=\"_blank\" rel=\"noopener\"><u><span style=\"color: #0066cc;\">Radio Horeb Podcast vom 21.09.2016<\/span><\/u><\/a> @\u00a05 min\u00a022 sec).\u00a0Die Lesung\u00a0zur Katechese stammt aus dem Lukasevangelium (siehe <a href=\"http:\/\/www.bibleserver.com\/text\/EU\/Lukas6.36-38\" target=\"_blank\" rel=\"noopener\">Lk 6,36-38<\/a>):<\/p>\n<blockquote><p><span style=\"color: #ff0000;\"><b>Seid barmherzig, wie es auch euer Vater ist! Richtet nicht, dann werdet auch ihr nicht gerichtet werden. Verurteilt nicht, dann werdet auch ihr nicht verurteilt werden. Erlasst einander die Schuld, dann wird auch euch die Schuld erlassen werden. Gebt, dann wird auch euch gegeben werden. In reichem, vollem, geh\u00e4uftem, \u00fcberflie\u00dfendem Ma\u00df wird man euch beschenken; denn nach dem Ma\u00df, mit dem ihr messt und zuteilt, wird auch euch zugeteilt werden.<\/b><\/span><\/p><\/blockquote>\n<h3>Zusammenfassung der Katechese von Papst Franziskus vom 21.\u00a0September 2016<\/h3>\n<p>Liebe Br\u00fcder und Schwestern, das Motto des au\u00dferordentlichen Heiligen Jahres ist dem Abschnitt des <i>Lukasevangeliums<\/i> entnommen, den wir eben geh\u00f6rt haben: \u201eSeid barmherzig, wie es auch euer Vater ist!\u201c (6,36). Dies ist nicht einfach ein Slogan, sondern eine Lebensaufgabe. Das verdeutlicht auch die Parallelstelle bei <i>Matth\u00e4us<\/i>: \u201eIhr sollt also vollkommen sein, wie es auch euer himmlischer Vater ist\u201c (5,48). Barmherzig sein hei\u00dft vollkommen sein, \u201eperfekt\u201c sein, wie der lateinische Text sagt. Aber k\u00f6nnen wir das? K\u00f6nnen wir lieben und barmherzig sein wie Gott? Gottes Liebe ist unendlich gro\u00df. Wenn uns Jesus aber aufruft, barmherzig zu sein wie der Vater, denkt er nicht an Quantit\u00e4t. Er m\u00f6chte, dass wir zu einem Zeichen, zu einem Sprachrohr, zu Zeugen seiner Barmherzigkeit werden. In diesem Sinne spiegeln die Heiligen der Kirche durch ihr vielf\u00e4ltiges Wirken das barmherzige Antlitz Christi wider. Mit zwei Schl\u00fcsselw\u00f6rtern konkretisiert der Herr barmherziges Handeln: \u201eSchulden erlassen\u201c (V. 37) und \u201ebeschenken\u201c (V. 38). Nach dem Ma\u00df, mit dem wir von Gott Gaben erhalten, sollen wir auch dem N\u00e4chsten verzeihen und ihn beschenken. Und in dem Ma\u00df, mit dem wir dem N\u00e4chsten Vergebung und Wohlwollen entgegenbringen, werden wir auch von Gott mit seiner G\u00fcte bedacht! <a href=\"http:\/\/w2.vatican.va\/content\/francesco\/de\/audiences\/2016\/documents\/papa-francesco_20160921_udienza-generale.html\" target=\"_blank\" rel=\"noopener\"><span style=\"color: #663300;\"><u>\u00a9 Copyright &#8211; Libreria Editrice Vaticana<\/u><\/span><\/a><\/p>\n<h3>F\u00fcr die deutschsprachigen Pilger wurden folgende Gru\u00dfworte auf Italienisch verlesen:<\/h3>\n<p>Einen herzlichen Gru\u00df richte ich an alle Pilger deutscher Sprache, besonders an die Sch\u00fclerinnen der M\u00e4dchenrealschule St. Josef aus Schwandorf. Lasst durch eure Werke der Barmherzigkeit immer mehr das barmherzige Antlitz Jesu in der Welt erstrahlen. Ich w\u00fcnsche euch einen guten Aufenthalt in Rom und segne euch alle von Herzen. <a href=\"http:\/\/w2.vatican.va\/content\/francesco\/de\/audiences\/2016\/documents\/papa-francesco_20160921_udienza-generale.html\" target=\"_blank\" rel=\"noopener\"><span style=\"color: #663300;\"><u>\u00a9 Copyright &#8211; Libreria Editrice Vaticana<\/u><\/span><\/a><\/p>\n<h2 id=\"hinweise\"><strong>Weitere Hinweise und Quellen<\/strong><\/h2>\n<ul>\n<li style=\"list-style-type: none;\">\n<ul>\n<li>Radio Vatikan: <a href=\"http:\/\/de.radiovaticana.va\/news\/2016\/09\/21\/audienz_%E2%80%9Efalsch,_den_bruder_zu_verurteilen,_der_s%C3%BCndigte\/1259635\" target=\"_blank\" rel=\"noopener\">Dokument 1259635<\/a><\/li>\n<li>Radio Horeb: <a href=\"http:\/\/www.horeb.org\/xyz\/podcast\/papstaudienz\/20160921audienz.mp3\" target=\"_blank\" rel=\"noopener\"><u><span style=\"color: #0066cc;\">Podcast zur Generalaudienz vom 21. September 2016<\/span><\/u><\/a><\/li>\n<li>Agentur Zenit (Link https:\/\/de.zenit.org\/articles\/die-liebe-ist-barmherzig-und-daher-der-einzige-zu-beschreitende-weg\/ vergriffen): <u><span style=\"color: #0066cc;\">Katechese von <span style=\"color: #0066cc;\">Papst Franziskus w\u00e4hrend der Generalaudienz am 21. September 2016<\/span><\/span><\/u><\/li>\n<li>YouTube (alle Sprachen): <a href=\"https:\/\/www.youtube.com\/watch?v=XaYep1BKZ2I&amp;nohtml5=False\" target=\"_blank\" rel=\"noopener\"><u><span style=\"color: #0066cc;\">Pope Francis General Audience 2016.09.21<\/span><\/u><\/a><\/li>\n<li><a href=\"https:\/\/website.ifit.li\/?p=7525\" target=\"_blank\" rel=\"noopener\">Bekehrung ist immer\u00a0Entdeckung der Barmherzigkeit Gottes<\/a><\/li>\n<li><a href=\"https:\/\/website.ifit.li\/?p=7487\" target=\"_blank\" rel=\"noopener\">Seien wir dem barmherzigen Handeln Gottes kein Hindernis<\/a><\/li>\n<li><a href=\"https:\/\/website.ifit.li\/?p=7459\" target=\"_blank\" rel=\"noopener\">Jesus w\u00fcrdigt Menschen, die f\u00fcr die Gesellschaft M\u00fcll sind, und heilt sie<\/a><\/li>\n<li><a href=\"https:\/\/website.ifit.li\/?p=7388\" target=\"_blank\" rel=\"noopener\">Unsere Aufgabe ist es, dem Leben und der Gemeinschaft zu dienen<\/a><\/li>\n<li><a href=\"https:\/\/website.ifit.li\/?p=7378\" target=\"_blank\" rel=\"noopener\">Begegnung zwischen Schmerz der Menschheit und Mitleid Gottes<\/a><\/li>\n<li><a href=\"https:\/\/website.ifit.li\/?p=7369\" target=\"_blank\" rel=\"noopener\">Diese Welt leidet an Rohheit, Leid, Krieg, Hass und Trauer<\/a><\/li>\n<li><a href=\"https:\/\/website.ifit.li\/?p=7238\" target=\"_blank\" rel=\"noopener\">Herr Jesus, wenn du willst, kannst du machen, dass ich rein werde<\/a><\/li>\n<li><a href=\"https:\/\/website.ifit.li\/?p=7216\" target=\"_blank\" rel=\"noopener\">Gleichg\u00fcltigkeit und Feindseligkeit machen den Glauben taub und blind<\/a><\/li>\n<li><a href=\"https:\/\/website.ifit.li\/?p=7201\" target=\"_blank\" rel=\"noopener\">Dem Herrn dienen heisst, sein Wort h\u00f6ren und in die Tat umsetzen<\/a><\/li>\n<li><a href=\"https:\/\/website.ifit.li\/?p=7172\" target=\"_blank\" rel=\"noopener\">Oh Gott, habe Erbarmen mit mir armem S\u00fcnder!<\/a><\/li>\n<li><a href=\"https:\/\/website.ifit.li\/?p=7137\" target=\"_blank\" rel=\"noopener\">Gott Vater erh\u00f6rt seine Kinder immer, ohne zu z\u00f6gern, wie er will<\/a><\/li>\n<li><a href=\"https:\/\/website.ifit.li\/?p=7114\" target=\"_blank\" rel=\"noopener\">Gottes Barmherzigkeit tritt nicht ein ins verschlossene Herz<\/a><\/li>\n<li><a href=\"https:\/\/website.ifit.li\/?p=7071\" target=\"_blank\" rel=\"noopener\">Niemand kann uns die W\u00fcrde der Kindschaft Gottes wegnehmen<\/a><\/li>\n<li><a href=\"https:\/\/website.ifit.li\/?p=7062\" target=\"_blank\" rel=\"noopener\">Der Hirte sucht seine Schafe in der W\u00fcste der Wegwerfgesellschaft<\/a><\/li>\n<li><a href=\"https:\/\/website.ifit.li\/?p=7046\" target=\"_blank\" rel=\"noopener\">Der N\u00e4chste hat Mitleid mit dem Leidenden und naht sich ihm<\/a><\/li>\n<li><a href=\"https:\/\/website.ifit.li\/?p=7034\" target=\"_blank\" rel=\"noopener\">Wem Gott viel S\u00fcnden vergibt, der wird ihn auch viel lieben<\/a><\/li>\n<li><a href=\"https:\/\/website.ifit.li\/?p=7004\" target=\"_blank\" rel=\"noopener\">Kein Heiliger ohne Vergangenheit, kein S\u00fcnder ohne Zukunft<\/a><\/li>\n<li><a href=\"https:\/\/website.ifit.li\/?p=6957\" target=\"_blank\" rel=\"noopener\">Christus selbst stellt sich in die Reihe der S\u00fcnder und l\u00e4sst sich taufen<\/a><\/li>\n<li><a href=\"https:\/\/website.ifit.li\/?p=6925\" target=\"_blank\" rel=\"noopener\">Der Mensch, dem von Gott vergeben wird, wird zu einer neuen Kreatur<\/a><\/li>\n<li><a href=\"https:\/\/website.ifit.li\/?p=6916\" target=\"_blank\" rel=\"noopener\"><u>Die Liebe Gottes geht immer wieder bis an die Grenzen ohne Grenzen<\/u><\/a><\/li>\n<li><a href=\"https:\/\/website.ifit.li\/?p=6910\" target=\"_blank\" rel=\"noopener\"><u>Gott l\u00e4sst uns in aller Not und Bedr\u00e4ngnis nicht allein<\/u><\/a><\/li>\n<li><a href=\"https:\/\/website.ifit.li\/?p=6899\" target=\"_blank\" rel=\"noopener\"><u>Die Fusswaschung Jesu lehrt uns, Bedienstete und Diener zu sein<\/u><\/a><\/li>\n<li><a href=\"https:\/\/website.ifit.li\/?p=6798\" target=\"_blank\" rel=\"noopener\"><u>Die Strafe eines Vaters soll ein Kind zur Umkehr hinf\u00fchren<\/u><\/a><\/li>\n<li><a href=\"https:\/\/website.ifit.li\/?p=6773\" target=\"_blank\" rel=\"noopener\"><u>Ohne Dienst wird Macht zu Arroganz, Hochmut, Dominanz und Unterdr\u00fcckung<\/u><\/a><\/li>\n<li><a href=\"https:\/\/website.ifit.li\/?p=6725\" target=\"_blank\" rel=\"noopener\"><u>Andere auszun\u00fctzen, ist eine S\u00fcnde, die zu Gott schreit!<\/u><\/a><\/li>\n<li><a href=\"https:\/\/website.ifit.li\/?p=6700\" target=\"_blank\" rel=\"noopener\"><u>Das Opfer vergibt dem Schuldigen und hilft ihm zu Reue und Umkehr<\/u><\/a><\/li>\n<li><a href=\"https:\/\/website.ifit.li\/?p=6667\" target=\"_blank\" rel=\"noopener\"><u>Als echte Kinder Gottes erben wir auch seine G\u00fcte und Barmherzigkeit<\/u><\/a><\/li>\n<li><a href=\"https:\/\/website.ifit.li\/?p=6632\" target=\"_blank\" rel=\"noopener\"><u>Die Taufe ist f\u00fcr alle der Weg von der Finsternis ins Licht<\/u><\/a><\/li>\n<li><a href=\"https:\/\/website.ifit.li\/?p=6609\" target=\"_blank\" rel=\"noopener\"><u>Die Liebe Gottes geht \u00fcber S\u00fcnde hinaus \u2013 eine Treue ohne Grenzen!<\/u><\/a><\/li>\n<li><a href=\"https:\/\/website.ifit.li\/?p=6567\" target=\"_blank\" rel=\"noopener\"><u>Jesus zeigt das Antlitz der Liebe und Barmherzigkeit seines Vaters<\/u><\/a><\/li>\n<li><a href=\"https:\/\/website.ifit.li\/?p=6507\" target=\"_blank\" rel=\"noopener\"><u>Christus ist diese heilige Pforte und der Eintritt kostet nichts!<\/u><\/a><\/li>\n<li><a href=\"https:\/\/website.ifit.li\/?p=6460\" target=\"_blank\" rel=\"noopener\"><u>Die g\u00f6ttliche Barmherzigkeit \u00fcberstrahlt das Dunkel der S\u00fcnde<\/u><\/a><\/li>\n<li><a href=\"https:\/\/website.ifit.li\/?p=6441\" target=\"_blank\" rel=\"noopener\"><u>Der Sieg der Liebe Christi schliesst alles ein in die Barmherzigkeit des Vaters<\/u><\/a><\/li>\n<li><a href=\"https:\/\/website.ifit.li\/?p=6264\" target=\"_blank\" rel=\"noopener\"><u>Wer ist die T\u00fcr Gottes? Jesus Christus!<\/u><\/a><\/li>\n<li><a href=\"https:\/\/website.ifit.li\/?p=6325\" target=\"_blank\" rel=\"noopener\"><u>Erste Heilige Pforte zum Jahr der Barmherzigkeit in Bangui ge\u00f6ffnet<\/u><\/a><\/li>\n<li><a href=\"https:\/\/website.ifit.li\/?p=6248\" target=\"_blank\" rel=\"noopener\"><u>Das ausserordentliche Jubeljahr der Barmherzigkeit<\/u><\/a><\/li>\n<li><a title=\"Kostenfreie Anmeldung gilt f\u00fcr acht Veranstaltungen mit besonderem Besucherandrang und soll die Planung und Steuerung erleichtern \u2013 Last Minute-Registrierung f\u00fcr noch verf\u00fcgbare Pl\u00e4tze im \u201eWillkommenszentrum\u201c auf der Via della Conciliazione.\" href=\"http:\/\/www.im.va\/content\/gdm\/de.html\" target=\"_blank\" rel=\"noopener\"><u><span style=\"color: #0066cc;\">Vatikan \u2013 Jubil\u00e4um der Barmherzigkeit<\/span><\/u><\/a><\/li>\n<\/ul>\n<\/li>\n<\/ul>\n","protected":false},"excerpt":{"rendered":"<p>19.\u00a0Katechese zur Barmherzigkeit im Licht des Neuen Testaments von Papst Franziskus In der Katechese bei der Generalaudienz vom Mittwoch, 21. September 2016, wurde diesmal eine Lesung\u00a0aus dem Lukasevangelium (siehe unten\u00a0Lk 6,36-38) vorgetragen.\u00a0\u00a0Es ist das Motto dieses Heiligen Jahres: &#171;Seid barmherzig wie euer Vater im Himmel barmherzig ist.&#187; Das ist nicht etwa ein Slogan, sondern ein &hellip; <a href=\"https:\/\/website.ifit.li\/?p=7546\" class=\"more-link\"><span class=\"screen-reader-text\">Vergeben und schenken sind f\u00fcr christliches Leben tragende S\u00e4ulen<\/span> weiterlesen <span class=\"meta-nav\">&rarr;<\/span><\/a><\/p>\n","protected":false},"author":1,"featured_media":7548,"comment_status":"closed","ping_status":"open","sticky":false,"template":"","format":"standard","meta":{"footnotes":""},"categories":[2],"tags":[129,173,191,104,31,58],"class_list":["post-7546","post","type-post","status-publish","format-standard","has-post-thumbnail","hentry","category-kirche","tag-barmherzigkeit","tag-herz","tag-jahr-der-barmherzigkeit","tag-katechese","tag-liebe","tag-papst-franziskus"],"_links":{"self":[{"href":"https:\/\/website.ifit.li\/index.php?rest_route=\/wp\/v2\/posts\/7546","targetHints":{"allow":["GET"]}}],"collection":[{"href":"https:\/\/website.ifit.li\/index.php?rest_route=\/wp\/v2\/posts"}],"about":[{"href":"https:\/\/website.ifit.li\/index.php?rest_route=\/wp\/v2\/types\/post"}],"author":[{"embeddable":true,"href":"https:\/\/website.ifit.li\/index.php?rest_route=\/wp\/v2\/users\/1"}],"replies":[{"embeddable":true,"href":"https:\/\/website.ifit.li\/index.php?rest_route=%2Fwp%2Fv2%2Fcomments&post=7546"}],"version-history":[{"count":9,"href":"https:\/\/website.ifit.li\/index.php?rest_route=\/wp\/v2\/posts\/7546\/revisions"}],"predecessor-version":[{"id":38938,"href":"https:\/\/website.ifit.li\/index.php?rest_route=\/wp\/v2\/posts\/7546\/revisions\/38938"}],"wp:featuredmedia":[{"embeddable":true,"href":"https:\/\/website.ifit.li\/index.php?rest_route=\/wp\/v2\/media\/7548"}],"wp:attachment":[{"href":"https:\/\/website.ifit.li\/index.php?rest_route=%2Fwp%2Fv2%2Fmedia&parent=7546"}],"wp:term":[{"taxonomy":"category","embeddable":true,"href":"https:\/\/website.ifit.li\/index.php?rest_route=%2Fwp%2Fv2%2Fcategories&post=7546"},{"taxonomy":"post_tag","embeddable":true,"href":"https:\/\/website.ifit.li\/index.php?rest_route=%2Fwp%2Fv2%2Ftags&post=7546"}],"curies":[{"name":"wp","href":"https:\/\/api.w.org\/{rel}","templated":true}]}}