{"id":7525,"date":"2016-09-14T22:56:12","date_gmt":"2016-09-14T20:56:12","guid":{"rendered":"https:\/\/ifit.ch\/wordpress\/?p=7525"},"modified":"2021-10-23T16:28:57","modified_gmt":"2021-10-23T14:28:57","slug":"die-entdeckung-der-barmherzigkeit-gottes-bewirkt-immer-die-eigene-bekehrung","status":"publish","type":"post","link":"https:\/\/website.ifit.li\/?p=7525","title":{"rendered":"Bekehrung ist immer Entdeckung der Barmherzigkeit Gottes"},"content":{"rendered":"<h2>18.\u00a0Katechese zur Barmherzigkeit im Licht des Neuen Testaments von Papst Franziskus<\/h2>\n<p><a href=\"https:\/\/ml2mintiuscj.i.optimole.com\/w:auto\/h:auto\/q:mauto\/f:best\/https:\/\/website.ifit.li\/wp-content\/uploads\/2015\/11\/Genealaudienz-mit-Papst-Franziskus.jpg\"><img data-opt-id=268388314  fetchpriority=\"high\" decoding=\"async\" class=\"alignleft size-full wp-image-6273\" src=\"https:\/\/ml2mintiuscj.i.optimole.com\/w:auto\/h:auto\/q:mauto\/f:best\/https:\/\/website.ifit.li\/wp-content\/uploads\/2015\/11\/Genealaudienz-mit-Papst-Franziskus.jpg\" alt=\"Bild: Internet\" width=\"266\" height=\"189\" \/><\/a>In der Katechese bei der Generalaudienz vom Mittwoch, 14. September 2016, wurde wieder\u00a0eine Lesung\u00a0aus dem Matth\u00e4usevangelium (siehe unten <a href=\"http:\/\/www.bibleserver.com\/text\/EU\/Matth%C3%A4us11.28-30\" target=\"_blank\" rel=\"noopener\"><u><span style=\"color: #0066cc;\">Mt 11,28-30<\/span><\/u><\/a>) vorgetragen. W\u00e4hrend dieses Jubil\u00e4ums haben wir oft \u00fcber die Tatsache nachgedacht, dass Jesus sich mit einer einzigartigen Z\u00e4rtlichkeit ausdr\u00fcckt: Ein Zeichen der Gegenwart und der G\u00fcte Gottes. Heute wollen wir uns\u00a0mit einem Evangelium befassen, das uns sehr bewegt. Das, was wir gerade geh\u00f6rt haben, als Jesus gesagt hat: &#171;Kommt alle zu mir, alle, die ihr m\u00fcde seid und euch plagt und schwere Lasten zu tragen habt, ich werde euch Ruhe verschaffen. Nehmt mein Joch auf euch und lernt von mir, denn ich bin g\u00fctig und von Herzen dem\u00fctig. So werdet ihr Ruhe finden f\u00fcr eure Seelen.&#187; Die Einladung des Herrn ist \u00fcberraschend. Er ruft gerade die Personen auf, die einfach sind, die ein schwieriges Leben haben, die dadurch beschwert sind, irgendwie. Und er verspricht ihnen, dass sie in ihm Ruhe und Erleichterung finden werden. Die Einladung, die er ausdr\u00fcckt, ist im Imperativ ausgedr\u00fcckt: &#171;Kommt zu mir&#187;, &#171;Nehmt mein Joch&#187; und &#171;Lernt von mir&#187;. Vielleicht alle F\u00fchrer der Welt k\u00f6nnen so etwas sagen. Versuchen wir den Sinn dieser Ausdrucksart zu verstehen. <!--more-->Der erste Imperativ heisst: *Kommt zu mir&#187;. Er richtet sich an diejenigen, die m\u00fcde und niedergeschlagen sind. Jesus pr\u00e4sentiert sich als Diener des Herrn, wie er im Buch des Propheten Jesaias beschrieben ist. Und so sagt er in diesem St\u00fcck: Der Herr gab mir die Zunge eines J\u00fcngers, damit ich ein Wort an diejenigen richte, die das Vertrauen verloren haben, an diejenigen, die kein Vertrauen mehr in das Leben haben, zu denen das Evangelium oft die Armen und Kleinen gesellt, an diejenigen, die sich nicht auf eigene Kr\u00e4fte st\u00fctzen k\u00f6nnen und auch nicht auf wichtige Freundschaften, sondern nur auf Gott vertrauen k\u00f6nnen.\u00a0(&#8230; Forts. siehe <a href=\"http:\/\/www.horeb.org\/xyz\/podcast\/papstaudienz\/20160914audienz.mp3\" target=\"_blank\" rel=\"noopener\">Radio Horeb Podcast vom 14.09.2016<\/a> @\u00a03 min\u00a053 sec).\u00a0Lesung\u00a0zur Katechese aus dem Matth\u00e4usevangelium (siehe <a href=\"http:\/\/www.bibleserver.com\/text\/EU\/Matth%C3%A4us11.28-30\" target=\"_blank\" rel=\"noopener\">Mt 11,28-30<\/a>):<\/p>\n<blockquote><p><span style=\"color: #ff0000;\"><b>Kommt alle zu mir, die ihr euch plagt und schwere Lasten zu tragen habt. Ich werde euch Ruhe verschaffen. Nehmt mein Joch auf euch und lernt von mir; denn ich bin g\u00fctig und von Herzen dem\u00fctig; so werdet ihr Ruhe finden f\u00fcr eure Seele. Denn mein Joch dr\u00fcckt nicht und meine Last ist leicht.<\/b><\/span><\/p><\/blockquote>\n<h3>Zusammenfassung der Katechese von Papst Franziskus vom 14.\u00a0September 2016<\/h3>\n<p>Liebe Br\u00fcder und Schwestern, ein besonderer Ausdruck der G\u00fcte Gottes ist die Sorge Jesu f\u00fcr die Menschen, die schwere M\u00fchsal zu tragen haben. Er l\u00e4dt sie ein, ihm zu folgen, damit sie bei ihm Ruhe finden (vgl. <i>Mt <\/i>11,28ff). Mit der Aufforderung \u201eKommt alle zu mir\u201c wendet sich Jesus an die Niedergeschlagen, die Armen und Kleinen, die nichts haben au\u00dfer ihr Vertrauen in Gottes Hilfe und Barmherzigkeit. Wer sich zum Herrn bekehrt und ihm nachfolgt, erh\u00e4lt die Verhei\u00dfung, dass er Trost und St\u00e4rke f\u00fcr sein ganzes Leben findet. \u201eNehmt mein Joch auf euch\u201c verweist auf das enge Band zwischen Gott und seinem Volk, auf die Unterwerfung unter den Willen Gottes und sein Gesetz. Jesus spricht von <i> seinem <\/i>Joch: Er ist die Erf\u00fcllung des Gesetzes, durch seine Person erkennen wir Gottes Willen und durch ihn treten wir in Gemeinschaft mit Gott. Die dritte Aufforderung \u201eLernt von mir\u201c besagt, den Weg der Nachahmung Jesu zu gehen. Der Herr ist ein Lehrer, der sich selbst dem\u00fctig und klein gemacht hat. Weil er das Leiden und die S\u00fcnden der Menschheit auf sich genommen hat, weil er als Erster das Joch getragen hat, ist sein Joch f\u00fcr uns leicht. Jesus entt\u00e4uscht unsere Hoffnung nicht. Wir m\u00fcssen jedoch lernen, von seiner Barmherzigkeit zu leben, um selber zu einem Werkzeug der Barmherzigkeit zu werden. <a href=\"http:\/\/w2.vatican.va\/content\/francesco\/de\/audiences\/2016\/documents\/papa-francesco_20160914_udienza-generale.html\" target=\"_blank\" rel=\"noopener\"><span style=\"color: #663300;\"><u>\u00a9 Copyright &#8211; Libreria Editrice Vaticana<\/u><\/span><\/a><\/p>\n<h3>F\u00fcr die deutschsprachigen Pilger wurden folgende Gru\u00dfworte auf Italienisch verlesen:<\/h3>\n<p>Von Herzen gr\u00fc\u00dfe ich die Br\u00fcder und Schwestern aus den L\u00e4ndern deutscher Sprache sowie aus den Niederlanden. Einen besonderen Gru\u00df richte ich an die Gruppe der Polizei aus Hessen. Folgen wir dem Herrn nach, indem wir von ihm lernen, g\u00fctig und von Herzen dem\u00fctig zu sein. So k\u00f6nnen wir seine Barmherzigkeit zu unseren N\u00e4chsten bringen. Der Heilige Geist f\u00fchre euch auf euren Wegen. <a href=\"http:\/\/w2.vatican.va\/content\/francesco\/de\/audiences\/2016\/documents\/papa-francesco_20160914_udienza-generale.html\" target=\"_blank\" rel=\"noopener\"><span style=\"color: #663300;\"><u>\u00a9 Copyright &#8211; Libreria Editrice Vaticana<\/u><\/span><\/a><\/p>\n<h2 id=\"hinweise\"><strong>Weitere Hinweise und Quellen<\/strong><\/h2>\n<ul>\n<li style=\"list-style-type: none;\">\n<ul>\n<li>Radio Vatikan: <a href=\"http:\/\/de.radiovaticana.va\/news\/2016\/09\/14\/generalaudienz_\u201eh\u00e4sslich,_wenn_die_hirten_f\u00fcrsten_werden\u201c\/1257943\" target=\"_blank\" rel=\"noopener\">Audiodokument 1257943<\/a><\/li>\n<li>Radio Horeb: <a href=\"http:\/\/www.horeb.org\/xyz\/podcast\/papstaudienz\/20160914audienz.mp3\" target=\"_blank\" rel=\"noopener\"><u><span style=\"color: #0066cc;\">Podcast zur Generalaudienz vom 14. September 2016<\/span><\/u><\/a><\/li>\n<li>Agentur Zenit (Link https:\/\/de.zenit.org\/articles\/die-liebe-ist-staerker-als-jedes-uebel\/ vergriffen): <u><span style=\"color: #0066cc;\">Katechese von Papst Franziskus w\u00e4hrend der Generalaudienz am 14. September 2016<\/span><\/u><\/li>\n<li>YouTube (alle Sprachen): <a href=\"https:\/\/www.youtube.com\/watch?v=DD9dTcezHoU&amp;nohtml5=False\" target=\"_blank\" rel=\"noopener\"><u><span style=\"color: #0066cc;\">Pope Francis General Audience 2016.09.14<\/span><\/u><\/a><\/li>\n<li><a href=\"https:\/\/website.ifit.li\/?p=7487\" target=\"_blank\" rel=\"noopener\">Seien wir dem barmherzigen Handeln Gottes kein Hindernis<\/a><\/li>\n<li><a href=\"https:\/\/website.ifit.li\/?p=7459\" target=\"_blank\" rel=\"noopener\">Jesus w\u00fcrdigt Menschen, die f\u00fcr die Gesellschaft M\u00fcll sind, und heilt sie<\/a><\/li>\n<li><a href=\"https:\/\/website.ifit.li\/?p=7388\" target=\"_blank\" rel=\"noopener\">Unsere Aufgabe ist es, dem Leben und der Gemeinschaft zu dienen<\/a><\/li>\n<li><a href=\"https:\/\/website.ifit.li\/?p=7378\" target=\"_blank\" rel=\"noopener\">Begegnung zwischen Schmerz der Menschheit und Mitleid Gottes<\/a><\/li>\n<li><a href=\"https:\/\/website.ifit.li\/?p=7369\" target=\"_blank\" rel=\"noopener\">Diese Welt leidet an Rohheit, Leid, Krieg, Hass und Trauer<\/a><\/li>\n<li><a href=\"https:\/\/website.ifit.li\/?p=7238\" target=\"_blank\" rel=\"noopener\">Herr Jesus, wenn du willst, kannst du machen, dass ich rein werde<\/a><\/li>\n<li><a href=\"https:\/\/website.ifit.li\/?p=7216\" target=\"_blank\" rel=\"noopener\">Gleichg\u00fcltigkeit und Feindseligkeit machen den Glauben taub und blind<\/a><\/li>\n<li><a href=\"https:\/\/website.ifit.li\/?p=7201\" target=\"_blank\" rel=\"noopener\">Dem Herrn dienen heisst, sein Wort h\u00f6ren und in die Tat umsetzen<\/a><\/li>\n<li><a href=\"https:\/\/website.ifit.li\/?p=7172\" target=\"_blank\" rel=\"noopener\">Oh Gott, habe Erbarmen mit mir armem S\u00fcnder!<\/a><\/li>\n<li><a href=\"https:\/\/website.ifit.li\/?p=7137\" target=\"_blank\" rel=\"noopener\">Gott Vater erh\u00f6rt seine Kinder immer, ohne zu z\u00f6gern, wie er will<\/a><\/li>\n<li><a href=\"https:\/\/website.ifit.li\/?p=7114\" target=\"_blank\" rel=\"noopener\">Gottes Barmherzigkeit tritt nicht ein ins verschlossene Herz<\/a><\/li>\n<li><a href=\"https:\/\/website.ifit.li\/?p=7071\" target=\"_blank\" rel=\"noopener\">Niemand kann uns die W\u00fcrde der Kindschaft Gottes wegnehmen<\/a><\/li>\n<li><a href=\"https:\/\/website.ifit.li\/?p=7062\" target=\"_blank\" rel=\"noopener\">Der Hirte sucht seine Schafe in der W\u00fcste der Wegwerfgesellschaft<\/a><\/li>\n<li><a href=\"https:\/\/website.ifit.li\/?p=7046\" target=\"_blank\" rel=\"noopener\">Der N\u00e4chste hat Mitleid mit dem Leidenden und naht sich ihm<\/a><\/li>\n<li><a href=\"https:\/\/website.ifit.li\/?p=7034\" target=\"_blank\" rel=\"noopener\">Wem Gott viel S\u00fcnden vergibt, der wird ihn auch viel lieben<\/a><\/li>\n<li><a href=\"https:\/\/website.ifit.li\/?p=7004\" target=\"_blank\" rel=\"noopener\">Kein Heiliger ohne Vergangenheit, kein S\u00fcnder ohne Zukunft<\/a><\/li>\n<li><a href=\"https:\/\/website.ifit.li\/?p=6957\" target=\"_blank\" rel=\"noopener\">Christus selbst stellt sich in die Reihe der S\u00fcnder und l\u00e4sst sich taufen<\/a><\/li>\n<li><a href=\"https:\/\/website.ifit.li\/?p=6925\" target=\"_blank\" rel=\"noopener\">Der Mensch, dem von Gott vergeben wird, wird zu einer neuen Kreatur<\/a><\/li>\n<li><a href=\"https:\/\/website.ifit.li\/?p=6916\" target=\"_blank\" rel=\"noopener\"><u>Die Liebe Gottes geht immer wieder bis an die Grenzen ohne Grenzen<\/u><\/a><\/li>\n<li><a href=\"https:\/\/website.ifit.li\/?p=6910\" target=\"_blank\" rel=\"noopener\"><u>Gott l\u00e4sst uns in aller Not und Bedr\u00e4ngnis nicht allein<\/u><\/a><\/li>\n<li><a href=\"https:\/\/website.ifit.li\/?p=6899\" target=\"_blank\" rel=\"noopener\"><u>Die Fusswaschung Jesu lehrt uns, Bedienstete und Diener zu sein<\/u><\/a><\/li>\n<li><a href=\"https:\/\/website.ifit.li\/?p=6798\" target=\"_blank\" rel=\"noopener\"><u>Die Strafe eines Vaters soll ein Kind zur Umkehr hinf\u00fchren<\/u><\/a><\/li>\n<li><a href=\"https:\/\/website.ifit.li\/?p=6773\" target=\"_blank\" rel=\"noopener\"><u>Ohne Dienst wird Macht zu Arroganz, Hochmut, Dominanz und Unterdr\u00fcckung<\/u><\/a><\/li>\n<li><a href=\"https:\/\/website.ifit.li\/?p=6725\" target=\"_blank\" rel=\"noopener\"><u>Andere auszun\u00fctzen, ist eine S\u00fcnde, die zu Gott schreit!<\/u><\/a><\/li>\n<li><a href=\"https:\/\/website.ifit.li\/?p=6700\" target=\"_blank\" rel=\"noopener\"><u>Das Opfer vergibt dem Schuldigen und hilft ihm zu Reue und Umkehr<\/u><\/a><\/li>\n<li><a href=\"https:\/\/website.ifit.li\/?p=6667\" target=\"_blank\" rel=\"noopener\"><u>Als echte Kinder Gottes erben wir auch seine G\u00fcte und Barmherzigkeit<\/u><\/a><\/li>\n<li><a href=\"https:\/\/website.ifit.li\/?p=6632\" target=\"_blank\" rel=\"noopener\"><u>Die Taufe ist f\u00fcr alle der Weg von der Finsternis ins Licht<\/u><\/a><\/li>\n<li><a href=\"https:\/\/website.ifit.li\/?p=6609\" target=\"_blank\" rel=\"noopener\"><u>Die Liebe Gottes geht \u00fcber S\u00fcnde hinaus \u2013 eine Treue ohne Grenzen!<\/u><\/a><\/li>\n<li><a href=\"https:\/\/website.ifit.li\/?p=6567\" target=\"_blank\" rel=\"noopener\"><u>Jesus zeigt das Antlitz der Liebe und Barmherzigkeit seines Vaters<\/u><\/a><\/li>\n<li><a href=\"https:\/\/website.ifit.li\/?p=6507\" target=\"_blank\" rel=\"noopener\"><u>Christus ist diese heilige Pforte und der Eintritt kostet nichts!<\/u><\/a><\/li>\n<li><a href=\"https:\/\/website.ifit.li\/?p=6460\" target=\"_blank\" rel=\"noopener\"><u>Die g\u00f6ttliche Barmherzigkeit \u00fcberstrahlt das Dunkel der S\u00fcnde<\/u><\/a><\/li>\n<li><a href=\"https:\/\/website.ifit.li\/?p=6441\" target=\"_blank\" rel=\"noopener\"><u>Der Sieg der Liebe Christi schliesst alles ein in die Barmherzigkeit des Vaters<\/u><\/a><\/li>\n<li><a href=\"https:\/\/website.ifit.li\/?p=6264\" target=\"_blank\" rel=\"noopener\"><u>Wer ist die T\u00fcr Gottes? Jesus Christus!<\/u><\/a><\/li>\n<li><a href=\"https:\/\/website.ifit.li\/?p=6325\" target=\"_blank\" rel=\"noopener\"><u>Erste Heilige Pforte zum Jahr der Barmherzigkeit in Bangui ge\u00f6ffnet<\/u><\/a><\/li>\n<li><a href=\"https:\/\/website.ifit.li\/?p=6248\" target=\"_blank\" rel=\"noopener\"><u>Das ausserordentliche Jubeljahr der Barmherzigkeit<\/u><\/a><\/li>\n<li><a title=\"Kostenfreie Anmeldung gilt f\u00fcr acht Veranstaltungen mit besonderem Besucherandrang und soll die Planung und Steuerung erleichtern \u2013 Last Minute-Registrierung f\u00fcr noch verf\u00fcgbare Pl\u00e4tze im \u201eWillkommenszentrum\u201c auf der Via della Conciliazione.\" href=\"http:\/\/www.im.va\/content\/gdm\/de.html\" target=\"_blank\" rel=\"noopener\"><u><span style=\"color: #0066cc;\">Vatikan \u2013 Jubil\u00e4um der Barmherzigkeit<\/span><\/u><\/a><\/li>\n<\/ul>\n<\/li>\n<\/ul>\n","protected":false},"excerpt":{"rendered":"<p>18.\u00a0Katechese zur Barmherzigkeit im Licht des Neuen Testaments von Papst Franziskus In der Katechese bei der Generalaudienz vom Mittwoch, 14. September 2016, wurde wieder\u00a0eine Lesung\u00a0aus dem Matth\u00e4usevangelium (siehe unten Mt 11,28-30) vorgetragen. W\u00e4hrend dieses Jubil\u00e4ums haben wir oft \u00fcber die Tatsache nachgedacht, dass Jesus sich mit einer einzigartigen Z\u00e4rtlichkeit ausdr\u00fcckt: Ein Zeichen der Gegenwart und &hellip; <a href=\"https:\/\/website.ifit.li\/?p=7525\" class=\"more-link\"><span class=\"screen-reader-text\">Bekehrung ist immer Entdeckung der Barmherzigkeit Gottes<\/span> weiterlesen <span class=\"meta-nav\">&rarr;<\/span><\/a><\/p>\n","protected":false},"author":1,"featured_media":7532,"comment_status":"closed","ping_status":"open","sticky":false,"template":"","format":"standard","meta":{"footnotes":""},"categories":[2],"tags":[236,129,249,241,251,173,191,104,208,58,167,209,445],"class_list":["post-7525","post","type-post","status-publish","format-standard","has-post-thumbnail","hentry","category-kirche","tag-armut","tag-barmherzigkeit","tag-bekehrung","tag-demut","tag-erkenntnislehre","tag-herz","tag-jahr-der-barmherzigkeit","tag-katechese","tag-leben","tag-papst-franziskus","tag-suende","tag-trost","tag-zoelibat-jungfraeulichkeit"],"_links":{"self":[{"href":"https:\/\/website.ifit.li\/index.php?rest_route=\/wp\/v2\/posts\/7525","targetHints":{"allow":["GET"]}}],"collection":[{"href":"https:\/\/website.ifit.li\/index.php?rest_route=\/wp\/v2\/posts"}],"about":[{"href":"https:\/\/website.ifit.li\/index.php?rest_route=\/wp\/v2\/types\/post"}],"author":[{"embeddable":true,"href":"https:\/\/website.ifit.li\/index.php?rest_route=\/wp\/v2\/users\/1"}],"replies":[{"embeddable":true,"href":"https:\/\/website.ifit.li\/index.php?rest_route=%2Fwp%2Fv2%2Fcomments&post=7525"}],"version-history":[{"count":22,"href":"https:\/\/website.ifit.li\/index.php?rest_route=\/wp\/v2\/posts\/7525\/revisions"}],"predecessor-version":[{"id":38936,"href":"https:\/\/website.ifit.li\/index.php?rest_route=\/wp\/v2\/posts\/7525\/revisions\/38936"}],"wp:featuredmedia":[{"embeddable":true,"href":"https:\/\/website.ifit.li\/index.php?rest_route=\/wp\/v2\/media\/7532"}],"wp:attachment":[{"href":"https:\/\/website.ifit.li\/index.php?rest_route=%2Fwp%2Fv2%2Fmedia&parent=7525"}],"wp:term":[{"taxonomy":"category","embeddable":true,"href":"https:\/\/website.ifit.li\/index.php?rest_route=%2Fwp%2Fv2%2Fcategories&post=7525"},{"taxonomy":"post_tag","embeddable":true,"href":"https:\/\/website.ifit.li\/index.php?rest_route=%2Fwp%2Fv2%2Ftags&post=7525"}],"curies":[{"name":"wp","href":"https:\/\/api.w.org\/{rel}","templated":true}]}}