{"id":7369,"date":"2016-08-03T23:33:43","date_gmt":"2016-08-03T21:33:43","guid":{"rendered":"https:\/\/ifit.ch\/wordpress\/?p=7369"},"modified":"2021-10-23T16:21:39","modified_gmt":"2021-10-23T14:21:39","slug":"diese-welt-leidet-an-rohheit-leid-krieg-hass-und-trauer","status":"publish","type":"post","link":"https:\/\/website.ifit.li\/?p=7369","title":{"rendered":"Diese Welt leidet an Rohheit, Leid, Krieg, Hass und Trauer"},"content":{"rendered":"<h2>13.\u00a0Katechese zur Barmherzigkeit im Licht des Neuen Testaments von Papst Franziskus<\/h2>\n<p><a href=\"https:\/\/ml2mintiuscj.i.optimole.com\/w:auto\/h:auto\/q:mauto\/f:best\/https:\/\/website.ifit.li\/wp-content\/uploads\/2015\/11\/Genealaudienz-mit-Papst-Franziskus.jpg\"><img data-opt-id=268388314  fetchpriority=\"high\" decoding=\"async\" class=\"alignleft size-full wp-image-6273\" src=\"https:\/\/ml2mintiuscj.i.optimole.com\/w:auto\/h:auto\/q:mauto\/f:best\/https:\/\/website.ifit.li\/wp-content\/uploads\/2015\/11\/Genealaudienz-mit-Papst-Franziskus.jpg\" alt=\"Bild: Internet\" width=\"266\" height=\"189\" \/><\/a>Das erste Thema der Katechese der Generalaudienz nach der Sommerpause vom Mittwoch, 3. August, war ein R\u00fcckblick auf die Reise nach Polen, die kurz zuvor stattfand. Drei Schwerpunkte standen dabei im Vordergrund: der Weltjugendtag (WJT) in Krakau, der Besuch in Tschenstochau, um an die Bedeutung der Barmherzigkeit zu erinnern, und sein Besuch im Konzentrationslager Auschwitz:<!--more--><\/p>\n<blockquote><p>\u201eDer Grund f\u00fcr die Reise war der Weltjugendtag, 25 Jahre nach dem historisch bedeutenden WJT von Tschenstochau, der kurz nach dem Fall des ,Eisernen Vorhangs\u00b4 stattfand. In diesen 25 Jahren hat sich Polen sehr ver\u00e4ndert und auch Europa hat sich ge\u00e4ndert. Das gilt f\u00fcr die ganze Welt. Diese Ausgabe des Weltjugendtages ist ein prophetisches Zeichen f\u00fcr Polen, f\u00fcr Europa und f\u00fcr die Welt.\u201c<\/p><\/blockquote>\n<p>In freier Rede f\u00fcgte er an, dass er ausgehend von den Erinnerungen an den Krieg der Vergangenheit, er an die heutigen M\u00e4nner und Frauen denke, die von den heutigen Kriegen litten.<\/p>\n<blockquote><p>\u201eIch habe sofort an die Rohheit in der heutigen Zeit gedacht, die an jene der Vergangenheit erinnern, vielleicht ist es nicht so auf einen Punkt konzentriert wie in Auschwitz sondern ein bisschen auf der ganzen Welt verteilt. Diese Welt leidet an der Rohheit, Leid, Krieg, Hass und Trauer. Deshalb bitte ich um das Gebet, damit der Herr uns den Frieden schenke.&#187;<\/p><\/blockquote>\n<p>F\u00fcr die heutige Katechese war die Lesung aus dem Evangelium nach Matth\u00e4us (<a href=\"http:\/\/www.bibleserver.com\/text\/EU\/Matth%C3%A4us5.1-7\" target=\"_blank\" rel=\"noopener\">Mt 5,1-7<\/a>) der Ausgangspunkt:<\/p>\n<blockquote><p>Als Jesus die vielen Menschen sah, stieg er auf einen Berg. Er setzte sich, und seine J\u00fcnger traten zu ihm. Dann begann er zu reden und lehrte sie. Er sagte: Selig, die arm sind vor Gott; denn ihnen geh\u00f6rt das Himmelreich. Selig die Trauernden; denn sie werden getr\u00f6stet werden. Selig, die keine Gewalt anwenden; denn sie werden das Land erben. Selig, die hungern und d\u00fcrsten nach der Gerechtigkeit; denn sie werden satt werden. Selig die Barmherzigen; denn sie werden Erbarmen finden.<\/p><\/blockquote>\n<h3>Zusammenfassung der Katechese von Papst Franziskus vom 3.\u00a0August 2016<\/h3>\n<p><i>Liebe Br\u00fcder und Schwestern<\/i>, nach 25 Jahren ist der Weltjugendtag in diesen Tagen ein zweites Mal nach Polen gekommen. Wie 1991 in Tschenstochau hat er diesmal in Krakau junge Menschen aus der ganzen Welt zusammengef\u00fchrt. Das bunte Fahnenmeer im Jordan-Park und auf dem Campus Misericordiae machte die fr\u00f6hliche Gemeinschaft der vielen Nationen deutlich und die Freude, mit Br\u00fcdern und Schwestern zu feiern. Bei diesem Weltjugendtag im Heiligen Jahr der Barmherzigkeit haben die jungen Menschen ihre Bereitschaft zeigen k\u00f6nnen, die Botschaft des g\u00f6ttlichen Erbarmens mit Werken der Barmherzigkeit \u00fcberall hinzutragen. Diese Reise war zugleich ein Besuch Polens, angefangen beim Heiligtum der Gottesmutter von Tschenstochau. Dieses Land mit seiner Geschichte \u2013 gepr\u00e4gt von leidvollen Pr\u00fcfungen und St\u00e4rke im Glauben \u2013 sagt Europa, dass es keine Zukunft f\u00fcr den Kontinent geben kann ohne die R\u00fcckbesinnung auf seine grundlegenden Werte und auf eine christliche Sicht des Menschen. Ein zentraler Wert ist hier die Barmherzigkeit, die mit zwei gro\u00dfen Figuren des polnischen Volkes in Verbindung gebracht wird: der heiligen Schwester Faustyna und dem heiligen Johannes Paul II. Ein ausdrucksvoller Moment vor dem Hintergrund der augenblicklichen Weltlage und der Bedrohung durch einen \u201est\u00fcckweisen\u201c Krieg war schlie\u00dflich der Besuch in Auschwitz-Birkenau. In Gebet und in Stille habe ich der unz\u00e4hligen Opfer von Krieg und Gewalt gedacht. Es ist ein Ort der Erinnerung und zugleich der Mahnung zur Verantwortung, dazu beizutragen, dass der Samen des Hasses und der Gewalt nie wieder Wurzeln schl\u00e4gt. <a href=\"http:\/\/w2.vatican.va\/content\/francesco\/de\/audiences\/2016\/documents\/papa-francesco_20160803_udienza-generale.html\" target=\"_blank\" rel=\"noopener\"><span style=\"color: #663300;\">\u00a9 Copyright &#8211; Libreria Editrice Vaticana<\/span><\/a><\/p>\n<h3>F\u00fcr die deutschsprachigen Pilger wurden folgende Gru\u00dfworte auf Italienisch verlesen:<\/h3>\n<p>Einen herzlichen Gru\u00df richte ich an die Pilger und Besucher deutscher Sprache. In der Sommerzeit wollen wir unsere menschlichen Beziehungen nicht vernachl\u00e4ssigen und ebenso den Dialog mit Gott im Gebet nicht unterlassen. Vergessen wir auch nicht, im Urlaub manche Werke der Barmherzigkeit zu tun! Der Heilige Geist begleite euch auf euren Wegen! <a href=\"http:\/\/w2.vatican.va\/content\/francesco\/de\/audiences\/2016\/documents\/papa-francesco_20160803_udienza-generale.html\" target=\"_blank\" rel=\"noopener\"><span style=\"color: #663300;\">\u00a9 Copyright &#8211; Libreria Editrice Vaticana<\/span><\/a><\/p>\n<h2 id=\"hinweise\"><strong>Weitere Hinweise und Quellen<\/strong><\/h2>\n<ul>\n<li style=\"list-style-type: none;\">\n<ul>\n<li>Radio Vatikan: <a href=\"http:\/\/de.radiovaticana.va\/news\/2016\/08\/03\/generalaudienz_wjt_ist_antwort_auf_welt_der_kriege\/1248971\" target=\"_blank\" rel=\"noopener\"><u><span style=\"color: #0066cc;\">Audiodokument 1248971<\/span><\/u><\/a><\/li>\n<li>Radio Horeb: <a href=\"http:\/\/www.horeb.org\/xyz\/podcast\/papstaudienz\/20160803audienz.mp3\" target=\"_blank\" rel=\"noopener\"><u><span style=\"color: #0066cc;\">Podcast zur Generalaudienz vom 3.\u00a0August 2016<\/span><\/u><\/a><\/li>\n<li>Agentur Zenit (Link https:\/\/de.zenit.org\/articles\/wir-leben-in-einer-an-grausamkeit-schmerz-krieg-hass-und-traurigkeit-kranken-welt\/ vergriffen): <u><span style=\"color: #0066cc;\">Katechese von Papst Franziskus w\u00e4hrend der Generalaudienz am 3.\u00a0August 2016<\/span><\/u><\/li>\n<li>YouTube (alle Sprachen): <a href=\"https:\/\/www.youtube.com\/watch?v=PY6eR2dZkEo&amp;t=3s\" target=\"_blank\" rel=\"noopener\"><u><span style=\"color: #0066cc;\">Pope Francis General Audience 2016.08.03<\/span><\/u><\/a><\/li>\n<li><a href=\"https:\/\/website.ifit.li\/?p=7238\" target=\"_blank\" rel=\"noopener\">Herr Jesus, wenn du willst, kannst du machen, dass ich rein werde<\/a><\/li>\n<li><a href=\"https:\/\/website.ifit.li\/?p=7216\" target=\"_blank\" rel=\"noopener\">Gleichg\u00fcltigkeit und Feindseligkeit machen den Glauben taub und blind<\/a><\/li>\n<li><a href=\"https:\/\/website.ifit.li\/?p=7201\" target=\"_blank\" rel=\"noopener\">Dem Herrn dienen heisst, sein Wort h\u00f6ren und in die Tat umsetzen<\/a><\/li>\n<li><a href=\"https:\/\/website.ifit.li\/?p=7172\" target=\"_blank\" rel=\"noopener\">Oh Gott, habe Erbarmen mit mir armem S\u00fcnder!<\/a><\/li>\n<li><a href=\"https:\/\/website.ifit.li\/?p=7137\" target=\"_blank\" rel=\"noopener\">Gott Vater erh\u00f6rt seine Kinder immer, ohne zu z\u00f6gern, wie er will<\/a><\/li>\n<li><a href=\"https:\/\/website.ifit.li\/?p=7114\" target=\"_blank\" rel=\"noopener\">Gottes Barmherzigkeit tritt nicht ein ins verschlossene Herz<\/a><\/li>\n<li><a href=\"https:\/\/website.ifit.li\/?p=7071\" target=\"_blank\" rel=\"noopener\">Niemand kann uns die W\u00fcrde der Kindschaft Gottes wegnehmen<\/a><\/li>\n<li><a href=\"https:\/\/website.ifit.li\/?p=7062\" target=\"_blank\" rel=\"noopener\">Der Hirte sucht seine Schafe in der W\u00fcste der Wegwerfgesellschaft<\/a><\/li>\n<li><a href=\"https:\/\/website.ifit.li\/?p=7046\" target=\"_blank\" rel=\"noopener\">Der N\u00e4chste hat Mitleid mit dem Leidenden und naht sich ihm<\/a><\/li>\n<li><a href=\"https:\/\/website.ifit.li\/?p=7034\" target=\"_blank\" rel=\"noopener\">Wem Gott viel S\u00fcnden vergibt, der wird ihn auch viel lieben<\/a><\/li>\n<li><a href=\"https:\/\/website.ifit.li\/?p=7004\" target=\"_blank\" rel=\"noopener\">Kein Heiliger ohne Vergangenheit, kein S\u00fcnder ohne Zukunft<\/a><\/li>\n<li><a href=\"https:\/\/website.ifit.li\/?p=6957\" target=\"_blank\" rel=\"noopener\">Christus selbst stellt sich in die Reihe der S\u00fcnder und l\u00e4sst sich taufen<\/a><\/li>\n<li><a href=\"https:\/\/website.ifit.li\/?p=6925\" target=\"_blank\" rel=\"noopener\">Der Mensch, dem von Gott vergeben wird, wird zu einer neuen Kreatur<\/a><\/li>\n<li><a href=\"https:\/\/website.ifit.li\/?p=6916\" target=\"_blank\" rel=\"noopener\"><u>Die Liebe Gottes geht immer wieder bis an die Grenzen ohne Grenzen<\/u><\/a><\/li>\n<li><a href=\"https:\/\/website.ifit.li\/?p=6910\" target=\"_blank\" rel=\"noopener\"><u>Gott l\u00e4sst uns in aller Not und Bedr\u00e4ngnis nicht allein<\/u><\/a><\/li>\n<li><a href=\"https:\/\/website.ifit.li\/?p=6899\" target=\"_blank\" rel=\"noopener\"><u>Die Fusswaschung Jesu lehrt uns, Bedienstete und Diener zu sein<\/u><\/a><\/li>\n<li><a href=\"https:\/\/website.ifit.li\/?p=6798\" target=\"_blank\" rel=\"noopener\"><u>Die Strafe eines Vaters soll ein Kind zur Umkehr hinf\u00fchren<\/u><\/a><\/li>\n<li><a href=\"https:\/\/website.ifit.li\/?p=6773\" target=\"_blank\" rel=\"noopener\"><u>Ohne Dienst wird Macht zu Arroganz, Hochmut, Dominanz und Unterdr\u00fcckung<\/u><\/a><\/li>\n<li><a href=\"https:\/\/website.ifit.li\/?p=6725\" target=\"_blank\" rel=\"noopener\"><u>Andere auszun\u00fctzen, ist eine S\u00fcnde, die zu Gott schreit!<\/u><\/a><\/li>\n<li><a href=\"https:\/\/website.ifit.li\/?p=6700\" target=\"_blank\" rel=\"noopener\"><u>Das Opfer vergibt dem Schuldigen und hilft ihm zu Reue und Umkehr<\/u><\/a><\/li>\n<li><a href=\"https:\/\/website.ifit.li\/?p=6667\" target=\"_blank\" rel=\"noopener\"><u>Als echte Kinder Gottes erben wir auch seine G\u00fcte und Barmherzigkeit<\/u><\/a><\/li>\n<li><a href=\"https:\/\/website.ifit.li\/?p=6632\" target=\"_blank\" rel=\"noopener\"><u>Die Taufe ist f\u00fcr alle der Weg von der Finsternis ins Licht<\/u><\/a><\/li>\n<li><a href=\"https:\/\/website.ifit.li\/?p=6609\" target=\"_blank\" rel=\"noopener\"><u>Die Liebe Gottes geht \u00fcber S\u00fcnde hinaus \u2013 eine Treue ohne Grenzen!<\/u><\/a><\/li>\n<li><a href=\"https:\/\/website.ifit.li\/?p=6567\" target=\"_blank\" rel=\"noopener\"><u>Jesus zeigt das Antlitz der Liebe und Barmherzigkeit seines Vaters<\/u><\/a><\/li>\n<li><a href=\"https:\/\/website.ifit.li\/?p=6507\" target=\"_blank\" rel=\"noopener\"><u>Christus ist diese heilige Pforte und der Eintritt kostet nichts!<\/u><\/a><\/li>\n<li><a href=\"https:\/\/website.ifit.li\/?p=6460\" target=\"_blank\" rel=\"noopener\"><u>Die g\u00f6ttliche Barmherzigkeit \u00fcberstrahlt das Dunkel der S\u00fcnde<\/u><\/a><\/li>\n<li><a href=\"https:\/\/website.ifit.li\/?p=6441\" target=\"_blank\" rel=\"noopener\"><u>Der Sieg der Liebe Christi schliesst alles ein in die Barmherzigkeit des Vaters<\/u><\/a><\/li>\n<li><a href=\"https:\/\/website.ifit.li\/?p=6264\" target=\"_blank\" rel=\"noopener\"><u>Wer ist die T\u00fcr Gottes? Jesus Christus!<\/u><\/a><\/li>\n<li><a href=\"https:\/\/website.ifit.li\/?p=6325\" target=\"_blank\" rel=\"noopener\"><u>Erste Heilige Pforte zum Jahr der Barmherzigkeit in Bangui ge\u00f6ffnet<\/u><\/a><\/li>\n<li><a href=\"https:\/\/website.ifit.li\/?p=6248\" target=\"_blank\" rel=\"noopener\"><u>Das ausserordentliche Jubeljahr der Barmherzigkeit<\/u><\/a><\/li>\n<li><a title=\"Kostenfreie Anmeldung gilt f\u00fcr acht Veranstaltungen mit besonderem Besucherandrang und soll die Planung und Steuerung erleichtern \u2013 Last Minute-Registrierung f\u00fcr noch verf\u00fcgbare Pl\u00e4tze im \u201eWillkommenszentrum\u201c auf der Via della Conciliazione.\" href=\"http:\/\/www.im.va\/content\/gdm\/de.html\" target=\"_blank\" rel=\"noopener\"><u><span style=\"color: #0066cc;\">Vatikan \u2013 Jubil\u00e4um der Barmherzigkeit<\/span><\/u><\/a><\/li>\n<\/ul>\n<\/li>\n<\/ul>\n","protected":false},"excerpt":{"rendered":"<p>13.\u00a0Katechese zur Barmherzigkeit im Licht des Neuen Testaments von Papst Franziskus Das erste Thema der Katechese der Generalaudienz nach der Sommerpause vom Mittwoch, 3. August, war ein R\u00fcckblick auf die Reise nach Polen, die kurz zuvor stattfand. Drei Schwerpunkte standen dabei im Vordergrund: der Weltjugendtag (WJT) in Krakau, der Besuch in Tschenstochau, um an die &hellip; <a href=\"https:\/\/website.ifit.li\/?p=7369\" class=\"more-link\"><span class=\"screen-reader-text\">Diese Welt leidet an Rohheit, Leid, Krieg, Hass und Trauer<\/span> weiterlesen <span class=\"meta-nav\">&rarr;<\/span><\/a><\/p>\n","protected":false},"author":1,"featured_media":7373,"comment_status":"closed","ping_status":"open","sticky":false,"template":"","format":"standard","meta":{"footnotes":""},"categories":[2],"tags":[129,191,104,58],"class_list":["post-7369","post","type-post","status-publish","format-standard","has-post-thumbnail","hentry","category-kirche","tag-barmherzigkeit","tag-jahr-der-barmherzigkeit","tag-katechese","tag-papst-franziskus"],"_links":{"self":[{"href":"https:\/\/website.ifit.li\/index.php?rest_route=\/wp\/v2\/posts\/7369","targetHints":{"allow":["GET"]}}],"collection":[{"href":"https:\/\/website.ifit.li\/index.php?rest_route=\/wp\/v2\/posts"}],"about":[{"href":"https:\/\/website.ifit.li\/index.php?rest_route=\/wp\/v2\/types\/post"}],"author":[{"embeddable":true,"href":"https:\/\/website.ifit.li\/index.php?rest_route=\/wp\/v2\/users\/1"}],"replies":[{"embeddable":true,"href":"https:\/\/website.ifit.li\/index.php?rest_route=%2Fwp%2Fv2%2Fcomments&post=7369"}],"version-history":[{"count":10,"href":"https:\/\/website.ifit.li\/index.php?rest_route=\/wp\/v2\/posts\/7369\/revisions"}],"predecessor-version":[{"id":38930,"href":"https:\/\/website.ifit.li\/index.php?rest_route=\/wp\/v2\/posts\/7369\/revisions\/38930"}],"wp:featuredmedia":[{"embeddable":true,"href":"https:\/\/website.ifit.li\/index.php?rest_route=\/wp\/v2\/media\/7373"}],"wp:attachment":[{"href":"https:\/\/website.ifit.li\/index.php?rest_route=%2Fwp%2Fv2%2Fmedia&parent=7369"}],"wp:term":[{"taxonomy":"category","embeddable":true,"href":"https:\/\/website.ifit.li\/index.php?rest_route=%2Fwp%2Fv2%2Fcategories&post=7369"},{"taxonomy":"post_tag","embeddable":true,"href":"https:\/\/website.ifit.li\/index.php?rest_route=%2Fwp%2Fv2%2Ftags&post=7369"}],"curies":[{"name":"wp","href":"https:\/\/api.w.org\/{rel}","templated":true}]}}