{"id":7339,"date":"2016-08-09T22:56:36","date_gmt":"2016-08-09T20:56:36","guid":{"rendered":"https:\/\/ifit.ch\/wordpress\/?p=7339"},"modified":"2021-06-18T15:30:27","modified_gmt":"2021-06-18T13:30:27","slug":"auf-frieden-und-versoehnung-setzen-statt-rache-und-hass","status":"publish","type":"post","link":"https:\/\/website.ifit.li\/?p=7339","title":{"rendered":"Friede, Gebet und Vers\u00f6hnung anstatt Gewalt, Rache und Hass"},"content":{"rendered":"<h2>Christen in Bangladesch geh\u00f6ren zu den \u00c4rmsten und haben einen schwereren Stand<\/h2>\n<figure id=\"attachment_7342\" aria-describedby=\"caption-attachment-7342\" style=\"width: 225px\" class=\"wp-caption alignleft\"><a href=\"https:\/\/ml2mintiuscj.i.optimole.com\/w:auto\/h:auto\/q:mauto\/f:best\/https:\/\/website.ifit.li\/wp-content\/uploads\/2016\/08\/Familie.jpg\"><img data-opt-id=932680981  fetchpriority=\"high\" decoding=\"async\" class=\"size-medium wp-image-7342\" src=\"https:\/\/ml2mintiuscj.i.optimole.com\/w:225\/h:300\/q:mauto\/f:best\/https:\/\/website.ifit.li\/wp-content\/uploads\/2016\/08\/Familie.jpg\" alt=\"Bild: Kirche in Not\" width=\"225\" height=\"300\" srcset=\"https:\/\/ml2mintiuscj.i.optimole.com\/w:225\/h:300\/q:mauto\/f:best\/https:\/\/website.ifit.li\/wp-content\/uploads\/2016\/08\/Familie.jpg 225w, https:\/\/ml2mintiuscj.i.optimole.com\/w:768\/h:1025\/q:mauto\/f:best\/https:\/\/website.ifit.li\/wp-content\/uploads\/2016\/08\/Familie.jpg 768w, https:\/\/ml2mintiuscj.i.optimole.com\/w:767\/h:1024\/q:mauto\/f:best\/https:\/\/website.ifit.li\/wp-content\/uploads\/2016\/08\/Familie.jpg 767w, https:\/\/ml2mintiuscj.i.optimole.com\/w:809\/h:1080\/q:mauto\/f:best\/https:\/\/website.ifit.li\/wp-content\/uploads\/2016\/08\/Familie.jpg 1274w\" sizes=\"(max-width: 225px) 100vw, 225px\" \/><\/a><figcaption id=\"caption-attachment-7342\" class=\"wp-caption-text\">Familie der ermordeten Italienerin<\/figcaption><\/figure>\n<p>Bei einem islamistischen Attentat auf das\u00a0<em>Caf\u00e9 Holey Artisan Bakery<\/em>\u00a0im Diplomatenviertel von <a href=\"https:\/\/www.google.ch\/maps\/place\/Dhaka+1000-1200,+Bangladesch\/@23.7810121,90.1390847,10z\/data=!3m1!4b1!4m5!3m4!1s0x3755b8b087026b81:0x8fa563bbdd5904c2!8m2!3d23.810332!4d90.4125181?hl=de\" target=\"_blank\" rel=\"noopener\">Dhaka<\/a> in Bangladesch wurden in der Nacht vom\u00a0ersten auf den\u00a0zweiten Juli\u00a0zweiundzwanzig Menschen get\u00f6tet, darunter zwei Polizisten. Zum Attentat bekannte sich die Terrormiliz\u00a0<em>Islamische Staat<\/em><em>\u00a0<\/em>(IS), die einen weltweiten <a href=\"https:\/\/de.wikipedia.org\/wiki\/Dschihad\" target=\"_blank\" rel=\"noopener\">Dschihad<\/a> ausgerufen hat. Die Familie eines Opfers setzt ein Zeichen der Hoffnung und hilft den verfolgten Christen in Bangladesch. Die von den Islamisten als Geiseln genommenen Opfer waren grausam ermordet worden, vor allem die weiblichen Opfer wiesen Spuren brutaler Folter und Misshandlung auf. Unter ihnen befindet sich auch die 33 Jahre alte Italienerin Simona Monti. Sie und das ungeborene Kind, mit dem sie schwanger war, wurden bei dem Attentat get\u00f6tet. <!--more-->Der Bruder Don Luca Monti von Simona Monti ist katholischer Priester:<\/p>\n<blockquote><p><strong>\u201eWir betrachten den Tod von Simona als Martyrium. Sie wurde aus Hass gegen ihren Glauben ermordet, aus diesem Grund wollen wir ihrer auch dadurch gedenken, indem wir die verfolgten Christen unterst\u00fctzen. B\u00f6ses wollen wir mit Gutem vergelten. Wir sind eine christliche Familie. Wir sind \u00fcberzeugt, dass so auch Simonas Opfer Segen bringen wird.\u201c<\/strong><\/p><\/blockquote>\n<p>Simona arbeitete f\u00fcr ein Textilunternehmen, das auch in Bangladesch produziert.<\/p>\n<h3>Bau der St. Michaelskirche f\u00fcr die Christen Bangladeschs &#8211; Simona Monti (1983-2016)<\/h3>\n<p><a href=\"https:\/\/ml2mintiuscj.i.optimole.com\/w:auto\/h:auto\/q:mauto\/f:best\/https:\/\/website.ifit.li\/wp-content\/uploads\/2016\/08\/Maedchen-mit-Blumen.jpg\"><img data-opt-id=70585410  fetchpriority=\"high\" decoding=\"async\" class=\"alignleft size-medium wp-image-7344\" src=\"https:\/\/ml2mintiuscj.i.optimole.com\/w:225\/h:300\/q:mauto\/f:best\/https:\/\/website.ifit.li\/wp-content\/uploads\/2016\/08\/Maedchen-mit-Blumen.jpg\" alt=\"Bild: Kirche in Not\" width=\"225\" height=\"300\" srcset=\"https:\/\/ml2mintiuscj.i.optimole.com\/w:225\/h:300\/q:mauto\/f:best\/https:\/\/website.ifit.li\/wp-content\/uploads\/2016\/08\/Maedchen-mit-Blumen.jpg 225w, https:\/\/ml2mintiuscj.i.optimole.com\/w:768\/h:1025\/q:mauto\/f:best\/https:\/\/website.ifit.li\/wp-content\/uploads\/2016\/08\/Maedchen-mit-Blumen.jpg 768w, https:\/\/ml2mintiuscj.i.optimole.com\/w:767\/h:1024\/q:mauto\/f:best\/https:\/\/website.ifit.li\/wp-content\/uploads\/2016\/08\/Maedchen-mit-Blumen.jpg 767w, https:\/\/ml2mintiuscj.i.optimole.com\/w:809\/h:1080\/q:mauto\/f:best\/https:\/\/website.ifit.li\/wp-content\/uploads\/2016\/08\/Maedchen-mit-Blumen.jpg 1274w\" sizes=\"(max-width: 225px) 100vw, 225px\" \/><\/a>Die Familie von Simona Monti und Freunde \u00fcberwiesen dem Hilfswerk Kirche in Not\u00a0(<a href=\"http:\/\/www.acn-intl.org\/\" target=\"_blank\" rel=\"noopener\"><u>Aid to the Church in Need<\/u><\/a>) eine Spende, mit der in Bangladesch der Bau der St. Michaelskirche in <a href=\"https:\/\/www.google.ch\/maps\/place\/Harintana+Camp\/@22.1299178,89.7108471,17z\/data=!3m1!4b1!4m5!3m4!1s0x3a0069ee3b81c48b:0x8971ccc3d6b67054!8m2!3d22.1299128!4d89.7130358?hl=de\" target=\"_blank\" rel=\"noopener\">Harintana <\/a>unterst\u00fctzt wird. <a href=\"https:\/\/www.google.ch\/maps\/place\/Harintana+Camp\/@22.1299178,89.7108471,17z\/data=!3m1!4b1!4m5!3m4!1s0x3a0069ee3b81c48b:0x8971ccc3d6b67054!8m2!3d22.1299128!4d89.7130358?hl=de\" target=\"_blank\" rel=\"noopener\">Harintana<\/a> ist eine Kleinstadt im S\u00fcden des Landes und geh\u00f6rt zur Di\u00f6zese <a href=\"https:\/\/www.google.ch\/maps\/place\/Khulna,+Bangladesch\/@22.8455571,89.3924035,11z\/data=!3m1!4b1!4m5!3m4!1s0x39ff9071cb47152f:0xf04b212290718952!8m2!3d22.845641!4d89.5403279?hl=de\" target=\"_blank\" rel=\"noopener\">Khulna<\/a>. Don Luca Monti ist Pfarrer der Pfarrei zu den Heiligen Aposteln Petrus und Paulus in Santa Lucia di Serino in der italienischen Provinz Avellino. Die Beerdigung seiner Schwester und ihres Kindes fand in schlichter W\u00fcrde statt.<\/p>\n<blockquote><p><span style=\"color: #ff0000;\"><strong>\u201eEs braucht keinen Pomp. Vor Gott steht der Mensch ganz nackt da. Das ist ein ernster Augenblick. Das Geld fliesst in den Kirchenbau.\u201c<\/strong><\/span><\/p><\/blockquote>\n<p>Das Geld, vom dem Don Luca Monti spricht, es stammt von der Familie und wurde unter Freunden und im Heimatort Simonas gesammelt, wurde Kirche in Not (<a href=\"http:\/\/www.acn-intl.org\/\" target=\"_blank\" rel=\"noopener\"><u><span style=\"color: #0066cc;\">Aid to the Church in Need<\/span><\/u><\/a>) \u00fcbergeben,<\/p>\n<blockquote><p><span style=\"color: #ff0000;\"><strong>\u201eweil dieses Hilfswerk grossartige Projekte f\u00fcr unsere verfolgten Br\u00fcder verwirklicht\u201c.<\/strong><\/span><\/p><\/blockquote>\n<p>Die gl\u00e4ubigen Katholiken von <u><span style=\"color: #0066cc;\">Harintana<\/span><\/u> m\u00fcssen viele Kilometer zur\u00fccklegen und dabei einen Fluss \u00fcberqueren, um die n\u00e4chste Kirche zu erreichen. Don Luca Monti formulierte es gegen\u00fcber dem Wochenmagazin Tempi folgendermassen:<\/p>\n<blockquote><p><strong>\u201eWir haben dieses Projekt ausgew\u00e4hlt, weil es ein Zeichen der Hoffnung ist f\u00fcr die Christen von Harintana und auch f\u00fcr uns im Glauben auszuharren und auch vor der Gewalt nicht zur\u00fcckzuweichen und aufzugeben. Wir hoffen auch, dass unsere Br\u00fcder in Harintana f\u00fcr Simonas Seelenheil beten werden, und das unserer Familie.\u201c<\/strong><\/p><\/blockquote>\n<p>\u201eDer Glauben ist unser Halt und Trost\u201c, sagte die Mutter der Ermordeten. Die Eltern von Simona Monti haben \u201eder Kirche einen Priester und eine M\u00e4rtyrerin geschenkt\u201c, so Tempi. Sie bedauern \u201eso sehr, unser Enkelkind nicht kennengelernt zu haben\u201c. Unter den 170 Millionen Bengalen, zum weitaus gr\u00f6ssten Teil Muslime, gibt es rund 600 000 Christen. Im Jahr 2015 unterst\u00fctzte Kirche in Not Projekte in Bangladesch mit rund 680 000 Schweizer Franken.<\/p>\n<h3><b>Spenden mit Vermerk \u00abBangladesch\u00bb k\u00f6nnen gerichtet werden an:<\/b><\/h3>\n<p><strong><a href=\"https:\/\/ml2mintiuscj.i.optimole.com\/w:auto\/h:auto\/q:mauto\/f:best\/https:\/\/website.ifit.li\/wp-content\/uploads\/2015\/02\/Kirche-in-Not-Logo-70x70.jpg\" target=\"_blank\" rel=\"noopener\"><img data-opt-id=1658698747  fetchpriority=\"high\" decoding=\"async\" class=\"alignleft wp-image-4966 size-full\" title=\"Kirche in Not\" src=\"https:\/\/ml2mintiuscj.i.optimole.com\/w:70\/h:70\/q:mauto\/f:best\/dpr:2\/https:\/\/website.ifit.li\/wp-content\/uploads\/2015\/02\/Kirche-in-Not-Logo-70x70.jpg\" alt=\"Bild: Kirche in Not\" width=\"70\" height=\"70\" \/><\/a>Kirche in Not\u00a0Schweiz\/F\u00fcrstentum Liechtenstein<br \/>\n<\/strong>Cysatstrasse 6, 6004 Luzern, Tel. ; Fax 041 410 31 70 E-Mail:<span class=\"Apple-converted-space\">\u00a0<\/span><a target=\"_blank\" rel=\"noopener\">mail@kirche-in-not.ch<br \/>\n<\/a>Internet: www.kirche-in-not.ch<br \/>\nKonto PC 60-17200-9; IBAN 55 0900 0000 6001 7200 9<\/p>\n","protected":false},"excerpt":{"rendered":"<p>Christen in Bangladesch geh\u00f6ren zu den \u00c4rmsten und haben einen schwereren Stand Bei einem islamistischen Attentat auf das\u00a0Caf\u00e9 Holey Artisan Bakery\u00a0im Diplomatenviertel von Dhaka in Bangladesch wurden in der Nacht vom\u00a0ersten auf den\u00a0zweiten Juli\u00a0zweiundzwanzig Menschen get\u00f6tet, darunter zwei Polizisten. Zum Attentat bekannte sich die Terrormiliz\u00a0Islamische Staat\u00a0(IS), die einen weltweiten Dschihad ausgerufen hat. Die Familie eines &hellip; <a href=\"https:\/\/website.ifit.li\/?p=7339\" class=\"more-link\"><span class=\"screen-reader-text\">Friede, Gebet und Vers\u00f6hnung anstatt Gewalt, Rache und Hass<\/span> weiterlesen <span class=\"meta-nav\">&rarr;<\/span><\/a><\/p>\n","protected":false},"author":1,"featured_media":7341,"comment_status":"closed","ping_status":"open","sticky":false,"template":"","format":"standard","meta":{"footnotes":""},"categories":[2],"tags":[170,217,176,215,230,202,187,30,209],"class_list":["post-7339","post","type-post","status-publish","format-standard","has-post-thumbnail","hentry","category-kirche","tag-christ","tag-christentum","tag-familie","tag-friede","tag-gebet","tag-gewalt","tag-glauben","tag-kirche-in-not","tag-trost"],"_links":{"self":[{"href":"https:\/\/website.ifit.li\/index.php?rest_route=\/wp\/v2\/posts\/7339","targetHints":{"allow":["GET"]}}],"collection":[{"href":"https:\/\/website.ifit.li\/index.php?rest_route=\/wp\/v2\/posts"}],"about":[{"href":"https:\/\/website.ifit.li\/index.php?rest_route=\/wp\/v2\/types\/post"}],"author":[{"embeddable":true,"href":"https:\/\/website.ifit.li\/index.php?rest_route=\/wp\/v2\/users\/1"}],"replies":[{"embeddable":true,"href":"https:\/\/website.ifit.li\/index.php?rest_route=%2Fwp%2Fv2%2Fcomments&post=7339"}],"version-history":[{"count":9,"href":"https:\/\/website.ifit.li\/index.php?rest_route=\/wp\/v2\/posts\/7339\/revisions"}],"predecessor-version":[{"id":37895,"href":"https:\/\/website.ifit.li\/index.php?rest_route=\/wp\/v2\/posts\/7339\/revisions\/37895"}],"wp:featuredmedia":[{"embeddable":true,"href":"https:\/\/website.ifit.li\/index.php?rest_route=\/wp\/v2\/media\/7341"}],"wp:attachment":[{"href":"https:\/\/website.ifit.li\/index.php?rest_route=%2Fwp%2Fv2%2Fmedia&parent=7339"}],"wp:term":[{"taxonomy":"category","embeddable":true,"href":"https:\/\/website.ifit.li\/index.php?rest_route=%2Fwp%2Fv2%2Fcategories&post=7339"},{"taxonomy":"post_tag","embeddable":true,"href":"https:\/\/website.ifit.li\/index.php?rest_route=%2Fwp%2Fv2%2Ftags&post=7339"}],"curies":[{"name":"wp","href":"https:\/\/api.w.org\/{rel}","templated":true}]}}