{"id":7216,"date":"2016-06-15T21:15:38","date_gmt":"2016-06-15T19:15:38","guid":{"rendered":"https:\/\/ifit.ch\/wordpress\/?p=7216"},"modified":"2021-10-23T16:15:13","modified_gmt":"2021-10-23T14:15:13","slug":"gleichgueltigkeit-und-feindseligkeit-machen-den-glauben-blind-und-taub","status":"publish","type":"post","link":"https:\/\/website.ifit.li\/?p=7216","title":{"rendered":"Gleichg\u00fcltigkeit und Feindseligkeit machen den Glauben taub und blind"},"content":{"rendered":"<h2>11.\u00a0Katechese zur Barmherzigkeit im Licht des Neuen Testaments von Papst Franziskus<\/h2>\n<p><a href=\"https:\/\/ml2mintiuscj.i.optimole.com\/w:auto\/h:auto\/q:mauto\/f:best\/https:\/\/website.ifit.li\/wp-content\/uploads\/2015\/11\/Genealaudienz-mit-Papst-Franziskus.jpg\"><img data-opt-id=268388314  fetchpriority=\"high\" decoding=\"async\" class=\"alignleft size-full wp-image-6273\" src=\"https:\/\/ml2mintiuscj.i.optimole.com\/w:auto\/h:auto\/q:mauto\/f:best\/https:\/\/website.ifit.li\/wp-content\/uploads\/2015\/11\/Genealaudienz-mit-Papst-Franziskus.jpg\" alt=\"Bild: Internet\" width=\"266\" height=\"189\" \/><\/a>Papst Franziskus widmete seine Katechese w\u00e4hrend der Generalaudienz am 15. Juni 2016 den Menschen, die wegen physischer oder anderer Leiden von der Gesellschaft ausgeschlossen sind. Ausgehend vom Tagesevangelium legte er dar, dass damals Menschen wie dieser blinde Bettler am Stra\u00dfenrand in Jericho einsam und fern von der Gesellschaft lebten. Franziskus gab zu Bedenken, dass das Bild des blinden Bettlers noch umso trauriger sei, da Jericho das Ziel nach dem Auszug aus \u00c4gypten und die Pforte zum gelobten Land gewesen sei. In dieser pr\u00e4chtigen Stadt sitze dieser Bettler ganz allein und\u00a0niemand habe Mitleid mit ihm. Der arme Mann erfahre Gleichg\u00fcltigkeit und Ablehnung durch die Menschen, die auch blind f\u00fcr ihre Br\u00fcder seien und in ihm\u00a0nicht den Herrn zu erkennen vermochten. Als Jesus in die Stadt komme, sei ausgerechnet nur der Blinde in der Lage, in ihm den Herrn zu sehen. Mit dieser Geste der Heilung\u00a0bewirkte Jesus, den Ausgeschlossenen in den Mittelpunkt aller zu stellen. Der Glaube hat dem Blinden die Augen ge\u00f6ffnet. Durch die Begegnung mit der Barmherzigkeit versammelten sich alle um den Herrn und sahen, wer Trost und Hilfe ben\u00f6tige. Der Blinde folgte schlie\u00dflich Jesus und wurde zu einem Glaubensboten. Auf diese Weise werde auch das Volk bekehrt und sehend. <!--more-->Die Lesung zur Katechese stammte aus dem Lukasevangelium (<a href=\"http:\/\/www.bibleserver.com\/text\/EU\/Lukas18.35-43\" target=\"_blank\" rel=\"noopener\">Lk 18, 35-43<\/a>):<\/p>\n<blockquote><p>Als Jesus in die N\u00e4he von Jericho kam, sa\u00df ein Blinder an der Stra\u00dfe und bettelte. Er h\u00f6rte, dass viele Menschen vorbeigingen, und fragte: Was hat das zu bedeuten? Man sagte ihm: Jesus von Nazaret geht vor\u00fcber. Da rief er: Jesus, Sohn Davids, hab Erbarmen mit mir!<br \/>\n39 Die Leute, die vorausgingen, wurden \u00e4rgerlich und befahlen ihm zu schweigen. Er aber schrie noch viel lauter: Sohn Davids, hab Erbarmen mit mir! Jesus blieb stehen und lie\u00df ihn zu sich herf\u00fchren. Als der Mann vor ihm stand, fragte ihn Jesus: Was soll ich dir tun? Er antwortete: Herr, ich m\u00f6chte wieder sehen k\u00f6nnen. Da sagte Jesus zu ihm: Du sollst wieder sehen. Dein Glaube hat dir geholfen. Im gleichen Augenblick konnte er wieder sehen. Da pries er Gott und folgte Jesus. Und alle Leute, die das gesehen hatten, lobten Gott.<\/p><\/blockquote>\n<h3>Zusammenfassung der Katechese von Papst Franziskus vom 15.\u00a0Juni 2016<\/h3>\n<p><em>Liebe Br\u00fcder und Schwestern, <\/em>in den Evangelien h\u00f6ren wir immer wieder, wie Jesus seine Barmherzigkeit allen schenkt, denen er begegnet: Er ruft die Menschen, er sammelt, heilt und erleuchtet sie und schafft so ein neues Volk, das die Wunder seiner barmherzigen Liebe feiert. Das wird unter anderem bei der Heilung des Blinden von Jericho deutlich. Der Blinde geh\u00f6rt zu den Bed\u00fcrftigen und an den Rand Gedr\u00e4ngten, denen die Gl\u00e4ubigen schon nach dem Gesetz des Mose zu helfen verpflichtet sind (vgl. <em>Dtn<\/em> 15, 7.11). Der Evangelist Lukas bringt zu der Episode ein interessantes Detail: Jemand erkl\u00e4rt dem Blinden den Grund f\u00fcr den Volksauflauf. Er sagt: \u201eJesus von Nazareth geht vor\u00fcber\u201c (<em>Lk<\/em> 18,37). Es klingt hier der \u201eVor\u00fcbergang\u201c des Herrn im Buch Exodus, das Pascha des Alten Bundes an, das f\u00fcr Israel den Beginn der Befreiung bedeutete (vgl. 12,23). Der Blinde \u201eerkennt\u201c im Glauben Jesus als den Sohn Davids, den Messias, der nach Jesaja den Blinden die Augen \u00f6ffnet (vgl. 35,5). Jesus holt den Blinden vom Rand weg und stellt ihn in die Mitte der Aufmerksamkeit der Menschen. Der geheilte Blinde wird zu einer Botschaft der Barmherzigkeit, die den Menschen die Augen daf\u00fcr \u00f6ffnet, dass sie in der Zuwendung zum Bed\u00fcrftigen Jesus finden und echte Gemeinschaft haben k\u00f6nnen. Sie lernen zu sehen, was es f\u00fcr ein Geschenk ist, von Jesus geliebt zu sein. <a href=\"http:\/\/w2.vatican.va\/content\/francesco\/de\/audiences\/2016\/documents\/papa-francesco_20160615_udienza-generale.html\" target=\"_blank\" rel=\"noopener\"><span style=\"color: #663300;\">\u00a9 Copyright &#8211; Libreria Editrice Vaticana<\/span><\/a><\/p>\n<h3>F\u00fcr die deutschsprachigen Pilger wurden folgende Gru\u00dfworte auf Italienisch verlesen:<\/h3>\n<p>Herzlich gr\u00fc\u00dfe ich die Br\u00fcder und Schwestern deutscher Sprache, insbesondere die Pilger aus dem Bistum Trier mit ihrem Bischof Ackermann und mit Weihbischof Brahm. Ich w\u00fcnsche euch, dass euer Aufenthalt in Rom euren Glauben st\u00e4rke und die Erfahrung br\u00fcderlicher Liebe vertiefe. Der Herr segne euch und eure Familien. <a href=\"http:\/\/w2.vatican.va\/content\/francesco\/de\/audiences\/2016\/documents\/papa-francesco_20160615_udienza-generale.html\" target=\"_blank\" rel=\"noopener\"><span style=\"color: #663300;\">\u00a9 Copyright &#8211; Libreria Editrice Vaticana<\/span><\/a><\/p>\n<h2 id=\"hinweise\"><strong>Weitere Hinweise und Quellen<\/strong><\/h2>\n<ul>\n<li style=\"list-style-type: none;\">\n<ul>\n<li>Radio Vatikan: <a href=\"http:\/\/de.radiovaticana.va\/news\/2016\/06\/15\/generalaudienz_\u201egleichg\u00fcltigkeit_und_feindseligkeit_blind\/1237310\" target=\"_blank\" rel=\"noopener\">Audiodokument 1237310<\/a><\/li>\n<li>Radio Horeb: <a href=\"http:\/\/www.horeb.org\/xyz\/podcast\/papstaudienz\/20160615audienz.mp3\" target=\"_blank\" rel=\"noopener\">Podcast zur Generalaudienz vom 15. Juni 2016<\/a><\/li>\n<li>Agentur Zenit (Link https:\/\/de.zenit.org\/articles\/sehend-und-doch-blind\/ vergriffen): Katechese von Papst Franziskus w\u00e4hrend der Generalaudienz am 15. Juni 2016<\/li>\n<li>YouTube (alle Sprachen): <a href=\"https:\/\/www.youtube.com\/watch?v=JPTNCgEkTeA&amp;nohtml5=False\" target=\"_blank\" rel=\"noopener\">Pope Francis General Audience 2016.06.15<\/a><\/li>\n<li><a href=\"https:\/\/website.ifit.li\/?p=7201\" target=\"_blank\" rel=\"noopener\">Dem Herrn dienen heisst, sein Wort h\u00f6ren und in die Tat umsetzen<\/a><\/li>\n<li><a href=\"https:\/\/website.ifit.li\/?p=7172\" target=\"_blank\" rel=\"noopener\">Oh Gott, habe Erbarmen mit mir armem S\u00fcnder!<\/a><\/li>\n<li><a href=\"https:\/\/website.ifit.li\/?p=7137\" target=\"_blank\" rel=\"noopener\">Gott Vater erh\u00f6rt seine Kinder immer, ohne zu z\u00f6gern, wie er will<\/a><\/li>\n<li><a href=\"https:\/\/website.ifit.li\/?p=7114\" target=\"_blank\" rel=\"noopener\">Gottes Barmherzigkeit tritt nicht ein ins verschlossene Herz<\/a><\/li>\n<li><a href=\"https:\/\/website.ifit.li\/?p=7071\" target=\"_blank\" rel=\"noopener\">Niemand kann uns die W\u00fcrde der Kindschaft Gottes wegnehmen<\/a><\/li>\n<li><a href=\"https:\/\/website.ifit.li\/?p=7062\" target=\"_blank\" rel=\"noopener\">Der Hirte sucht seine Schafe in der W\u00fcste der Wegwerfgesellschaft<\/a><\/li>\n<li><a href=\"https:\/\/website.ifit.li\/?p=7046\" target=\"_blank\" rel=\"noopener\">Der N\u00e4chste hat Mitleid mit dem Leidenden und naht sich ihm<\/a><\/li>\n<li><a href=\"https:\/\/website.ifit.li\/?p=7034\" target=\"_blank\" rel=\"noopener\">Wem Gott viel S\u00fcnden vergibt, der wird ihn auch viel lieben<\/a><\/li>\n<li><a href=\"https:\/\/website.ifit.li\/?p=7004\" target=\"_blank\" rel=\"noopener\">Kein Heiliger ohne Vergangenheit, kein S\u00fcnder ohne Zukunft<\/a><\/li>\n<li><a href=\"https:\/\/website.ifit.li\/?p=6957\" target=\"_blank\" rel=\"noopener\">Christus selbst stellt sich in die Reihe der S\u00fcnder und l\u00e4sst sich taufen<\/a><\/li>\n<li><a href=\"https:\/\/website.ifit.li\/?p=6925\" target=\"_blank\" rel=\"noopener\">Der Mensch, dem von Gott vergeben wird, wird zu einer neuen Kreatur<\/a><\/li>\n<li><a href=\"https:\/\/website.ifit.li\/?p=6916\" target=\"_blank\" rel=\"noopener\"><u>Die Liebe Gottes geht immer wieder bis an die Grenzen ohne Grenzen<\/u><\/a><\/li>\n<li><a href=\"https:\/\/website.ifit.li\/?p=6910\" target=\"_blank\" rel=\"noopener\"><u>Gott l\u00e4sst uns in aller Not und Bedr\u00e4ngnis nicht allein<\/u><\/a><\/li>\n<li><a href=\"https:\/\/website.ifit.li\/?p=6899\" target=\"_blank\" rel=\"noopener\"><u>Die Fusswaschung Jesu lehrt uns, Bedienstete und Diener zu sein<\/u><\/a><\/li>\n<li><a href=\"https:\/\/website.ifit.li\/?p=6798\" target=\"_blank\" rel=\"noopener\"><u>Die Strafe eines Vaters soll ein Kind zur Umkehr hinf\u00fchren<\/u><\/a><\/li>\n<li><a href=\"https:\/\/website.ifit.li\/?p=6773\" target=\"_blank\" rel=\"noopener\"><u>Ohne Dienst wird Macht zu Arroganz, Hochmut, Dominanz und Unterdr\u00fcckung<\/u><\/a><\/li>\n<li><a href=\"https:\/\/website.ifit.li\/?p=6725\" target=\"_blank\" rel=\"noopener\"><u>Andere auszun\u00fctzen, ist eine S\u00fcnde, die zu Gott schreit!<\/u><\/a><\/li>\n<li><a href=\"https:\/\/website.ifit.li\/?p=6700\" target=\"_blank\" rel=\"noopener\"><u>Das Opfer vergibt dem Schuldigen und hilft ihm zu Reue und Umkehr<\/u><\/a><\/li>\n<li><a href=\"https:\/\/website.ifit.li\/?p=6667\" target=\"_blank\" rel=\"noopener\"><u>Als echte Kinder Gottes erben wir auch seine G\u00fcte und Barmherzigkeit<\/u><\/a><\/li>\n<li><a href=\"https:\/\/website.ifit.li\/?p=6632\" target=\"_blank\" rel=\"noopener\"><u>Die Taufe ist f\u00fcr alle der Weg von der Finsternis ins Licht<\/u><\/a><\/li>\n<li><a href=\"https:\/\/website.ifit.li\/?p=6609\" target=\"_blank\" rel=\"noopener\"><u>Die Liebe Gottes geht \u00fcber S\u00fcnde hinaus \u2013 eine Treue ohne Grenzen!<\/u><\/a><\/li>\n<li><a href=\"https:\/\/website.ifit.li\/?p=6567\" target=\"_blank\" rel=\"noopener\"><u>Jesus zeigt das Antlitz der Liebe und Barmherzigkeit seines Vaters<\/u><\/a><\/li>\n<li><a href=\"https:\/\/website.ifit.li\/?p=6507\" target=\"_blank\" rel=\"noopener\"><u>Christus ist diese heilige Pforte und der Eintritt kostet nichts!<\/u><\/a><\/li>\n<li><a href=\"https:\/\/website.ifit.li\/?p=6460\" target=\"_blank\" rel=\"noopener\"><u>Die g\u00f6ttliche Barmherzigkeit \u00fcberstrahlt das Dunkel der S\u00fcnde<\/u><\/a><\/li>\n<li><a href=\"https:\/\/website.ifit.li\/?p=6441\" target=\"_blank\" rel=\"noopener\"><u>Der Sieg der Liebe Christi schliesst alles ein in die Barmherzigkeit des Vaters<\/u><\/a><\/li>\n<li><a href=\"https:\/\/website.ifit.li\/?p=6264\" target=\"_blank\" rel=\"noopener\"><u>Wer ist die T\u00fcr Gottes? Jesus Christus!<\/u><\/a><\/li>\n<li><a href=\"https:\/\/website.ifit.li\/?p=6325\" target=\"_blank\" rel=\"noopener\"><u>Erste Heilige Pforte zum Jahr der Barmherzigkeit in Bangui ge\u00f6ffnet<\/u><\/a><\/li>\n<li><a href=\"https:\/\/website.ifit.li\/?p=6248\" target=\"_blank\" rel=\"noopener\"><u>Das ausserordentliche Jubeljahr der Barmherzigkeit<\/u><\/a><\/li>\n<li><a title=\"Kostenfreie Anmeldung gilt f\u00fcr acht Veranstaltungen mit besonderem Besucherandrang und soll die Planung und Steuerung erleichtern \u2013 Last Minute-Registrierung f\u00fcr noch verf\u00fcgbare Pl\u00e4tze im \u201eWillkommenszentrum\u201c auf der Via della Conciliazione.\" href=\"http:\/\/www.im.va\/content\/gdm\/de.html\" target=\"_blank\" rel=\"noopener\"><u>Vatikan \u2013 Jubil\u00e4um der Barmherzigkeit<\/u><\/a><\/li>\n<\/ul>\n<\/li>\n<\/ul>\n","protected":false},"excerpt":{"rendered":"<p>11.\u00a0Katechese zur Barmherzigkeit im Licht des Neuen Testaments von Papst Franziskus Papst Franziskus widmete seine Katechese w\u00e4hrend der Generalaudienz am 15. Juni 2016 den Menschen, die wegen physischer oder anderer Leiden von der Gesellschaft ausgeschlossen sind. Ausgehend vom Tagesevangelium legte er dar, dass damals Menschen wie dieser blinde Bettler am Stra\u00dfenrand in Jericho einsam und &hellip; <a href=\"https:\/\/website.ifit.li\/?p=7216\" class=\"more-link\"><span class=\"screen-reader-text\">Gleichg\u00fcltigkeit und Feindseligkeit machen den Glauben taub und blind<\/span> weiterlesen <span class=\"meta-nav\">&rarr;<\/span><\/a><\/p>\n","protected":false},"author":1,"featured_media":7219,"comment_status":"closed","ping_status":"open","sticky":false,"template":"","format":"standard","meta":{"footnotes":""},"categories":[2],"tags":[236,129,187,191,104,58,198],"class_list":["post-7216","post","type-post","status-publish","format-standard","has-post-thumbnail","hentry","category-kirche","tag-armut","tag-barmherzigkeit","tag-glauben","tag-jahr-der-barmherzigkeit","tag-katechese","tag-papst-franziskus","tag-wunder"],"_links":{"self":[{"href":"https:\/\/website.ifit.li\/index.php?rest_route=\/wp\/v2\/posts\/7216","targetHints":{"allow":["GET"]}}],"collection":[{"href":"https:\/\/website.ifit.li\/index.php?rest_route=\/wp\/v2\/posts"}],"about":[{"href":"https:\/\/website.ifit.li\/index.php?rest_route=\/wp\/v2\/types\/post"}],"author":[{"embeddable":true,"href":"https:\/\/website.ifit.li\/index.php?rest_route=\/wp\/v2\/users\/1"}],"replies":[{"embeddable":true,"href":"https:\/\/website.ifit.li\/index.php?rest_route=%2Fwp%2Fv2%2Fcomments&post=7216"}],"version-history":[{"count":7,"href":"https:\/\/website.ifit.li\/index.php?rest_route=\/wp\/v2\/posts\/7216\/revisions"}],"predecessor-version":[{"id":38924,"href":"https:\/\/website.ifit.li\/index.php?rest_route=\/wp\/v2\/posts\/7216\/revisions\/38924"}],"wp:featuredmedia":[{"embeddable":true,"href":"https:\/\/website.ifit.li\/index.php?rest_route=\/wp\/v2\/media\/7219"}],"wp:attachment":[{"href":"https:\/\/website.ifit.li\/index.php?rest_route=%2Fwp%2Fv2%2Fmedia&parent=7216"}],"wp:term":[{"taxonomy":"category","embeddable":true,"href":"https:\/\/website.ifit.li\/index.php?rest_route=%2Fwp%2Fv2%2Fcategories&post=7216"},{"taxonomy":"post_tag","embeddable":true,"href":"https:\/\/website.ifit.li\/index.php?rest_route=%2Fwp%2Fv2%2Ftags&post=7216"}],"curies":[{"name":"wp","href":"https:\/\/api.w.org\/{rel}","templated":true}]}}