{"id":7201,"date":"2016-06-08T23:23:11","date_gmt":"2016-06-08T21:23:11","guid":{"rendered":"https:\/\/ifit.ch\/wordpress\/?p=7201"},"modified":"2021-10-23T16:11:48","modified_gmt":"2021-10-23T14:11:48","slug":"dem-herrn-dienen-heisst-sein-wort-hoeren-und-in-die-tat-umsetzen","status":"publish","type":"post","link":"https:\/\/website.ifit.li\/?p=7201","title":{"rendered":"Dem Herrn dienen heisst, sein Wort h\u00f6ren und in die Tat umsetzen"},"content":{"rendered":"<h2>10.\u00a0Katechese zur Barmherzigkeit im Licht des Neuen Testaments von Papst Franziskus<\/h2>\n<p><img data-opt-id=268388314  fetchpriority=\"high\" decoding=\"async\" class=\"alignleft wp-image-6273 size-full\" src=\"https:\/\/ml2mintiuscj.i.optimole.com\/w:auto\/h:auto\/q:mauto\/f:best\/https:\/\/website.ifit.li\/wp-content\/uploads\/2015\/11\/Genealaudienz-mit-Papst-Franziskus.jpg\" alt=\"Bild: Internet\" width=\"266\" height=\"189\" \/>Die Hochzeit von Kana, von der das Johannesevangelium (siehe weiter unten) erz\u00e4hlt, ist weit mehr als das erste von Jesus \u00fcberlieferte Wunder: \u201eIn Kana werden die J\u00fcnger Jesu seine Familie, und in Kana wird der Glaube der Kirche geboren.\u201d Dies sagte Papst Franziskus in seiner Katechese zur Generalaudienz am Mittwoch, 8. Juni 2016, die er bei strahlendem Wetter f\u00fcr Tausende von Pilgern auf dem Petersplatz hielt. Die Tatsache, dass Jesus gemeinsam mit seinen J\u00fcngern auf der Hochzeit von Kana erscheine und erstmals \u00f6ffentlich ein Wunder vollbringe, sei der \u201eStartschuss\u201c f\u00fcr sein Wirken, so Franziskus:<!--more--><\/p>\n<blockquote><p>\u201eJesus erscheint als der Br\u00e4utigam des Gottesvolkes, der von Propheten angek\u00fcndigt worden war, und zeigt uns die Tiefe der Beziehung auf, die uns an ihn bindet: Es ist eine Neue, auf Liebe gegr\u00fcndete Allianz. Was ist die Basis unseres Glaubens? Ein Akt der Barmherzigkeit, mit dem Jesus uns an sich gebunden hat.\u201c<\/p><\/blockquote>\n<p>Die Lesung zur Katechese stammt aus dem zweiten Kapitel des Johannesevangeliums (<a href=\"http:\/\/www.bibleserver.com\/text\/EU\/Johannes2.1-12\" target=\"_blank\" rel=\"noopener\">Joh 2,1-12<\/a>):<\/p>\n<blockquote><p>Am dritten Tag fand in Kana in Galil\u00e4a eine Hochzeit statt und die Mutter Jesu war dabei. Auch Jesus und seine J\u00fcnger waren zur Hochzeit eingeladen. Als der Wein ausging, sagte die Mutter Jesu zu ihm: Sie haben keinen Wein mehr. Jesus erwiderte ihr: Was willst du von mir, Frau? Meine Stunde ist noch nicht gekommen. Seine Mutter sagte zu den Dienern: Was er euch sagt, das tut! Es standen dort sechs steinerne Wasserkr\u00fcge, wie es der Reinigungsvorschrift der Juden entsprach; jeder fasste ungef\u00e4hr hundert Liter. Jesus sagte zu den Dienern: F\u00fcllt die Kr\u00fcge mit Wasser! Und sie f\u00fcllten sie bis zum Rand. Er sagte zu ihnen: Sch\u00f6pft jetzt und bringt es dem, der f\u00fcr das Festmahl verantwortlich ist. Sie brachten es ihm. Er kostete das Wasser, das zu Wein geworden war. Er wusste nicht, woher der Wein kam; die Diener aber, die das Wasser gesch\u00f6pft hatten, wussten es. Da lie\u00df er den Br\u00e4utigam rufen und sagte zu ihm: Jeder setzt zuerst den guten Wein vor und erst, wenn die G\u00e4ste zu viel getrunken haben, den weniger guten. Du jedoch hast den guten Wein bis jetzt zur\u00fcckgehalten. So tat Jesus sein erstes Zeichen, in Kana in Galil\u00e4a, und offenbarte seine Herrlichkeit und seine J\u00fcnger glaubten an ihn. Danach zog er mit seiner Mutter, seinen Br\u00fcdern und seinen J\u00fcngern nach Kafarnaum hinab. Dort blieben sie einige Zeit.<\/p><\/blockquote>\n<h3>Zusammenfassung der Katechese von Papst Franziskus vom 8.\u00a0Juni 2016<\/h3>\n<p>Liebe Br\u00fcder und Schwestern, der Evangelist Johannes nennt die Wunder Jesu Zeichen. Die Hochzeit von Kana bildet den Rahmen f\u00fcr \u201esein erstes Zeichen\u201c (<a href=\"http:\/\/www.bibleserver.com\/text\/EU\/Johannes2.11\" target=\"_blank\" rel=\"noopener\"><i>Joh <\/i>2,11<\/a>). Jesus Christus offenbart sich als der aus seiner F\u00fclle Schenkende und er tut dies aus Liebe. Er liebt das Volk wie ein Br\u00e4utigam, der seine Braut liebt, und schlie\u00dft einen Bund mit ihm. Das ist der Hinweis auf die Beziehung, die uns als Getaufte mit ihm vereint. Doch wie kann man ein Hochzeitsfest feiern, wenn der Wein ausgeht? Maria, die Mutter Jesu, bemerkt es sofort und ermutigt die Diener, das zu tun, was Jesus ihnen auftragen wird. Auf die Empfehlung Marias hin haben die Diener ein offenes Ohr f\u00fcr den Ruf Jesu. Die Grundlage daf\u00fcr, dass das Fest weitergeht, besteht darin, dieses Einvernehmen mit Jesus zu haben. Wir brauchen die Kr\u00fcge unseres Herzens nur mit dem Wasser des Wortes Gottes f\u00fcllen. Christus selbst wird den guten Wein schenken. So ist der Bericht von der Hochzeit von Kana nicht einfach eine Erz\u00e4hlung eines Wunders. Es ist ein Zeichen, mit dem Jesus das Geheimnis seiner Person und das Ziel seines Kommens offenbart: Die Hochzeit des Br\u00e4utigams mit seinem Volk. <a href=\"http:\/\/w2.vatican.va\/content\/francesco\/de\/audiences\/2016\/documents\/papa-francesco_20160608_udienza-generale.html\" target=\"_blank\" rel=\"noopener\"><span style=\"color: #663300;\">\u00a9 Copyright &#8211; Libreria Editrice Vaticana<\/span><\/a><\/p>\n<h3>F\u00fcr die deutschsprachigen Pilger wurden folgende Gru\u00dfworte auf Italienisch verlesen:<\/h3>\n<p>Einen herzlichen Gru\u00df richte ich an alle Pilger deutscher Sprache, besonders an die Priester aus dem Erzbistum Paderborn, die ihr 25-j\u00e4hriges Weihejubil\u00e4um feiern, sowie an die vielen Sch\u00fclerinnen und Sch\u00fcler aus Deutschland. Ich w\u00fcnsche euch einen guten Aufenthalt in Rom und segne euch alle von Herzen. <a href=\"http:\/\/w2.vatican.va\/content\/francesco\/de\/audiences\/2016\/documents\/papa-francesco_20160608_udienza-generale.html\" target=\"_blank\" rel=\"noopener\"><span style=\"color: #663300;\">\u00a9 Copyright &#8211; Libreria Editrice Vaticana<\/span><\/a><\/p>\n<h2 id=\"hinweise\"><strong>Weitere Hinweise und Quellen<\/strong><\/h2>\n<ul>\n<li style=\"list-style-type: none;\">\n<ul>\n<li>Radio Vatikan: <a href=\"http:\/\/de.radiovaticana.va\/news\/2016\/06\/08\/generalaudienz_\u201ein_kanaa_wird_der_glaube_der_kirche_geboren\/1235588\" target=\"_blank\" rel=\"noopener\">Audiodokument 1235588<\/a><\/li>\n<li>Radio Horeb: Podcast zur Generalaudienz vom 8. Juni 2016<\/li>\n<li>Agentur Zenit (Link vergriffen): Katechese von Papst Franziskus w\u00e4hrend der Generalaudienz am 8. Juni 2016<\/li>\n<li>YouTube (alle Sprachen): <a href=\"https:\/\/www.youtube.com\/watch?v=aYTX-ExQKLQ&amp;nohtml5=False\" target=\"_blank\" rel=\"noopener\">Pope Francis General Audience 2016.06.08<\/a><\/li>\n<li><a href=\"https:\/\/website.ifit.li\/?p=7172\" target=\"_blank\" rel=\"noopener\">Oh Gott, habe Erbarmen mit mir armem S\u00fcnder!<\/a><\/li>\n<li><a href=\"https:\/\/website.ifit.li\/?p=7137\" target=\"_blank\" rel=\"noopener\">Gott Vater erh\u00f6rt seine Kinder immer, ohne zu z\u00f6gern, wie er will<\/a><\/li>\n<li><a href=\"https:\/\/website.ifit.li\/?p=7114\" target=\"_blank\" rel=\"noopener\">Gottes Barmherzigkeit tritt nicht ein ins verschlossene Herz<\/a><\/li>\n<li><a href=\"https:\/\/website.ifit.li\/?p=7071\" target=\"_blank\" rel=\"noopener\">Niemand kann uns die W\u00fcrde der Kindschaft Gottes wegnehmen<\/a><\/li>\n<li><a href=\"https:\/\/website.ifit.li\/?p=7062\" target=\"_blank\" rel=\"noopener\">Der Hirte sucht seine Schafe in der W\u00fcste der Wegwerfgesellschaft<\/a><\/li>\n<li><a href=\"https:\/\/website.ifit.li\/?p=7046\" target=\"_blank\" rel=\"noopener\">Der N\u00e4chste hat Mitleid mit dem Leidenden und naht sich ihm<\/a><\/li>\n<li><a href=\"https:\/\/website.ifit.li\/?p=7034\" target=\"_blank\" rel=\"noopener\">Wem Gott viel S\u00fcnden vergibt, der wird ihn auch viel lieben<\/a><\/li>\n<li><a href=\"https:\/\/website.ifit.li\/?p=7004\" target=\"_blank\" rel=\"noopener\">Kein Heiliger ohne Vergangenheit, kein S\u00fcnder ohne Zukunft<\/a><\/li>\n<li><a href=\"https:\/\/website.ifit.li\/?p=6957\" target=\"_blank\" rel=\"noopener\">Christus selbst stellt sich in die Reihe der S\u00fcnder und l\u00e4sst sich taufen<\/a><\/li>\n<li><a href=\"https:\/\/website.ifit.li\/?p=6925\" target=\"_blank\" rel=\"noopener\">Der Mensch, dem von Gott vergeben wird, wird zu einer neuen Kreatur<\/a><\/li>\n<li><a href=\"https:\/\/website.ifit.li\/?p=6916\" target=\"_blank\" rel=\"noopener\"><u>Die Liebe Gottes geht immer wieder bis an die Grenzen ohne Grenzen<\/u><\/a><\/li>\n<li><a href=\"https:\/\/website.ifit.li\/?p=6910\" target=\"_blank\" rel=\"noopener\"><u>Gott l\u00e4sst uns in aller Not und Bedr\u00e4ngnis nicht allein<\/u><\/a><\/li>\n<li><a href=\"https:\/\/website.ifit.li\/?p=6899\" target=\"_blank\" rel=\"noopener\"><u>Die Fusswaschung Jesu lehrt uns, Bedienstete und Diener zu sein<\/u><\/a><\/li>\n<li><a href=\"https:\/\/website.ifit.li\/?p=6798\" target=\"_blank\" rel=\"noopener\"><u>Die Strafe eines Vaters soll ein Kind zur Umkehr hinf\u00fchren<\/u><\/a><\/li>\n<li><a href=\"https:\/\/website.ifit.li\/?p=6773\" target=\"_blank\" rel=\"noopener\"><u>Ohne Dienst wird Macht zu Arroganz, Hochmut, Dominanz und Unterdr\u00fcckung<\/u><\/a><\/li>\n<li><a href=\"https:\/\/website.ifit.li\/?p=6725\" target=\"_blank\" rel=\"noopener\"><u>Andere auszun\u00fctzen, ist eine S\u00fcnde, die zu Gott schreit!<\/u><\/a><\/li>\n<li><a href=\"https:\/\/website.ifit.li\/?p=6700\" target=\"_blank\" rel=\"noopener\"><u>Das Opfer vergibt dem Schuldigen und hilft ihm zu Reue und Umkehr<\/u><\/a><\/li>\n<li><a href=\"https:\/\/website.ifit.li\/?p=6667\" target=\"_blank\" rel=\"noopener\"><u>Als echte Kinder Gottes erben wir auch seine G\u00fcte und Barmherzigkeit<\/u><\/a><\/li>\n<li><a href=\"https:\/\/website.ifit.li\/?p=6632\" target=\"_blank\" rel=\"noopener\"><u>Die Taufe ist f\u00fcr alle der Weg von der Finsternis ins Licht<\/u><\/a><\/li>\n<li><a href=\"https:\/\/website.ifit.li\/?p=6609\" target=\"_blank\" rel=\"noopener\"><u>Die Liebe Gottes geht \u00fcber S\u00fcnde hinaus \u2013 eine Treue ohne Grenzen!<\/u><\/a><\/li>\n<li><a href=\"https:\/\/website.ifit.li\/?p=6567\" target=\"_blank\" rel=\"noopener\"><u>Jesus zeigt das Antlitz der Liebe und Barmherzigkeit seines Vaters<\/u><\/a><\/li>\n<li><a href=\"https:\/\/website.ifit.li\/?p=6507\" target=\"_blank\" rel=\"noopener\"><u>Christus ist diese heilige Pforte und der Eintritt kostet nichts!<\/u><\/a><\/li>\n<li><a href=\"https:\/\/website.ifit.li\/?p=6460\" target=\"_blank\" rel=\"noopener\"><u>Die g\u00f6ttliche Barmherzigkeit \u00fcberstrahlt das Dunkel der S\u00fcnde<\/u><\/a><\/li>\n<li><a href=\"https:\/\/website.ifit.li\/?p=6441\" target=\"_blank\" rel=\"noopener\"><u>Der Sieg der Liebe Christi schliesst alles ein in die Barmherzigkeit des Vaters<\/u><\/a><\/li>\n<li><a href=\"https:\/\/website.ifit.li\/?p=6264\" target=\"_blank\" rel=\"noopener\"><u>Wer ist die T\u00fcr Gottes? Jesus Christus!<\/u><\/a><\/li>\n<li><a href=\"https:\/\/website.ifit.li\/?p=6325\" target=\"_blank\" rel=\"noopener\"><u>Erste Heilige Pforte zum Jahr der Barmherzigkeit in Bangui ge\u00f6ffnet<\/u><\/a><\/li>\n<li><a href=\"https:\/\/website.ifit.li\/?p=6248\" target=\"_blank\" rel=\"noopener\"><u>Das ausserordentliche Jubeljahr der Barmherzigkeit<\/u><\/a><\/li>\n<li><a title=\"Kostenfreie Anmeldung gilt f\u00fcr acht Veranstaltungen mit besonderem Besucherandrang und soll die Planung und Steuerung erleichtern \u2013 Last Minute-Registrierung f\u00fcr noch verf\u00fcgbare Pl\u00e4tze im \u201eWillkommenszentrum\u201c auf der Via della Conciliazione.\" href=\"http:\/\/www.im.va\/content\/gdm\/de.html\" target=\"_blank\" rel=\"noopener\"><u><span style=\"color: #0066cc;\">Vatikan \u2013 Jubil\u00e4um der Barmherzigkeit<\/span><\/u><\/a><\/li>\n<\/ul>\n<\/li>\n<\/ul>\n","protected":false},"excerpt":{"rendered":"<p>10.\u00a0Katechese zur Barmherzigkeit im Licht des Neuen Testaments von Papst Franziskus Die Hochzeit von Kana, von der das Johannesevangelium (siehe weiter unten) erz\u00e4hlt, ist weit mehr als das erste von Jesus \u00fcberlieferte Wunder: \u201eIn Kana werden die J\u00fcnger Jesu seine Familie, und in Kana wird der Glaube der Kirche geboren.\u201d Dies sagte Papst Franziskus in &hellip; <a href=\"https:\/\/website.ifit.li\/?p=7201\" class=\"more-link\"><span class=\"screen-reader-text\">Dem Herrn dienen heisst, sein Wort h\u00f6ren und in die Tat umsetzen<\/span> weiterlesen <span class=\"meta-nav\">&rarr;<\/span><\/a><\/p>\n","protected":false},"author":1,"featured_media":7204,"comment_status":"closed","ping_status":"open","sticky":false,"template":"","format":"standard","meta":{"footnotes":""},"categories":[68,2],"tags":[129,235,176,187,191,104,31,58],"class_list":["post-7201","post","type-post","status-publish","format-standard","has-post-thumbnail","hentry","category-ehe-und-familie","category-kirche","tag-barmherzigkeit","tag-dienst","tag-familie","tag-glauben","tag-jahr-der-barmherzigkeit","tag-katechese","tag-liebe","tag-papst-franziskus"],"_links":{"self":[{"href":"https:\/\/website.ifit.li\/index.php?rest_route=\/wp\/v2\/posts\/7201","targetHints":{"allow":["GET"]}}],"collection":[{"href":"https:\/\/website.ifit.li\/index.php?rest_route=\/wp\/v2\/posts"}],"about":[{"href":"https:\/\/website.ifit.li\/index.php?rest_route=\/wp\/v2\/types\/post"}],"author":[{"embeddable":true,"href":"https:\/\/website.ifit.li\/index.php?rest_route=\/wp\/v2\/users\/1"}],"replies":[{"embeddable":true,"href":"https:\/\/website.ifit.li\/index.php?rest_route=%2Fwp%2Fv2%2Fcomments&post=7201"}],"version-history":[{"count":11,"href":"https:\/\/website.ifit.li\/index.php?rest_route=\/wp\/v2\/posts\/7201\/revisions"}],"predecessor-version":[{"id":38917,"href":"https:\/\/website.ifit.li\/index.php?rest_route=\/wp\/v2\/posts\/7201\/revisions\/38917"}],"wp:featuredmedia":[{"embeddable":true,"href":"https:\/\/website.ifit.li\/index.php?rest_route=\/wp\/v2\/media\/7204"}],"wp:attachment":[{"href":"https:\/\/website.ifit.li\/index.php?rest_route=%2Fwp%2Fv2%2Fmedia&parent=7201"}],"wp:term":[{"taxonomy":"category","embeddable":true,"href":"https:\/\/website.ifit.li\/index.php?rest_route=%2Fwp%2Fv2%2Fcategories&post=7201"},{"taxonomy":"post_tag","embeddable":true,"href":"https:\/\/website.ifit.li\/index.php?rest_route=%2Fwp%2Fv2%2Ftags&post=7201"}],"curies":[{"name":"wp","href":"https:\/\/api.w.org\/{rel}","templated":true}]}}