{"id":7046,"date":"2016-04-27T23:38:08","date_gmt":"2016-04-27T21:38:08","guid":{"rendered":"https:\/\/website.ifit.li\/?p=7046"},"modified":"2021-10-23T15:26:02","modified_gmt":"2021-10-23T13:26:02","slug":"der-barmherzige-samariter-hat-mitleid-mit-dem-naechsten","status":"publish","type":"post","link":"https:\/\/website.ifit.li\/?p=7046","title":{"rendered":"Der N\u00e4chste hat Mitleid mit dem Leidenden und naht sich ihm"},"content":{"rendered":"<h2>4.\u00a0Katechese zur Barmherzigkeit im Licht des Neuen Testaments von Papst Franziskus<\/h2>\n<p><img data-opt-id=268388314  fetchpriority=\"high\" decoding=\"async\" class=\"alignleft wp-image-6273 size-full\" src=\"https:\/\/ml2mintiuscj.i.optimole.com\/w:auto\/h:auto\/q:mauto\/f:best\/https:\/\/website.ifit.li\/wp-content\/uploads\/2015\/11\/Genealaudienz-mit-Papst-Franziskus.jpg\" alt=\"Bild: Internet\" width=\"266\" height=\"189\" \/>Papst Franziskus hatte am Mittwoch, 27. April 2016,\u00a0in der Katechese seiner Generalaudienz insofern mahnende Worte,\u00a0als die Kirchenzugeh\u00f6rigkeit allein noch keine Garantie daf\u00fcr sei, dass man tats\u00e4chlich dem Willen Gottes entsprechend handle.\u00a0 Bei wechselhaftem Wetter war der Petersplatz voller Pilger, als Papst Franziskus \u00fcber die Lesung aus dem Lukasevangelium reflektierte, in dem es um die Parabel vom\u00a0Barmherzigen Samariter ging, Unter anderem forderte Franziskus die Pilger heraus, diese Parabel\u00a0sei ein wundervolles Geschenk f\u00fcr jeden von uns, und auch ein Auftrag! Jedem von uns wiederhole Jesus das, was er den Gesetzeslehrern gesagt habe: &#171;Geh und handle genauso!&#187; Denn der spitzfindige Gesetzeslehrer, der von Jesus h\u00f6ren wollte, wer genau denn diese \u201eN\u00e4chsten\u201c seien, von denen die g\u00f6ttliche Weisung der N\u00e4chstenliebe spricht, bekomme von ihm eine Antwort, die die althergebrachten Perspektiven verschiebe: \u201eZu Beginn der Parabel war f\u00fcr den Priester und den Leviten der halbtot geschlagene Mann der N\u00e4chste; am Ende war der N\u00e4chste der Samariter, der sich ihm gen\u00e4hert hat. <!--more-->Jesus dreht die Perspektive um: sich nicht damit aufhalten, die anderen zu klassifizieren um zu sehen, wer der N\u00e4chste ist und wer nicht. Du kannst der N\u00e4chste von jedem werden, den du in der Not triffst, und du wirst es sein, wenn du Mitleid in deinem Herzen hast.\u201c Hier die Lesung aus dem Lukasevangelium, \u00fcber die der Papst w\u00e4hrend der Katechese reflektierte (<a href=\"http:\/\/www.bibleserver.com\/text\/EU\/Lukas10.25-28\" target=\"_blank\" rel=\"noopener\">Lk 10,25-28<\/a>):<\/p>\n<blockquote><p>Da stand ein Gesetzeslehrer auf, und um Jesus auf die Probe zu stellen, fragte er ihn: Meister, was muss ich tun, um das ewige Leben zu gewinnen? Jesus sagte zu ihm: Was steht im Gesetz? Was liest du dort? Er antwortete: Du sollst den Herrn, deinen Gott, lieben mit ganzem Herzen und ganzer Seele, mit all deiner Kraft und all deinen Gedanken, und: Deinen N\u00e4chsten sollst du lieben wie dich selbst. Jesus sagte zu ihm: Du hast richtig geantwortet. Handle danach und du wirst leben.<\/p><\/blockquote>\n<h3>Zusammenfassung der Katechese von Papst Franziskus vom 27.\u00a0April 2016<\/h3>\n<p>Liebe Br\u00fcder und Schwestern, das Gleichnis vom Barmherzigen Samariter erkl\u00e4rt uns, was N\u00e4chstenliebe bedeutet: Drei Menschen, ein Priester, ein Levit und ein Samariter kamen an einem Mann vorbei, den R\u00e4uber \u00fcberfallen und halbtot liegengelassen hatten. Obwohl die ersten beiden regelm\u00e4\u00dfig ihren Dienst im Tempel versahen und die Gesetze Gottes kannten, gingen sie einfach vor\u00fcber. Ein vermeintlicher, oberfl\u00e4chlicher Glaube lebt weder die wahre Liebe zu Gott, noch zum N\u00e4chsten. Der Samariter endlich, der den Juden als unzuverl\u00e4ssiger Ausl\u00e4nder galt, hielt beim Verletzten an. Er blieb nicht nur Zuschauer, sondern \u201ehatte Mitleid\u201c (<i>Lk<\/i> 10,33). Das Herz des Samariters war verbunden mit dem Herzen Gottes, der auch mit uns Menschen Mitleid hat. Mitleid haben hei\u00dft, im Innersten ergriffen sein angesichts des Elends des anderen. Wie der Samariter l\u00e4sst sich Gott von unserer Not ber\u00fchren. Er wendet nicht den Blick von uns ab, er kennt unsere Schmerzen und ist uns immer nahe. Auch wir sollen die Verpflichtung erkennen, dem Notleidenden nahe zu sein, uns mit ihm zu identifizieren. Genau das bedeutet: \u201eLiebe deinen N\u00e4chsten wie dich selbst\u201c (V. 27). Am Ende des Gleichnisses erwies sich nur der vielfach verachtete Samariter als <i>N\u00e4chster<\/i>, als einer, der dem Notleidenden <i>nahe<\/i> war. Wir alle sollen ein Herz haben, das zum Mitleid f\u00e4hig ist, und so zu einem N\u00e4chsten f\u00fcr Menschen in Not werden. <a href=\"http:\/\/w2.vatican.va\/content\/francesco\/de\/audiences\/2016\/documents\/papa-francesco_20160427_udienza-generale.html\" target=\"_blank\" rel=\"noopener\"><span style=\"color: #663300;\">\u00a9 Copyright &#8211; Libreria Editrice Vaticana<\/span><\/a><\/p>\n<h3>F\u00fcr die deutschsprachigen Pilger wurden folgende Gru\u00dfworte auf Italienisch verlesen:<\/h3>\n<p>Einen herzlichen Gru\u00df richte ich an alle Pilger deutscher Sprache, insbesondere an die Pilgergruppe aus dem Bistum Bozen-Brixen mit ihrem Bischof Ivo Muser. Ich gr\u00fc\u00dfe auch euch, liebe Jugendliche, die ihr so zahlreich zugegen seid. Ich m\u00f6chte euch ermutigen, im Alltag die vielf\u00e4ltigen Gelegenheiten zu erkennen, um ein <i>N\u00e4chster<\/i> zu werden, einer, der dem Leidenden <i>nahe<\/i> ist. Macht es wie der Barmherzige Samariter. Gott segne euch alle. <a href=\"http:\/\/w2.vatican.va\/content\/francesco\/de\/audiences\/2016\/documents\/papa-francesco_20160427_udienza-generale.html\" target=\"_blank\" rel=\"noopener\"><span style=\"color: #663300;\">\u00a9 Copyright &#8211; Libreria Editrice Vaticana<\/span><\/a><\/p>\n<h2 id=\"hinweise\"><strong>Weitere Hinweise und Quellen<\/strong><\/h2>\n<ul>\n<li>Radio Vatikan: <a href=\"http:\/\/de.radiovaticana.va\/news\/2016\/04\/27\/papst_kirchentreue_allein_macht_keinen_guten_christen\/1225780\" target=\"_blank\" rel=\"noopener\">Audiodokument 1225780<\/a><\/li>\n<li>Radio Horeb: <a href=\"http:\/\/www.horeb.org\/xyz\/podcast\/papstaudienz\/20160427audienz.mp3\" target=\"_blank\" rel=\"noopener\">Podcast zur Generalaudienz vom 27. April 2016<\/a><\/li>\n<li>Agentur Zenit (Link vergriffen): Katechese von Papst Franziskus w\u00e4hrend der Generalaudienz am 27. April 2016<\/li>\n<li>YouTube (alle Sprachen): <a href=\"https:\/\/www.youtube.com\/watch?v=uvz-KLm9vPM&amp;nohtml5=False\" target=\"_blank\" rel=\"noopener\">Pope Francis General Audience 2016.04.27<\/a><\/li>\n<li><a href=\"https:\/\/website.ifit.li\/?p=7034\" target=\"_blank\" rel=\"noopener\">Wem Gott viel S\u00fcnden vergibt, der wird ihn auch viel lieben<\/a><\/li>\n<li><a href=\"https:\/\/website.ifit.li\/?p=7004\" target=\"_blank\" rel=\"noopener\">Kein Heiliger ohne Vergangenheit, kein S\u00fcnder ohne Zukunft<\/a><\/li>\n<li><a href=\"https:\/\/website.ifit.li\/?p=6957\" target=\"_blank\" rel=\"noopener\">Christus selbst stellt sich in die Reihe der S\u00fcnder und l\u00e4sst sich taufen<\/a><\/li>\n<li><a href=\"https:\/\/website.ifit.li\/?p=6925\" target=\"_blank\" rel=\"noopener\">Der Mensch, dem von Gott vergeben wird, wird zu einer neuen Kreatur<\/a><\/li>\n<li><a href=\"https:\/\/website.ifit.li\/?p=6916\" target=\"_blank\" rel=\"noopener\"><u>Die Liebe Gottes geht immer wieder bis an die Grenzen ohne Grenzen<\/u><\/a><\/li>\n<li><a href=\"https:\/\/website.ifit.li\/?p=6910\" target=\"_blank\" rel=\"noopener\"><u>Gott l\u00e4sst uns in aller Not und Bedr\u00e4ngnis nicht allein<\/u><\/a><\/li>\n<li><a href=\"https:\/\/website.ifit.li\/?p=6899\" target=\"_blank\" rel=\"noopener\"><u>Die Fusswaschung Jesu lehrt uns, Bedienstete und Diener zu sein<\/u><\/a><\/li>\n<li><a href=\"https:\/\/website.ifit.li\/?p=6798\" target=\"_blank\" rel=\"noopener\"><u>Die Strafe eines Vaters soll ein Kind zur Umkehr hinf\u00fchren<\/u><\/a><\/li>\n<li><a href=\"https:\/\/website.ifit.li\/?p=6773\" target=\"_blank\" rel=\"noopener\"><u>Ohne Dienst wird Macht zu Arroganz, Hochmut, Dominanz und Unterdr\u00fcckung<\/u><\/a><\/li>\n<li><a href=\"https:\/\/website.ifit.li\/?p=6725\" target=\"_blank\" rel=\"noopener\"><u>Andere auszun\u00fctzen, ist eine S\u00fcnde, die zu Gott schreit!<\/u><\/a><\/li>\n<li><a href=\"https:\/\/website.ifit.li\/?p=6700\" target=\"_blank\" rel=\"noopener\"><u>Das Opfer vergibt dem Schuldigen und hilft ihm zu Reue und Umkehr<\/u><\/a><\/li>\n<li><a href=\"https:\/\/website.ifit.li\/?p=6667\" target=\"_blank\" rel=\"noopener\"><u>Als echte Kinder Gottes erben wir auch seine G\u00fcte und Barmherzigkeit<\/u><\/a><\/li>\n<li><a href=\"https:\/\/website.ifit.li\/?p=6632\" target=\"_blank\" rel=\"noopener\"><u>Die Taufe ist f\u00fcr alle der Weg von der Finsternis ins Licht<\/u><\/a><\/li>\n<li><a href=\"https:\/\/website.ifit.li\/?p=6609\" target=\"_blank\" rel=\"noopener\"><u>Die Liebe Gottes geht \u00fcber S\u00fcnde hinaus \u2013 eine Treue ohne Grenzen!<\/u><\/a><\/li>\n<li><a href=\"https:\/\/website.ifit.li\/?p=6567\" target=\"_blank\" rel=\"noopener\"><u>Jesus zeigt das Antlitz der Liebe und Barmherzigkeit seines Vaters<\/u><\/a><\/li>\n<li><a href=\"https:\/\/website.ifit.li\/?p=6507\" target=\"_blank\" rel=\"noopener\"><u>Christus ist diese heilige Pforte und der Eintritt kostet nichts!<\/u><\/a><\/li>\n<li><a href=\"https:\/\/website.ifit.li\/?p=6460\" target=\"_blank\" rel=\"noopener\"><u>Die g\u00f6ttliche Barmherzigkeit \u00fcberstrahlt das Dunkel der S\u00fcnde<\/u><\/a><\/li>\n<li><a href=\"https:\/\/website.ifit.li\/?p=6441\" target=\"_blank\" rel=\"noopener\"><u>Der Sieg der Liebe Christi schliesst alles ein in die Barmherzigkeit des Vaters<\/u><\/a><\/li>\n<li><a href=\"https:\/\/website.ifit.li\/?p=6264\" target=\"_blank\" rel=\"noopener\"><u>Wer ist die T\u00fcr Gottes? Jesus Christus!<\/u><\/a><\/li>\n<li><a href=\"https:\/\/website.ifit.li\/?p=6325\" target=\"_blank\" rel=\"noopener\"><u>Erste Heilige Pforte zum Jahr der Barmherzigkeit in Bangui ge\u00f6ffnet<\/u><\/a><\/li>\n<li><a href=\"https:\/\/website.ifit.li\/?p=6248\" target=\"_blank\" rel=\"noopener\"><u>Das ausserordentliche Jubeljahr der Barmherzigkeit<\/u><\/a><\/li>\n<li><a title=\"Kostenfreie Anmeldung gilt f\u00fcr acht Veranstaltungen mit besonderem Besucherandrang und soll die Planung und Steuerung erleichtern \u2013 Last Minute-Registrierung f\u00fcr noch verf\u00fcgbare Pl\u00e4tze im \u201eWillkommenszentrum\u201c auf der Via della Conciliazione.\" href=\"http:\/\/www.im.va\/content\/gdm\/de.html\" target=\"_blank\" rel=\"noopener\"><u><span style=\"color: #0066cc;\">Vatikan \u2013 Jubil\u00e4um der Barmherzigkeit<\/span><\/u><\/a><\/li>\n<\/ul>\n","protected":false},"excerpt":{"rendered":"<p>4.\u00a0Katechese zur Barmherzigkeit im Licht des Neuen Testaments von Papst Franziskus Papst Franziskus hatte am Mittwoch, 27. April 2016,\u00a0in der Katechese seiner Generalaudienz insofern mahnende Worte,\u00a0als die Kirchenzugeh\u00f6rigkeit allein noch keine Garantie daf\u00fcr sei, dass man tats\u00e4chlich dem Willen Gottes entsprechend handle.\u00a0 Bei wechselhaftem Wetter war der Petersplatz voller Pilger, als Papst Franziskus \u00fcber die &hellip; <a href=\"https:\/\/website.ifit.li\/?p=7046\" class=\"more-link\"><span class=\"screen-reader-text\">Der N\u00e4chste hat Mitleid mit dem Leidenden und naht sich ihm<\/span> weiterlesen <span class=\"meta-nav\">&rarr;<\/span><\/a><\/p>\n","protected":false},"author":1,"featured_media":7054,"comment_status":"closed","ping_status":"open","sticky":false,"template":"","format":"standard","meta":{"footnotes":""},"categories":[2],"tags":[129,191,104,58],"class_list":["post-7046","post","type-post","status-publish","format-standard","has-post-thumbnail","hentry","category-kirche","tag-barmherzigkeit","tag-jahr-der-barmherzigkeit","tag-katechese","tag-papst-franziskus"],"_links":{"self":[{"href":"https:\/\/website.ifit.li\/index.php?rest_route=\/wp\/v2\/posts\/7046","targetHints":{"allow":["GET"]}}],"collection":[{"href":"https:\/\/website.ifit.li\/index.php?rest_route=\/wp\/v2\/posts"}],"about":[{"href":"https:\/\/website.ifit.li\/index.php?rest_route=\/wp\/v2\/types\/post"}],"author":[{"embeddable":true,"href":"https:\/\/website.ifit.li\/index.php?rest_route=\/wp\/v2\/users\/1"}],"replies":[{"embeddable":true,"href":"https:\/\/website.ifit.li\/index.php?rest_route=%2Fwp%2Fv2%2Fcomments&post=7046"}],"version-history":[{"count":15,"href":"https:\/\/website.ifit.li\/index.php?rest_route=\/wp\/v2\/posts\/7046\/revisions"}],"predecessor-version":[{"id":38872,"href":"https:\/\/website.ifit.li\/index.php?rest_route=\/wp\/v2\/posts\/7046\/revisions\/38872"}],"wp:featuredmedia":[{"embeddable":true,"href":"https:\/\/website.ifit.li\/index.php?rest_route=\/wp\/v2\/media\/7054"}],"wp:attachment":[{"href":"https:\/\/website.ifit.li\/index.php?rest_route=%2Fwp%2Fv2%2Fmedia&parent=7046"}],"wp:term":[{"taxonomy":"category","embeddable":true,"href":"https:\/\/website.ifit.li\/index.php?rest_route=%2Fwp%2Fv2%2Fcategories&post=7046"},{"taxonomy":"post_tag","embeddable":true,"href":"https:\/\/website.ifit.li\/index.php?rest_route=%2Fwp%2Fv2%2Ftags&post=7046"}],"curies":[{"name":"wp","href":"https:\/\/api.w.org\/{rel}","templated":true}]}}