{"id":7034,"date":"2016-04-20T23:31:51","date_gmt":"2016-04-20T21:31:51","guid":{"rendered":"https:\/\/website.ifit.li\/?p=7034"},"modified":"2021-10-23T15:26:02","modified_gmt":"2021-10-23T13:26:02","slug":"wem-gott-viel-suenden-vergibt-der-wird-auch-viel-lieben","status":"publish","type":"post","link":"https:\/\/website.ifit.li\/?p=7034","title":{"rendered":"Wem Gott viel S\u00fcnden vergibt, der wird ihn auch viel lieben"},"content":{"rendered":"<h2>3.\u00a0Katechese zur Barmherzigkeit im Licht des Neuen Testaments von Papst Franziskus<\/h2>\n<p><img data-opt-id=268388314  fetchpriority=\"high\" decoding=\"async\" class=\"alignleft wp-image-6273 size-full\" src=\"https:\/\/ml2mintiuscj.i.optimole.com\/w:auto\/h:auto\/q:mauto\/f:best\/https:\/\/website.ifit.li\/wp-content\/uploads\/2015\/11\/Genealaudienz-mit-Papst-Franziskus.jpg\" alt=\"Bild: Internet\" width=\"266\" height=\"189\" \/>Papst Franziskus zeigte in der Katechese w\u00e4hrend der Generalaudienz am Mittwoch, 20. April 2016, den Unterschied zwischen einem Christen, der sich mit ganzem Herzen dem Glauben hingibt und demjenigen, der sein Leben nicht \u00e4ndern will. Ausgehend vom Lukasevangelium legte der Papst anhand der Geschichte des Simon von Bethanien dar, dass dieser seinen N\u00e4chsten nach dessen Erscheinungsbild urteile, w\u00e4hrend die S\u00fcnderin, die sich Jesus zu F\u00fc\u00dfen wirft, sich ganz dem Herrn anvertraue. Simon sei dem Irrtum verfallen, dass Jesus S\u00fcnder von sich fern halten m\u00fcsse. Wir alle seien aber S\u00fcnder und bed\u00fcrften der Barmherzigkeit Gottes, erkl\u00e4rte Papst Franziskus und betonte, dass die Geschichte den Kontrast zwischen der Heuchelei der Gelehrten und der Demut und Ernsthaftigkeit der Frau verdeutliche. Die S\u00fcnderin lehre uns die Bindung zwischen Glauben, Liebe und Dankbarkeit. Papst Franziskus forderte alle zu Dankbarkeit f\u00fcr das Geschenk des Glaubens und der Liebe Gottes auf und lud dazu ein, diese Dankbarkeit auch in unsere Familien weiterzutragen. Der folgende Lesungausschnitt aus dem Lukasevangelium diente dem Papst als Vorlage f\u00fcr seine Katechese (<a href=\"http:\/\/www.bibleserver.com\/text\/EU\/Lukas7.37-38.44.47-48\" target=\"_blank\" rel=\"noopener\">Lk 7,37-38.44.47-48<\/a>):<!--more--><\/p>\n<blockquote><p>Als nun eine S\u00fcnderin, die in der Stadt lebte, erfuhr, dass er [Jesus] im Haus des Pharis\u00e4ers bei Tisch war, kam sie mit einem Alabastergef\u00e4\u00df voll wohlriechendem \u00d6l und trat von hinten an ihn heran. Dabei weinte sie und ihre Tr\u00e4nen fielen auf seine F\u00fc\u00dfe. Sie trocknete seine F\u00fc\u00dfe mit ihrem Haar, k\u00fcsste sie und salbte sie mit dem \u00d6l. Dann wandte er sich der Frau zu und sagte zu Simon: Siehst du diese Frau? Als ich in dein Haus kam, hast du mir kein Wasser zum Waschen der F\u00fc\u00dfe gegeben; sie aber hat ihre Tr\u00e4nen \u00fcber meinen F\u00fc\u00dfen vergossen und sie mit ihrem Haar abgetrocknet. Deshalb sage ich dir: Ihr sind ihre vielen S\u00fcnden vergeben, weil sie (mir) so viel Liebe gezeigt hat. Wem aber nur wenig vergeben wird, der zeigt auch nur wenig Liebe. Dann sagte er zu ihr: Deine S\u00fcnden sind dir vergeben.<\/p><\/blockquote>\n<h3>Zusammenfassung der Katechese von Papst Franziskus vom 20.\u00a0April 2016<\/h3>\n<p>Liebe Br\u00fcder und Schwestern, die Erz\u00e4hlung im Lukasevangelium von der S\u00fcnderin, die dem Herrn die F\u00fc\u00dfe salbt, handelt von der Liebe und der Vergebung. Die nicht namentlich genannte Frau vertraut sich voller Liebe Jesus ganz an. Das Wort Gottes lehrt, zwischen der S\u00fcnde und dem S\u00fcnder zu unterscheiden. Mit der S\u00fcnde darf man keine Kompromisse eingehen, aber die S\u00fcnder \u2013 d. h. wir alle \u2013 sind wie Kranke, die der Heilung bed\u00fcrfen. Doch muss der Kranke erkennen, dass er den Arzt braucht, und der Arzt muss sich ihm n\u00e4hern, damit er ihn behandeln kann. Deswegen l\u00e4sst sich Jesus von der S\u00fcnderin ber\u00fchren, ohne Angst zu haben angesteckt zu werden. Er tritt in Beziehung zu ihr und setzt ihrer Ausgrenzung ein Ende. Er sieht ihren Glauben und ihre Umkehr. Die S\u00fcnderin lehrt uns die Verbindung zwischen Glaube, Liebe und Dankbarkeit. Ihr wurden viele S\u00fcnden vergeben, und deswegen liebt sie viel. Alles ist in das Geheimnis der Barmherzigkeit eingeschlossen, und von der Liebe, die uns immer zuvorkommt, lernen wir zu lieben. Der Herr schenkt uns \u201edie Vergebung der S\u00fcnden nach dem Reichtum seiner Gnade\u201c (<a href=\"http:\/\/www.bibleserver.com\/text\/EU\/Epheser1.7\" target=\"_blank\" rel=\"noopener\"><i>Eph <\/i>1,7<\/a>). Gottes reiche Gnade verwirklicht seinen Heilsplan f\u00fcr einen jeden von uns. Daher wollen wir f\u00fcr das Geschenk des Glaubens und f\u00fcr seine so gro\u00dfe und unverdiente Liebe danken. Auf diese Liebe d\u00fcrfen wir bauen, und in dankbarer Liebe wollen wir den Mitmenschen Gottes Barmherzigkeit mitteilen. <span style=\"color: #663300;\"><a href=\"http:\/\/w2.vatican.va\/content\/francesco\/de\/audiences\/2016\/documents\/papa-francesco_20160420_udienza-generale.html\" target=\"_blank\" rel=\"noopener\">\u00a9 Copyright &#8211; Libreria Editrice Vaticana<\/a><\/span><\/p>\n<h3>F\u00fcr die deutschsprachigen Pilger wurden folgende Gru\u00dfworte auf Italienisch verlesen:<\/h3>\n<p>Ein herzliches Willkommen sage ich den Pilgern deutscher Sprache. Ich gr\u00fc\u00dfe besonders die Seminaristen des \u00fcberdi\u00f6zesanen Seminars St. Lambert in Burg Lantershofen sowie die Mitglieder und Freunde der Stiftung <i>Ecclesia mundi<\/i>. Liebe Br\u00fcder und Schwestern, Gott hat uns zuerst geliebt (<i>1\u00a0Joh <\/i>4,19): Dies wollen mit unserer Liebe zum Herrn und zu den Mitmenschen erwidern; so k\u00f6nnen wir die Welt ver\u00e4ndern. Von Herzen segne ich euch alle.\u00a0 <span style=\"color: #663300;\"><a href=\"http:\/\/w2.vatican.va\/content\/francesco\/de\/audiences\/2016\/documents\/papa-francesco_20160420_udienza-generale.html\" target=\"_blank\" rel=\"noopener\">\u00a9 Copyright &#8211; Libreria Editrice Vaticana<\/a><\/span><\/p>\n<h2 id=\"hinweise\"><strong>Weitere Hinweise und Quellen<\/strong><\/h2>\n<ul>\n<li>Radio Vatikan: <a href=\"http:\/\/de.radiovaticana.va\/news\/2016\/04\/20\/generalaudienz_der_pharis%C3%A4er_und_die_s%C3%BCnderin\/1224129\" target=\"_blank\" rel=\"noopener\">Audiodokument 1224129<\/a><\/li>\n<li>Radio Horeb: <a href=\"http:\/\/www.horeb.org\/xyz\/podcast\/papstaudienz\/20160420audienz.mp3\" target=\"_blank\" rel=\"noopener\">Podcast zur Generalaudienz vom 20. April 2016<\/a><\/li>\n<li>Agentur Zenit (Link vergriffen): Katechese von Papst Franziskus w\u00e4hrend der Generalaudienz am 20. April 2016<\/li>\n<li>YouTube (alle Sprachen): <a href=\"https:\/\/www.youtube.com\/watch?v=9hyM903CdCc&amp;nohtml5=False\" target=\"_blank\" rel=\"noopener\">Pope Francis General Audience 2016.04.20<\/a><\/li>\n<li><a href=\"https:\/\/website.ifit.li\/?p=7004\" target=\"_blank\" rel=\"noopener\">Kein Heiliger ohne Vergangenheit, kein S\u00fcnder ohne Zukunft<\/a><\/li>\n<li><a href=\"https:\/\/website.ifit.li\/?p=6957\" target=\"_blank\" rel=\"noopener\">Christus selbst stellt sich in die Reihe der S\u00fcnder und l\u00e4sst sich taufen<\/a><\/li>\n<li><a href=\"https:\/\/website.ifit.li\/?p=6925\" target=\"_blank\" rel=\"noopener\">Der Mensch, dem von Gott vergeben wird, wird zu einer neuen Kreatur<\/a><\/li>\n<li><a href=\"https:\/\/website.ifit.li\/?p=6916\" target=\"_blank\" rel=\"noopener\"><u>Die Liebe Gottes geht immer wieder bis an die Grenzen ohne Grenzen<\/u><\/a><\/li>\n<li><a href=\"https:\/\/website.ifit.li\/?p=6910\" target=\"_blank\" rel=\"noopener\"><u>Gott l\u00e4sst uns in aller Not und Bedr\u00e4ngnis nicht allein<\/u><\/a><\/li>\n<li><a href=\"https:\/\/website.ifit.li\/?p=6899\" target=\"_blank\" rel=\"noopener\"><u>Die Fusswaschung Jesu lehrt uns, Bedienstete und Diener zu sein<\/u><\/a><\/li>\n<li><a href=\"https:\/\/website.ifit.li\/?p=6798\" target=\"_blank\" rel=\"noopener\"><u>Die Strafe eines Vaters soll ein Kind zur Umkehr hinf\u00fchren<\/u><\/a><\/li>\n<li><a href=\"https:\/\/website.ifit.li\/?p=6773\" target=\"_blank\" rel=\"noopener\"><u>Ohne Dienst wird Macht zu Arroganz, Hochmut, Dominanz und Unterdr\u00fcckung<\/u><\/a><\/li>\n<li><a href=\"https:\/\/website.ifit.li\/?p=6725\" target=\"_blank\" rel=\"noopener\"><u>Andere auszun\u00fctzen, ist eine S\u00fcnde, die zu Gott schreit!<\/u><\/a><\/li>\n<li><a href=\"https:\/\/website.ifit.li\/?p=6700\" target=\"_blank\" rel=\"noopener\"><u>Das Opfer vergibt dem Schuldigen und hilft ihm zu Reue und Umkehr<\/u><\/a><\/li>\n<li><a href=\"https:\/\/website.ifit.li\/?p=6667\" target=\"_blank\" rel=\"noopener\"><u>Als echte Kinder Gottes erben wir auch seine G\u00fcte und Barmherzigkeit<\/u><\/a><\/li>\n<li><a href=\"https:\/\/website.ifit.li\/?p=6632\" target=\"_blank\" rel=\"noopener\"><u>Die Taufe ist f\u00fcr alle der Weg von der Finsternis ins Licht<\/u><\/a><\/li>\n<li><a href=\"https:\/\/website.ifit.li\/?p=6609\" target=\"_blank\" rel=\"noopener\"><u>Die Liebe Gottes geht \u00fcber S\u00fcnde hinaus \u2013 eine Treue ohne Grenzen!<\/u><\/a><\/li>\n<li><a href=\"https:\/\/website.ifit.li\/?p=6567\" target=\"_blank\" rel=\"noopener\"><u>Jesus zeigt das Antlitz der Liebe und Barmherzigkeit seines Vaters<\/u><\/a><\/li>\n<li><a href=\"https:\/\/website.ifit.li\/?p=6507\" target=\"_blank\" rel=\"noopener\"><u>Christus ist diese heilige Pforte und der Eintritt kostet nichts!<\/u><\/a><\/li>\n<li><a href=\"https:\/\/website.ifit.li\/?p=6460\" target=\"_blank\" rel=\"noopener\"><u>Die g\u00f6ttliche Barmherzigkeit \u00fcberstrahlt das Dunkel der S\u00fcnde<\/u><\/a><\/li>\n<li><a href=\"https:\/\/website.ifit.li\/?p=6441\" target=\"_blank\" rel=\"noopener\"><u>Der Sieg der Liebe Christi schliesst alles ein in die Barmherzigkeit des Vaters<\/u><\/a><\/li>\n<li><a href=\"https:\/\/website.ifit.li\/?p=6264\" target=\"_blank\" rel=\"noopener\"><u>Wer ist die T\u00fcr Gottes? Jesus Christus!<\/u><\/a><\/li>\n<li><a href=\"https:\/\/website.ifit.li\/?p=6325\" target=\"_blank\" rel=\"noopener\"><u>Erste Heilige Pforte zum Jahr der Barmherzigkeit in Bangui ge\u00f6ffnet<\/u><\/a><\/li>\n<li><a href=\"https:\/\/website.ifit.li\/?p=6248\" target=\"_blank\" rel=\"noopener\"><u>Das ausserordentliche Jubeljahr der Barmherzigkeit<\/u><\/a><\/li>\n<li><a title=\"Kostenfreie Anmeldung gilt f\u00fcr acht Veranstaltungen mit besonderem Besucherandrang und soll die Planung und Steuerung erleichtern \u2013 Last Minute-Registrierung f\u00fcr noch verf\u00fcgbare Pl\u00e4tze im \u201eWillkommenszentrum\u201c auf der Via della Conciliazione.\" href=\"http:\/\/www.im.va\/content\/gdm\/de.html\" target=\"_blank\" rel=\"noopener\"><u>Vatikan \u2013 Jubil\u00e4um der Barmherzigkeit<\/u><\/a><\/li>\n<\/ul>\n","protected":false},"excerpt":{"rendered":"<p>3.\u00a0Katechese zur Barmherzigkeit im Licht des Neuen Testaments von Papst Franziskus Papst Franziskus zeigte in der Katechese w\u00e4hrend der Generalaudienz am Mittwoch, 20. April 2016, den Unterschied zwischen einem Christen, der sich mit ganzem Herzen dem Glauben hingibt und demjenigen, der sein Leben nicht \u00e4ndern will. Ausgehend vom Lukasevangelium legte der Papst anhand der Geschichte &hellip; <a href=\"https:\/\/website.ifit.li\/?p=7034\" class=\"more-link\"><span class=\"screen-reader-text\">Wem Gott viel S\u00fcnden vergibt, der wird ihn auch viel lieben<\/span> weiterlesen <span class=\"meta-nav\">&rarr;<\/span><\/a><\/p>\n","protected":false},"author":1,"featured_media":7039,"comment_status":"closed","ping_status":"open","sticky":false,"template":"","format":"standard","meta":{"footnotes":""},"categories":[2],"tags":[129,191,104,58],"class_list":["post-7034","post","type-post","status-publish","format-standard","has-post-thumbnail","hentry","category-kirche","tag-barmherzigkeit","tag-jahr-der-barmherzigkeit","tag-katechese","tag-papst-franziskus"],"_links":{"self":[{"href":"https:\/\/website.ifit.li\/index.php?rest_route=\/wp\/v2\/posts\/7034","targetHints":{"allow":["GET"]}}],"collection":[{"href":"https:\/\/website.ifit.li\/index.php?rest_route=\/wp\/v2\/posts"}],"about":[{"href":"https:\/\/website.ifit.li\/index.php?rest_route=\/wp\/v2\/types\/post"}],"author":[{"embeddable":true,"href":"https:\/\/website.ifit.li\/index.php?rest_route=\/wp\/v2\/users\/1"}],"replies":[{"embeddable":true,"href":"https:\/\/website.ifit.li\/index.php?rest_route=%2Fwp%2Fv2%2Fcomments&post=7034"}],"version-history":[{"count":10,"href":"https:\/\/website.ifit.li\/index.php?rest_route=\/wp\/v2\/posts\/7034\/revisions"}],"predecessor-version":[{"id":38871,"href":"https:\/\/website.ifit.li\/index.php?rest_route=\/wp\/v2\/posts\/7034\/revisions\/38871"}],"wp:featuredmedia":[{"embeddable":true,"href":"https:\/\/website.ifit.li\/index.php?rest_route=\/wp\/v2\/media\/7039"}],"wp:attachment":[{"href":"https:\/\/website.ifit.li\/index.php?rest_route=%2Fwp%2Fv2%2Fmedia&parent=7034"}],"wp:term":[{"taxonomy":"category","embeddable":true,"href":"https:\/\/website.ifit.li\/index.php?rest_route=%2Fwp%2Fv2%2Fcategories&post=7034"},{"taxonomy":"post_tag","embeddable":true,"href":"https:\/\/website.ifit.li\/index.php?rest_route=%2Fwp%2Fv2%2Ftags&post=7034"}],"curies":[{"name":"wp","href":"https:\/\/api.w.org\/{rel}","templated":true}]}}