{"id":6910,"date":"2016-03-16T23:27:31","date_gmt":"2016-03-16T22:27:31","guid":{"rendered":"https:\/\/website.ifit.li\/?p=6910"},"modified":"2021-10-23T14:48:12","modified_gmt":"2021-10-23T12:48:12","slug":"gott-laesst-uns-in-aller-not-und-bedraengnis-nicht-allein","status":"publish","type":"post","link":"https:\/\/website.ifit.li\/?p=6910","title":{"rendered":"Gott l\u00e4sst uns in aller Not und Bedr\u00e4ngnis nicht allein"},"content":{"rendered":"<h2>Katechese von Papst Franziskus am 16. M\u00e4rz 2016 \u00fcber die Fl\u00fcchtlingssituation<\/h2>\n<p><a href=\"https:\/\/website.ifit.li\/?attachment_id=6273\" rel=\"attachment wp-att-6273\"><img data-opt-id=268388314  fetchpriority=\"high\" decoding=\"async\" class=\"alignleft wp-image-6273 size-full\" src=\"https:\/\/ml2mintiuscj.i.optimole.com\/w:auto\/h:auto\/q:mauto\/f:best\/https:\/\/website.ifit.li\/wp-content\/uploads\/2015\/11\/Genealaudienz-mit-Papst-Franziskus.jpg\" alt=\"Bild: Internet\" width=\"266\" height=\"189\" \/><\/a>Bei der Generalaudienz am Mittwoch, 16. M\u00e4rz 2016\u00a0richtete Papst Franziskus auf dem Petersplatz einen Appell an die L\u00e4nder \u2013 und vor allem an deren Regierenden: \u201e\u00d6ffnet die Herzen und die T\u00fcren f\u00fcr die Fl\u00fcchtlinge, die an den verschlossenen Grenzen warten!\u201c Ausgehend von seiner Katechesenreihe zum Thema Barmherzigkeit in der Heiligen Schrift ging der Papst auf zwei Abschnitte im 30. und 31. Buch des Propheten Jeremia ein, die dem Bibelleser auch als \u201eTrostschrift\u201c bekannt sind. In diesen Bibelstellen zeige sich die \u201ewahre Barmherzigkeit Gottes\u201c: Der Prophet Jeremia schenkte den ins Exil verschleppten Israeliten Mut, indem er ihre R\u00fcckkehr in ihre Heimat ank\u00fcndigte. <!--more-->Hier sei auch der Bezug zur Gegenwart sichtbar: Immer wieder fragen sich heute noch viele Menschen, wie Gott es zulassen k\u00f6nne, dass man die eigene Heimat verlassen m\u00fcsse. Jeremia hebe hervor, dass Gott niemand \u2013 und vor allem nicht sein Volk \u2013 im Stich lasse. \u201eGott ist bei ihnen\u201c, so der Papst, \u201edenn Gott ist es, der sie zur\u00fcckf\u00fchrt, ihre Tr\u00e4nen trocknet und von Angst befreit.\u201c Lesung aus dem Buch Jeremia (<a href=\"http:\/\/www.bibleserver.com\/text\/EU\/Jeremia31.10-13\" target=\"_blank\" rel=\"noopener\">Jer 31,10-13<\/a>):<\/p>\n<blockquote><p>H\u00f6rt, ihr V\u00f6lker, das Wort des Herrn, verk\u00fcndet es auf den fernsten Inseln und sagt: Er, der Israel zerstreut hat, wird es auch sammeln und h\u00fcten wie ein Hirt seine Herde. &#8230; Sie kommen und jubeln auf Zions H\u00f6he, sie strahlen vor Freude \u00fcber die Gaben des Herrn &#8230; Ich verwandle ihre Trauer in Jubel, tr\u00f6ste und erfreue sie nach ihrem Kummer.<\/p><\/blockquote>\n<h3>Zusammenfassung der Katechese von Papst Franziskus vom 16. M\u00e4rz 2016<\/h3>\n<p>Liebe Br\u00fcder und Schwestern, der Abschnitt des 30. und 31. Kapitels im Buch des Propheten Jeremia wird auch Trostschrift genannt. Dort begegnet uns die tr\u00f6stende Kraft der Barmherzigkeit Gottes. Jeremia wendet sich mit Worten des Trostes an die ins Exil verschleppten Israeliten und verk\u00fcndet ihnen die R\u00fcckkehr in die Heimat. Die Not und Verlassenheit des Exils, auch in seiner geistigen Dimension, l\u00e4sst den Menschen immer wieder fragen: Wo ist Gott? Wie kann er das zulassen? Jeremia zeigt, dass Gott sein Volk nicht allein l\u00e4sst, dass er bei ihnen ist, dass er es ist, der sie zur\u00fcckf\u00fchrt, ihre Tr\u00e4nen trocknet und von Angst befreit. Gott ist treu. Er steht uns bei in jeder Not. Die R\u00fcckkehr nach Jerusalem wird beschrieben als ein <i>hinaufstr\u00f6men<\/i>, <i> hinaufflie\u00dfen<\/i> auf den Berg Zion \u2013 ein k\u00fchnes Bild, das von der Gr\u00f6\u00dfe der Barmherzigkeit des Herrn erz\u00e4hlt. Das verlassene Land erbl\u00fcht wieder. F\u00fcr die einst Verschleppten verwendet der Prophet das trostreiche Gleichnis vom bew\u00e4sserten Garten und der fruchtbaren Erde. \u201eIch verwandle ihre Trauer in Jubel, tr\u00f6ste und erfreue sie nach ihrem Kummer\u201c (<a href=\"http:\/\/www.bibleserver.com\/text\/EU\/Jeremia31.13\" target=\"_blank\" rel=\"noopener\"><i>Jer<\/i> 31,13<\/a>), spricht der Herr. Dieses Wort des Trostes gilt auch uns. Gott l\u00e4sst uns in aller Not und Bedr\u00e4ngnis nicht allein, sondern f\u00fchrt uns durch seine barmherzige Liebe zur Freude, zum Frieden und zum ewigen Leben. <span style=\"color: #663300;\"><a href=\"http:\/\/w2.vatican.va\/content\/francesco\/de\/audiences\/2016\/documents\/papa-francesco_20160316_udienza-generale.html\" target=\"_blank\" rel=\"noopener\">\u00a9 Copyright &#8211; Libreria Editrice Vaticana<\/a><\/span><\/p>\n<h3>F\u00fcr die deutschsprachigen Pilger wurden folgende Gru\u00dfworte auf Italienisch verlesen:<\/h3>\n<p>Einen herzlichen Gru\u00df richte ich an alle Pilger deutscher Sprache, insbesondere an die verschiedenen Sch\u00fclergruppen aus Deutschland und \u00d6sterreich. Geht froh euren Weg! Auch in schwierigen Situationen ist euch Gott immer nahe. Sucht seine Gegenwart und seine Barmherzigkeit und er wird euch st\u00e4rken. Gott segne euch alle. <span style=\"color: #663300;\"><a href=\"http:\/\/w2.vatican.va\/content\/francesco\/de\/audiences\/2016\/documents\/papa-francesco_20160316_udienza-generale.html\" target=\"_blank\" rel=\"noopener\">\u00a9 Copyright &#8211; Libreria Editrice Vaticana<\/a><\/span><\/p>\n<h2 id=\"hinweise\"><strong>Weitere Hinweise und Quellen<\/strong><\/h2>\n<ul>\n<li>Radio Vatikan: <a href=\"http:\/\/de.radiovaticana.va\/news\/2016\/03\/16\/papst_an_regierenden_\u201e\u00f6ffnet_die_t\u00fcren_f\u00fcr_migranten!\u201c\/1215744\" target=\"_blank\" rel=\"noopener\">Audiodokument 1215744<\/a><\/li>\n<li>Radio Horeb: <a href=\"http:\/\/www.horeb.org\/xyz\/podcast\/papstaudienz\/20160316audienz.mp3\" target=\"_blank\" rel=\"noopener\">Podcast zur Generalaudienz vom 16. M\u00e4rz 2016<\/a><\/li>\n<li>Agentur Zenit Link https:\/\/de.zenit.org\/articles\/land-und-herz-den-menschen-oeffnen\/ vergriffen : Katechese von Papst Franziskus w\u00e4hrend der Generalaudienz am 16. M\u00e4rz 2016<\/li>\n<li>YouTube (alle Sprachen): <a href=\"https:\/\/www.youtube.com\/watch?v=mkWewJS2MiE\" target=\"_blank\" rel=\"noopener\">Pope Francis General Audience 2016.03.16<\/a><\/li>\n<li><a href=\"https:\/\/website.ifit.li\/?p=6899\" target=\"_blank\" rel=\"noopener\">Die Fusswaschung Jesu lehrt uns, Bedienstete und Diener zu sein<\/a><\/li>\n<li><a href=\"https:\/\/website.ifit.li\/?p=6798\" target=\"_blank\" rel=\"noopener\"><u><span style=\"color: #0066cc;\">Die Strafe eines Vaters soll ein Kind zur Umkehr hinf\u00fchren<\/span><\/u><\/a><\/li>\n<li><a href=\"https:\/\/website.ifit.li\/?p=6773\" target=\"_blank\" rel=\"noopener\"><u>Ohne Dienst wird Macht zu Arroganz, Hochmut, Dominanz und Unterdr\u00fcckung<\/u><\/a><\/li>\n<li><a href=\"https:\/\/website.ifit.li\/?p=6725\" target=\"_blank\" rel=\"noopener\"><u><span style=\"color: #0066cc;\">Andere auszun\u00fctzen, ist eine S\u00fcnde, die zu Gott schreit!<\/span><\/u><\/a><\/li>\n<li><a href=\"https:\/\/website.ifit.li\/?p=6700\" target=\"_blank\" rel=\"noopener\"><u><span style=\"color: #0066cc;\">Das Opfer vergibt dem Schuldigen und hilft ihm zu Reue und Umkehr<\/span><\/u><\/a><\/li>\n<li><a href=\"https:\/\/website.ifit.li\/?p=6667\" target=\"_blank\" rel=\"noopener\"><u><span style=\"color: #0066cc;\">Als echte Kinder Gottes erben wir auch seine G\u00fcte und Barmherzigkeit<\/span><\/u><\/a><\/li>\n<li><a href=\"https:\/\/website.ifit.li\/?p=6632\" target=\"_blank\" rel=\"noopener\"><u><span style=\"color: #0066cc;\">Die Taufe ist f\u00fcr alle der Weg von der Finsternis ins Licht<\/span><\/u><\/a><\/li>\n<li><a href=\"https:\/\/website.ifit.li\/?p=6609\" target=\"_blank\" rel=\"noopener\"><u><span style=\"color: #0066cc;\">Die Liebe Gottes geht \u00fcber S\u00fcnde hinaus \u2013 eine Treue ohne Grenzen!<\/span><\/u><\/a><\/li>\n<li><a href=\"https:\/\/website.ifit.li\/?p=6567\" target=\"_blank\" rel=\"noopener\"><u><span style=\"color: #0066cc;\">Jesus zeigt das Antlitz der Liebe und Barmherzigkeit seines Vaters<\/span><\/u><\/a><\/li>\n<li><a href=\"https:\/\/website.ifit.li\/?p=6507\" target=\"_blank\" rel=\"noopener\"><u><span style=\"color: #0066cc;\">Christus ist diese heilige Pforte und der Eintritt kostet nichts!<\/span><\/u><\/a><\/li>\n<li><a href=\"https:\/\/website.ifit.li\/?p=6460\" target=\"_blank\" rel=\"noopener\"><u><span style=\"color: #0066cc;\">Die g\u00f6ttliche Barmherzigkeit \u00fcberstrahlt das Dunkel der S\u00fcnde<\/span><\/u><\/a><\/li>\n<li><a href=\"https:\/\/website.ifit.li\/?p=6441\" target=\"_blank\" rel=\"noopener\"><u><span style=\"color: #0066cc;\">Der Sieg der Liebe Christi schliesst alles ein in die Barmherzigkeit des Vaters<\/span><\/u><\/a><\/li>\n<li><a href=\"https:\/\/website.ifit.li\/?p=6264\" target=\"_blank\" rel=\"noopener\"><u><span style=\"color: #0066cc;\">Wer ist die T\u00fcr Gottes? Jesus Christus!<\/span><\/u><\/a><\/li>\n<li><a href=\"https:\/\/website.ifit.li\/?p=6325\" target=\"_blank\" rel=\"noopener\"><u><span style=\"color: #0066cc;\">Erste Heilige Pforte zum Jahr der Barmherzigkeit in Bangui ge\u00f6ffnet<\/span><\/u><\/a><\/li>\n<li><a href=\"https:\/\/website.ifit.li\/?p=6248\" target=\"_blank\" rel=\"noopener\"><u><span style=\"color: #0066cc;\">Das ausserordentliche Jubeljahr der Barmherzigkeit<\/span><\/u><\/a><\/li>\n<li><a title=\"Kostenfreie Anmeldung gilt f\u00fcr acht Veranstaltungen mit besonderem Besucherandrang und soll die Planung und Steuerung erleichtern \u2013 Last Minute-Registrierung f\u00fcr noch verf\u00fcgbare Pl\u00e4tze im \u201eWillkommenszentrum\u201c auf der Via della Conciliazione.\" href=\"http:\/\/www.im.va\/content\/gdm\/de.html\" target=\"_blank\" rel=\"noopener\"><u><span style=\"color: #0066cc;\">Vatikan \u2013 Jubil\u00e4um der Barmherzigkeit<\/span><\/u><\/a><\/li>\n<li>\u21d2 <a href=\"https:\/\/website.ifit.li\/?p=8253\" target=\"_blank\" rel=\"noopener\">Zur\u00fcck zur \u00dcbersicht<\/a><\/li>\n<\/ul>\n","protected":false},"excerpt":{"rendered":"<p>Katechese von Papst Franziskus am 16. M\u00e4rz 2016 \u00fcber die Fl\u00fcchtlingssituation Bei der Generalaudienz am Mittwoch, 16. M\u00e4rz 2016\u00a0richtete Papst Franziskus auf dem Petersplatz einen Appell an die L\u00e4nder \u2013 und vor allem an deren Regierenden: \u201e\u00d6ffnet die Herzen und die T\u00fcren f\u00fcr die Fl\u00fcchtlinge, die an den verschlossenen Grenzen warten!\u201c Ausgehend von seiner Katechesenreihe &hellip; <a href=\"https:\/\/website.ifit.li\/?p=6910\" class=\"more-link\"><span class=\"screen-reader-text\">Gott l\u00e4sst uns in aller Not und Bedr\u00e4ngnis nicht allein<\/span> weiterlesen <span class=\"meta-nav\">&rarr;<\/span><\/a><\/p>\n","protected":false},"author":1,"featured_media":6914,"comment_status":"closed","ping_status":"open","sticky":false,"template":"","format":"standard","meta":{"footnotes":""},"categories":[2],"tags":[252,236,129,173,191,104,240,58],"class_list":["post-6910","post","type-post","status-publish","format-standard","has-post-thumbnail","hentry","category-kirche","tag-angst","tag-armut","tag-barmherzigkeit","tag-herz","tag-jahr-der-barmherzigkeit","tag-katechese","tag-martyrium","tag-papst-franziskus"],"_links":{"self":[{"href":"https:\/\/website.ifit.li\/index.php?rest_route=\/wp\/v2\/posts\/6910","targetHints":{"allow":["GET"]}}],"collection":[{"href":"https:\/\/website.ifit.li\/index.php?rest_route=\/wp\/v2\/posts"}],"about":[{"href":"https:\/\/website.ifit.li\/index.php?rest_route=\/wp\/v2\/types\/post"}],"author":[{"embeddable":true,"href":"https:\/\/website.ifit.li\/index.php?rest_route=\/wp\/v2\/users\/1"}],"replies":[{"embeddable":true,"href":"https:\/\/website.ifit.li\/index.php?rest_route=%2Fwp%2Fv2%2Fcomments&post=6910"}],"version-history":[{"count":7,"href":"https:\/\/website.ifit.li\/index.php?rest_route=\/wp\/v2\/posts\/6910\/revisions"}],"predecessor-version":[{"id":38832,"href":"https:\/\/website.ifit.li\/index.php?rest_route=\/wp\/v2\/posts\/6910\/revisions\/38832"}],"wp:featuredmedia":[{"embeddable":true,"href":"https:\/\/website.ifit.li\/index.php?rest_route=\/wp\/v2\/media\/6914"}],"wp:attachment":[{"href":"https:\/\/website.ifit.li\/index.php?rest_route=%2Fwp%2Fv2%2Fmedia&parent=6910"}],"wp:term":[{"taxonomy":"category","embeddable":true,"href":"https:\/\/website.ifit.li\/index.php?rest_route=%2Fwp%2Fv2%2Fcategories&post=6910"},{"taxonomy":"post_tag","embeddable":true,"href":"https:\/\/website.ifit.li\/index.php?rest_route=%2Fwp%2Fv2%2Ftags&post=6910"}],"curies":[{"name":"wp","href":"https:\/\/api.w.org\/{rel}","templated":true}]}}