{"id":6899,"date":"2016-03-12T23:46:11","date_gmt":"2016-03-12T22:46:11","guid":{"rendered":"https:\/\/website.ifit.li\/?p=6899"},"modified":"2021-10-23T12:17:53","modified_gmt":"2021-10-23T10:17:53","slug":"die-fusswaschung-jesu-lehrt-uns-bediensteter-und-diener-zu-sein","status":"publish","type":"post","link":"https:\/\/website.ifit.li\/?p=6899","title":{"rendered":"Die Fusswaschung Jesu lehrt uns, Bedienstete und Diener zu sein"},"content":{"rendered":"<h2>Katechese von Papst Franziskus am 12.\u00a0M\u00e4rz 2016 \u00fcber die Fusswaschung<\/h2>\n<p><a href=\"https:\/\/website.ifit.li\/?attachment_id=6273\" rel=\"attachment wp-att-6273\"><img data-opt-id=268388314  fetchpriority=\"high\" decoding=\"async\" class=\"alignleft wp-image-6273 size-full\" src=\"https:\/\/ml2mintiuscj.i.optimole.com\/w:auto\/h:auto\/q:mauto\/f:best\/https:\/\/website.ifit.li\/wp-content\/uploads\/2015\/11\/Genealaudienz-mit-Papst-Franziskus.jpg\" alt=\"Bild: Internet\" width=\"266\" height=\"189\" \/><\/a>Mit der Fu\u00dfwaschung lehrt der Herr uns sein \u201eneues Gebot\u201d, n\u00e4mlich die gegenseitige Liebe und den Dienst am N\u00e4chsten. Das betonte Papst Franziskus bei seiner dritten au\u00dferordentlichen Generalaudienz im Rahmen des Heiligen Jahres f\u00fcr 40.000 Pilger auf dem Petersplatz am Samstag, 12. M\u00e4rz 2016. In Erwartung des Osterfestes meditierte der Papst \u00fcber den verlesenen Passus des Johannesevangeliums, in dem Jesus seinen J\u00fcngern die F\u00fc\u00dfe w\u00e4scht: \u201eJesus hat eine Geste gemacht, die sich in die Erinnerung seiner J\u00fcnger eingebrannt hat: die Fu\u00dfwaschung. Ein unerwarteter und schockierender Akt, so sehr, dass Petrus ihn nicht akzeptieren wollte. <!--more-->Der Papst sprach \u00fcber Worte Jesu, die aus der\u00a0Lesung aus dem Johannesevangelium stammen\u00a0\u00a0(<a href=\"http:\/\/www.bibleserver.com\/text\/EU\/Johannes13.12-14\" target=\"_blank\" rel=\"noopener\">Joh 13,12-14<\/a>):<\/p>\n<blockquote><p>Als er ihnen die F\u00fc\u00dfe gewaschen, sein Gewand wieder angelegt und Platz genommen hatte, sagte er zu ihnen: Begreift ihr, was ich an euch getan habe? Ihr sagt zu mir Meister und Herr und ihr nennt mich mit Recht so; denn ich bin es. Wenn nun ich, der Herr und Meister, euch die F\u00fc\u00dfe gewaschen habe, dann m\u00fcsst auch ihr einander die F\u00fc\u00dfe waschen.<\/p><\/blockquote>\n<h3>Zusammenfassung der Katechese von Papst Franziskus vom 12. M\u00e4rz 2016<\/h3>\n<p>Liebe Br\u00fcder und Schwestern, vor seinem Leiden und Sterben hat Jesus mit der Fu\u00dfwaschung ein Zeichen gesetzt, das sich tief ins Ged\u00e4chtnis der J\u00fcnger eingepr\u00e4gt hat. Der Herr macht sich zum Knecht und zeigt den Aposteln: Das Dienen ist der Weg, um den Glauben an ihn zu leben und seine Liebe zu bezeugen. Christus offenbart dadurch, wie Gott an uns handelt, und gibt uns ein Beispiel des neuen Gebots, einander zu lieben, wie er uns geliebt hat, bis zur Hingabe des Lebens. So ist die Liebe ein konkreter Dienst, den wir einander erweisen, ein dem\u00fctiger Dienst im Stillen und Verborgenen. Dazu geh\u00f6rt auch, die Gaben, die uns der Heilige Geist geschenkt hat, zum Aufbau der Gemeinde zur Verf\u00fcgung zu stellen und die materiellen G\u00fcter zu teilen, damit niemand Not leidet. Das Teilen und die Hingabe sind ein Weg echter Menschlichkeit, auf den Gott auch viele Nichtchristen f\u00fchrt. Mit der Fu\u00dfwaschung und der Bitte an die J\u00fcnger, es ihm gleich zu tun, l\u00e4dt uns Christus schlie\u00dflich auch ein, gegenseitig unsere Fehler zu bekennen und f\u00fcreinander zu beten, um von Herzen vergeben zu k\u00f6nnen. Barmherzig sein wie der Vater hei\u00dft also Jesus Christus auf dem Weg des Dienens zu folgen. <a href=\"http:\/\/w2.vatican.va\/content\/francesco\/de\/audiences\/2016\/documents\/papa-francesco_20160312_udienza-giubilare.html\" target=\"_blank\" rel=\"noopener\"><span style=\"color: #663300;\">\u00a9 Copyright &#8211; Libreria Editrice Vaticana<\/span><\/a><\/p>\n<h3>F\u00fcr die deutschsprachigen Pilger wurden folgende Gru\u00dfworte auf Italienisch verlesen:<\/h3>\n<p>Von Herzen hei\u00dfe ich die Pilger deutscher Sprache aus Deutschland, \u00d6sterreich und der Schweiz willkommen. Besonders gr\u00fc\u00dfe ich die Mitglieder der <i> Katholischen Arbeitnehmer-Bewegung<\/i> aus Mannheim. Schauen wir auf Christus und folgen wir seinem Beispiel, indem wir einander im t\u00e4glichen Leben konkret dienen. Der Heilige Geist f\u00fchre euch auf euren Wegen. <span style=\"color: #663300;\"><a href=\"http:\/\/w2.vatican.va\/content\/francesco\/de\/audiences\/2016\/documents\/papa-francesco_20160312_udienza-giubilare.html\" target=\"_blank\" rel=\"noopener\">\u00a9 Copyright &#8211; Libreria Editrice Vaticana<\/a><\/span><\/p>\n<h2 id=\"hinweise\"><strong>Weitere Hinweise und Quellen<\/strong><\/h2>\n<ul>\n<li>Radio Vatikan: <a href=\"https:\/\/www.archivioradiovaticana.va\/storico\/2016\/03\/12\/papst_fu%C3%9Fwaschung_lehrt_dienst_am_n%C3%A4chsten\/de-1214864\" target=\"_blank\" rel=\"noopener\">Audiodokument 1214864<\/a><\/li>\n<li>Radio Horeb: Podcast zur ausserordentlichen Generalaudienz vom 12. M\u00e4rz 2016 fehlt<\/li>\n<li>Agentur Zenit: Katechese von Papst Franziskus w\u00e4hrend der ausserordentlichen Generalaudienz am 12. M\u00e4rz 2016 fehlt<\/li>\n<li>YouTube (alle Sprachen): Pope Francis General Audience 2016.03.12 fehlt, siehe stattdessen <a href=\"http:\/\/w2.vatican.va\/content\/francesco\/de\/audiences\/2016\/documents\/papa-francesco_20160312_udienza-giubilare.html\" target=\"_blank\" rel=\"noopener\">hier&#8230;<\/a>\u00a0und auf &#171;[Multimedia]&#187; klicken.<\/li>\n<li><a href=\"https:\/\/website.ifit.li\/?p=6798\" target=\"_blank\" rel=\"noopener\">Die Strafe eines Vaters soll ein Kind zur Umkehr hinf\u00fchren<\/a><\/li>\n<li><a href=\"https:\/\/website.ifit.li\/?p=6773\"><u><span style=\"color: #0066cc;\">Ohne Dienst wird Macht zu Arroganz, Hochmut, Dominanz und Unterdr\u00fcckung<\/span><\/u><\/a><\/li>\n<li><a href=\"https:\/\/website.ifit.li\/?p=6725\"><u>Andere auszun\u00fctzen, ist eine S\u00fcnde, die zu Gott schreit!<\/u><\/a><\/li>\n<li><a href=\"https:\/\/website.ifit.li\/?p=6700\" target=\"_blank\" rel=\"noopener\"><u>Das Opfer vergibt dem Schuldigen und hilft ihm zu Reue und Umkehr<\/u><\/a><\/li>\n<li><a href=\"https:\/\/website.ifit.li\/?p=6667\"><u>Als echte Kinder Gottes erben wir auch seine G\u00fcte und Barmherzigkeit<\/u><\/a><\/li>\n<li><a href=\"https:\/\/website.ifit.li\/?p=6632\" target=\"_blank\" rel=\"noopener\"><u>Die Taufe ist f\u00fcr alle der Weg von der Finsternis ins Licht<\/u><\/a><\/li>\n<li><a href=\"https:\/\/website.ifit.li\/?p=6609\" target=\"_blank\" rel=\"noopener\"><u>Die Liebe Gottes geht \u00fcber S\u00fcnde hinaus \u2013 eine Treue ohne Grenzen!<\/u><\/a><\/li>\n<li><a href=\"https:\/\/website.ifit.li\/?p=6567\" target=\"_blank\" rel=\"noopener\"><u>Jesus zeigt das Antlitz der Liebe und Barmherzigkeit seines Vaters<\/u><\/a><\/li>\n<li><a href=\"https:\/\/website.ifit.li\/?p=6507\" target=\"_blank\" rel=\"noopener\"><u>Christus ist diese heilige Pforte und der Eintritt kostet nichts!<\/u><\/a><\/li>\n<li><a href=\"https:\/\/website.ifit.li\/?p=6460\" target=\"_blank\" rel=\"noopener\"><u>Die g\u00f6ttliche Barmherzigkeit \u00fcberstrahlt das Dunkel der S\u00fcnde<\/u><\/a><\/li>\n<li><a href=\"https:\/\/website.ifit.li\/?p=6441\"><u>Der Sieg der Liebe Christi schliesst alles ein in die Barmherzigkeit des Vaters<\/u><\/a><\/li>\n<li><a href=\"https:\/\/website.ifit.li\/?p=6264\" target=\"_blank\" rel=\"noopener\"><u>Wer ist die T\u00fcr Gottes? Jesus Christus!<\/u><\/a><\/li>\n<li><a href=\"https:\/\/website.ifit.li\/?p=6325\"><u>Erste Heilige Pforte zum Jahr der Barmherzigkeit in Bangui ge\u00f6ffnet<\/u><\/a><\/li>\n<li><a href=\"https:\/\/website.ifit.li\/?p=6248\"><u>Das ausserordentliche Jubeljahr der Barmherzigkeit<\/u><\/a><\/li>\n<li><a title=\"Kostenfreie Anmeldung gilt f\u00fcr acht Veranstaltungen mit besonderem Besucherandrang und soll die Planung und Steuerung erleichtern \u2013 Last Minute-Registrierung f\u00fcr noch verf\u00fcgbare Pl\u00e4tze im \u201eWillkommenszentrum\u201c auf der Via della Conciliazione.\" href=\"http:\/\/www.im.va\/content\/gdm\/de.html\" target=\"_blank\" rel=\"noopener\"><u>Vatikan \u2013 Jubil\u00e4um der Barmherzigkeit<\/u><\/a><\/li>\n<\/ul>\n","protected":false},"excerpt":{"rendered":"<p>Katechese von Papst Franziskus am 12.\u00a0M\u00e4rz 2016 \u00fcber die Fusswaschung Mit der Fu\u00dfwaschung lehrt der Herr uns sein \u201eneues Gebot\u201d, n\u00e4mlich die gegenseitige Liebe und den Dienst am N\u00e4chsten. Das betonte Papst Franziskus bei seiner dritten au\u00dferordentlichen Generalaudienz im Rahmen des Heiligen Jahres f\u00fcr 40.000 Pilger auf dem Petersplatz am Samstag, 12. M\u00e4rz 2016. In &hellip; <a href=\"https:\/\/website.ifit.li\/?p=6899\" class=\"more-link\"><span class=\"screen-reader-text\">Die Fusswaschung Jesu lehrt uns, Bedienstete und Diener zu sein<\/span> weiterlesen <span class=\"meta-nav\">&rarr;<\/span><\/a><\/p>\n","protected":false},"author":1,"featured_media":6904,"comment_status":"closed","ping_status":"open","sticky":false,"template":"","format":"standard","meta":{"footnotes":""},"categories":[2],"tags":[220,145,129,235,191,104,208,31,58,185],"class_list":["post-6899","post","type-post","status-publish","format-standard","has-post-thumbnail","hentry","category-kirche","tag-amt","tag-arbeit","tag-barmherzigkeit","tag-dienst","tag-jahr-der-barmherzigkeit","tag-katechese","tag-leben","tag-liebe","tag-papst-franziskus","tag-priestertum"],"_links":{"self":[{"href":"https:\/\/website.ifit.li\/index.php?rest_route=\/wp\/v2\/posts\/6899","targetHints":{"allow":["GET"]}}],"collection":[{"href":"https:\/\/website.ifit.li\/index.php?rest_route=\/wp\/v2\/posts"}],"about":[{"href":"https:\/\/website.ifit.li\/index.php?rest_route=\/wp\/v2\/types\/post"}],"author":[{"embeddable":true,"href":"https:\/\/website.ifit.li\/index.php?rest_route=\/wp\/v2\/users\/1"}],"replies":[{"embeddable":true,"href":"https:\/\/website.ifit.li\/index.php?rest_route=%2Fwp%2Fv2%2Fcomments&post=6899"}],"version-history":[{"count":9,"href":"https:\/\/website.ifit.li\/index.php?rest_route=\/wp\/v2\/posts\/6899\/revisions"}],"predecessor-version":[{"id":38830,"href":"https:\/\/website.ifit.li\/index.php?rest_route=\/wp\/v2\/posts\/6899\/revisions\/38830"}],"wp:featuredmedia":[{"embeddable":true,"href":"https:\/\/website.ifit.li\/index.php?rest_route=\/wp\/v2\/media\/6904"}],"wp:attachment":[{"href":"https:\/\/website.ifit.li\/index.php?rest_route=%2Fwp%2Fv2%2Fmedia&parent=6899"}],"wp:term":[{"taxonomy":"category","embeddable":true,"href":"https:\/\/website.ifit.li\/index.php?rest_route=%2Fwp%2Fv2%2Fcategories&post=6899"},{"taxonomy":"post_tag","embeddable":true,"href":"https:\/\/website.ifit.li\/index.php?rest_route=%2Fwp%2Fv2%2Ftags&post=6899"}],"curies":[{"name":"wp","href":"https:\/\/api.w.org\/{rel}","templated":true}]}}