{"id":6725,"date":"2016-02-10T23:04:38","date_gmt":"2016-02-10T22:04:38","guid":{"rendered":"https:\/\/website.ifit.li\/?p=6725"},"modified":"2021-10-23T15:04:37","modified_gmt":"2021-10-23T13:04:37","slug":"es-ist-ein-suende-die-zu-gott-schreit-andere-auszunuetzen","status":"publish","type":"post","link":"https:\/\/website.ifit.li\/?p=6725","title":{"rendered":"Andere auszun\u00fctzen, ist eine S\u00fcnde, die zu Gott schreit!"},"content":{"rendered":"<h2>Papst Franziskus erkl\u00e4rt zu Beginn der Fastenzeit den Sinn eines Jubeljahres<\/h2>\n<div><img data-opt-id=268388314  fetchpriority=\"high\" decoding=\"async\" class=\"alignleft wp-image-6273 size-full\" src=\"https:\/\/ml2mintiuscj.i.optimole.com\/w:auto\/h:auto\/q:mauto\/f:best\/https:\/\/website.ifit.li\/wp-content\/uploads\/2015\/11\/Genealaudienz-mit-Papst-Franziskus.jpg\" alt=\"Bild: Internet\" width=\"266\" height=\"189\" \/>Papst Franziskus w\u00fcnschte allen Gl\u00e4ubigen, die sich zur Generalaudienz am Aschermittwoch, 10. Februar 2016, \u00a0auf dem Petersplatz versammelt hatten, eine gute Fastenzeit. In seiner Katechese legte er dar, dass beim Volk Israel das Jubil\u00e4um erlaubt habe, Schulden zu tilgen, den verlorenen Besitz zur\u00fcckzuerhalten und sich der neuen Freiheit zu erfreuen, das heisst Armut und Ungleichheit zu bek\u00e4mpfen und allen ein w\u00fcrdiges Leben zu garantieren. Das Ergebnis sei eine auf Solidarit\u00e4t und Gleichheit gegr\u00fcndete Gesellschaft gewesen. Papst Franziskus regte zum Nachdenken und zur Spende eigener Besitzt\u00fcmer an und erkl\u00e4rte, dass 80 Prozent der Reicht\u00fcmer der Welt in den H\u00e4nden von weniger als zwanzig Prozent der Menschen l\u00e4gen.<\/div>\n<p><!--more--><\/p>\n<div>In der Bibel stehe, dass das Jubil\u00e4um die Funktion gehabt habe, in Br\u00fcderlichkeit und gegenseitiger Hilfe zu leben, bekr\u00e4ftigte Papst Franziskus und nannte einige Beispiele aus der Bibel und dem heutigen Leben. Der Papst erinnerte an die vielen Familien, die in Armut und wirtschaftlicher Not leben, und an die Menschen, die sich aus Verzweiflung das Leben nehmen. Dem N\u00e4chsten in Not m\u00fcsse man ohne Eigennutz helfen. Abschlie\u00dfend mahnte Papst Franziskus, sein Herz zum Teilen und der Barmherzigkeit zu \u00f6ffnen. Die Lesung wurde dem Buch Levitikus (3. Buch Mose) entnommen:<\/div>\n<blockquote><p>&#8230; am Vers\u00f6hnungstag sollt ihr das Horn im ganzen Land ert\u00f6nen lassen. Erkl\u00e4rt dieses f\u00fcnfzigste Jahr f\u00fcr heilig und ruft Freiheit f\u00fcr alle Bewohner des Landes aus! Es gelte euch als Jubeljahr. Jeder von euch soll zu seinem Grundbesitz zur\u00fcckkehren, jeder soll zu seiner Sippe heimkehren. &#8230; Denn es ist ein Jubeljahr, es soll euch als heilig gelten. &#8230; (<a href=\"http:\/\/www.bibleserver.com\/text\/EU\/3.Mose25.9-12\" target=\"_blank\" rel=\"noopener\">3.Mose 25,9-12<\/a>)<\/p><\/blockquote>\n<h3 class=\"v42002008 verse highlight\">Zusammenfassung der Katechese von Papst Franziskus vom 10. Februar 2016<\/h3>\n<p>Liebe Br\u00fcder und Schwestern, in der Heiligen Schrift, besonders im Buch Levitikus, h\u00f6ren wir von der Stiftung des \u201eJubeljahres\u201c. Jedes f\u00fcnfzigste Jahr soll f\u00fcr heilig erkl\u00e4rt werden und als Jubeljahr gelten, das am Vers\u00f6hnungstag durch den Klang des Horns er\u00f6ffnet wird. Es handelte sich um eine Art \u201eGeneralvergebung\u201c, die allen erm\u00f6glichte, ihre urspr\u00fcngliche Situation wiederzuerhalten: jede Schuld wurde getilgt, Grund und Boden zur\u00fcckgegeben, die eigene Freiheit wiederhergestellt. Das Jubeljahr diente dem Volk Israel dazu, die Armut und Ungleichheit zu bek\u00e4mpfen, allen ein w\u00fcrdiges Leben und eine gleiche Verteilung der G\u00fcter zu sichern. Dahinter stand die Idee, dass die Erde letztlich Gottes Eigentum ist. Das Ziel war eine auf Gleichheit und Solidarit\u00e4t gegr\u00fcndete Gesellschaft, wo Freiheit, Besitz und Geld ein Gut f\u00fcr alle und nicht nur f\u00fcr einige wenige sind. Das Jubeljahr vertieft das Vertrauen auf Gott, der als guter Vater seine Sch\u00f6pfung erh\u00e4lt. Zugleich st\u00e4rkt es im Volk Gottes das Bewusstsein, die Br\u00fcderlichkeit und gegenseitige Hilfe konkret zu leben. So k\u00f6nnen wir das Jubeljahr in der Bibel als ein \u201eJubeljahr der Barmherzigkeit\u201c bezeichnen. <a href=\"http:\/\/w2.vatican.va\/content\/francesco\/de\/audiences\/2016\/documents\/papa-francesco_20160210_udienza-generale.html\" target=\"_blank\" rel=\"noopener\">\u00a9 Copyright &#8211; Libreria Editrice Vaticana<\/a><\/p>\n<h3 class=\"v42002008 verse highlight\">F\u00fcr die deutschsprachigen Pilger wurden folgende Gru\u00dfworte auf Italienisch verlesen:<\/h3>\n<p>Gerne hei\u00dfe ich die Pilger aus den L\u00e4ndern deutscher Sprache wie auch aus Luxemburg, Belgien und den Niederlanden willkommen. Besonders gr\u00fc\u00dfe ich die Ministranten der Di\u00f6zese Bozen-Brixen in Begleitung von Bischof Ivo Muser als auch die Vereinigung <i>Pro Petri Sede. <\/i>Liebe Freunde, in den kommenden Tagen werde ich Mexiko besuchen. Ich bitte euch, meine Apostolische Reise und die Begegnung mit Patriarch Kyrill auf Kuba mit eurem Gebet zu begleiten. Vielen Dank! Ich w\u00fcnsche euch einen guten Beginn der Fastenzeit. <a href=\"http:\/\/w2.vatican.va\/content\/francesco\/de\/audiences\/2016\/documents\/papa-francesco_20160210_udienza-generale.html\" target=\"_blank\" rel=\"noopener\">\u00a9 Copyright &#8211; Libreria Editrice Vaticana<\/a><\/p>\n<div class=\"v42002008 verse highlight\">\n<h2 id=\"hinweise\"><strong>Weitere Hinweise und Quellen<\/strong><\/h2>\n<ul>\n<li>Radio Vatikan: <a href=\"http:\/\/de.radiovaticana.va\/news\/2016\/02\/10\/franziskus_heiliges_jahr_muss_sich_in_der_tasche_bemerkbar_\/1207311\" target=\"_blank\" rel=\"noopener\">Audiodokument 1207311<\/a><\/li>\n<li>Radio Horeb: <a href=\"http:\/\/www.horeb.org\/xyz\/podcast\/papstaudienz\/20160210audienz.mp3\" target=\"_blank\" rel=\"noopener\">Podcast zur Generalaudienz vom 10. Februar 2016<\/a><\/li>\n<li>Agentur Zenit (Link vergriffen): Katechese von Papst Franziskus w\u00e4hrend der Generalaudienz am 10. Februar 2016<\/li>\n<li>YouTube (alle Sprachen): <a href=\"https:\/\/www.youtube.com\/watch?v=uMPSGHPejqQ\" target=\"_blank\" rel=\"noopener\">Pope Francis General Audience 2016.02.10<\/a><\/li>\n<li><a href=\"https:\/\/website.ifit.li\/?p=6700\" target=\"_blank\" rel=\"noopener\">Das Opfer vergibt dem Schuldigen und hilft ihm zu Reue und Umkehr<\/a><\/li>\n<li><a href=\"https:\/\/website.ifit.li\/?p=6667\" target=\"_blank\" rel=\"noopener\"><u><span style=\"color: #0066cc;\">Als echte Kinder Gottes erben wir auch seine G\u00fcte und Barmherzigkeit<\/span><\/u><\/a><\/li>\n<li><a href=\"https:\/\/website.ifit.li\/?p=6632\" target=\"_blank\" rel=\"noopener\"><u>Die Taufe ist f\u00fcr alle der Weg von der Finsternis ins Licht<\/u><\/a><\/li>\n<li><a href=\"https:\/\/website.ifit.li\/?p=6609\" target=\"_blank\" rel=\"noopener\"><u><span style=\"color: #0066cc;\">Die Liebe Gottes geht \u00fcber S\u00fcnde hinaus \u2013 eine Treue ohne Grenzen!<\/span><\/u><\/a><\/li>\n<li><a href=\"https:\/\/website.ifit.li\/?p=6567\" target=\"_blank\" rel=\"noopener\"><u><span style=\"color: #0066cc;\">Jesus zeigt das Antlitz der Liebe und Barmherzigkeit seines Vaters<\/span><\/u><\/a><\/li>\n<li><a href=\"https:\/\/website.ifit.li\/?p=6507\" target=\"_blank\" rel=\"noopener\"><u><span style=\"color: #0066cc;\">Christus ist diese heilige Pforte und der Eintritt kostet nichts!<\/span><\/u><\/a><\/li>\n<li><a href=\"https:\/\/website.ifit.li\/?p=6460\" target=\"_blank\" rel=\"noopener\"><u><span style=\"color: #0066cc;\">Die g\u00f6ttliche Barmherzigkeit \u00fcberstrahlt das Dunkel der S\u00fcnde<\/span><\/u><\/a><\/li>\n<li><a href=\"https:\/\/website.ifit.li\/?p=6441\" target=\"_blank\" rel=\"noopener\"><u><span style=\"color: #0066cc;\">Der Sieg der Liebe Christi schliesst alles ein in die Barmherzigkeit des Vaters<\/span><\/u><\/a><\/li>\n<li><a href=\"https:\/\/website.ifit.li\/?p=6264\" target=\"_blank\" rel=\"noopener\"><u><span style=\"color: #0066cc;\">Wer ist die T\u00fcr Gottes? Jesus Christus!<\/span><\/u><\/a><\/li>\n<li><a href=\"https:\/\/website.ifit.li\/?p=6325\" target=\"_blank\" rel=\"noopener\"><u><span style=\"color: #0066cc;\">Erste Heilige Pforte zum Jahr der Barmherzigkeit in Bangui ge\u00f6ffnet<\/span><\/u><\/a><\/li>\n<li><a href=\"https:\/\/website.ifit.li\/?p=6248\" target=\"_blank\" rel=\"noopener\"><u><span style=\"color: #0066cc;\">Das ausserordentliche Jubeljahr der Barmherzigkeit<\/span><\/u><\/a><\/li>\n<li><a title=\"Kostenfreie Anmeldung gilt f\u00fcr acht Veranstaltungen mit besonderem Besucherandrang und soll die Planung und Steuerung erleichtern \u2013 Last Minute-Registrierung f\u00fcr noch verf\u00fcgbare Pl\u00e4tze im \u201eWillkommenszentrum\u201c auf der Via della Conciliazione.\" href=\"http:\/\/www.im.va\/content\/gdm\/de.html\" target=\"_blank\" rel=\"noopener\"><u><span style=\"color: #0066cc;\">Vatikan \u2013 Jubil\u00e4um der Barmherzigkeit<\/span><\/u><\/a><\/li>\n<li>\u21d2 <a href=\"https:\/\/website.ifit.li\/?p=8253\" target=\"_blank\" rel=\"noopener\">Zur\u00fcck zur \u00dcbersicht<\/a><\/li>\n<\/ul>\n<\/div>\n","protected":false},"excerpt":{"rendered":"<p>Papst Franziskus erkl\u00e4rt zu Beginn der Fastenzeit den Sinn eines Jubeljahres Papst Franziskus w\u00fcnschte allen Gl\u00e4ubigen, die sich zur Generalaudienz am Aschermittwoch, 10. Februar 2016, \u00a0auf dem Petersplatz versammelt hatten, eine gute Fastenzeit. In seiner Katechese legte er dar, dass beim Volk Israel das Jubil\u00e4um erlaubt habe, Schulden zu tilgen, den verlorenen Besitz zur\u00fcckzuerhalten und &hellip; <a href=\"https:\/\/website.ifit.li\/?p=6725\" class=\"more-link\"><span class=\"screen-reader-text\">Andere auszun\u00fctzen, ist eine S\u00fcnde, die zu Gott schreit!<\/span> weiterlesen <span class=\"meta-nav\">&rarr;<\/span><\/a><\/p>\n","protected":false},"author":1,"featured_media":6731,"comment_status":"closed","ping_status":"open","sticky":false,"template":"","format":"standard","meta":{"footnotes":""},"categories":[2],"tags":[145,236,214,129,213,191,104,58,167],"class_list":["post-6725","post","type-post","status-publish","format-standard","has-post-thumbnail","hentry","category-kirche","tag-arbeit","tag-armut","tag-aschermittwoch","tag-barmherzigkeit","tag-fastenzeit","tag-jahr-der-barmherzigkeit","tag-katechese","tag-papst-franziskus","tag-suende"],"_links":{"self":[{"href":"https:\/\/website.ifit.li\/index.php?rest_route=\/wp\/v2\/posts\/6725","targetHints":{"allow":["GET"]}}],"collection":[{"href":"https:\/\/website.ifit.li\/index.php?rest_route=\/wp\/v2\/posts"}],"about":[{"href":"https:\/\/website.ifit.li\/index.php?rest_route=\/wp\/v2\/types\/post"}],"author":[{"embeddable":true,"href":"https:\/\/website.ifit.li\/index.php?rest_route=\/wp\/v2\/users\/1"}],"replies":[{"embeddable":true,"href":"https:\/\/website.ifit.li\/index.php?rest_route=%2Fwp%2Fv2%2Fcomments&post=6725"}],"version-history":[{"count":11,"href":"https:\/\/website.ifit.li\/index.php?rest_route=\/wp\/v2\/posts\/6725\/revisions"}],"predecessor-version":[{"id":38847,"href":"https:\/\/website.ifit.li\/index.php?rest_route=\/wp\/v2\/posts\/6725\/revisions\/38847"}],"wp:featuredmedia":[{"embeddable":true,"href":"https:\/\/website.ifit.li\/index.php?rest_route=\/wp\/v2\/media\/6731"}],"wp:attachment":[{"href":"https:\/\/website.ifit.li\/index.php?rest_route=%2Fwp%2Fv2%2Fmedia&parent=6725"}],"wp:term":[{"taxonomy":"category","embeddable":true,"href":"https:\/\/website.ifit.li\/index.php?rest_route=%2Fwp%2Fv2%2Fcategories&post=6725"},{"taxonomy":"post_tag","embeddable":true,"href":"https:\/\/website.ifit.li\/index.php?rest_route=%2Fwp%2Fv2%2Ftags&post=6725"}],"curies":[{"name":"wp","href":"https:\/\/api.w.org\/{rel}","templated":true}]}}