{"id":6700,"date":"2016-02-03T18:36:47","date_gmt":"2016-02-03T17:36:47","guid":{"rendered":"https:\/\/website.ifit.li\/?p=6700"},"modified":"2021-10-23T15:03:41","modified_gmt":"2021-10-23T13:03:41","slug":"das-opfer-wendet-sich-selbst-an-den-schuldigen-und-laedt-ihn-zur-umkehr-ein","status":"publish","type":"post","link":"https:\/\/website.ifit.li\/?p=6700","title":{"rendered":"Das Opfer vergibt dem Schuldigen und hilft ihm zu Reue und Umkehr"},"content":{"rendered":"<h2>Papst Franziskus erkl\u00e4rt die Lehre der Kirche zum Begriff\u00a0Gerechtigkeit<\/h2>\n<p><img data-opt-id=268388314  fetchpriority=\"high\" decoding=\"async\" class=\"alignleft wp-image-6273 size-full\" src=\"https:\/\/ml2mintiuscj.i.optimole.com\/w:auto\/h:auto\/q:mauto\/f:best\/https:\/\/website.ifit.li\/wp-content\/uploads\/2015\/11\/Genealaudienz-mit-Papst-Franziskus.jpg\" alt=\"Bild: Internet\" width=\"266\" height=\"189\" \/>Papst Franziskus fuhr bei der Generalaudienz am Mittwoch, 3. Februar 2016, in seiner Katechesenreihe fort, die biblischen Grundlagen der Barmherzigkeit darzulegen. Die Heilige Schrift zeige Gott als unendliche Barmherzigkeit, aber auch als vollkommene Gerechtigkeit. Wie kann man beides in Einklang bringen, fragte Franziskus, da es sich doch anscheinend um zwei einander widersprechende Konzepte handle. Der Kern sei, dass das B\u00f6se nicht mittels Gerechtigkeit, sondern nur mit dem Guten wirklich besiegt werden k\u00f6nne. Gerechtigkeit wie die, die ein \u00dcbelt\u00e4ter vor Gericht durch die Strafe erhalte, \u201ebesiegt in Wirklichkeit nicht das B\u00f6se, sondern begrenzt es blo\u00df\u201c. Die Bibel zeige also einen alternativen \u201eMeisterweg\u201c auf, um in Streitf\u00e4llen f\u00fcr Gerechtigkeit zu sorgen, fuhr Franziskus fort. Statt vor Gericht zu ziehen, solle das Opfer sich direkt dem Schuldigen zuwenden, \u201eihn zur Umkehr einladen, ihm dabei helfen zu verstehen, dass er etwas B\u00f6ses tut, und an sein Gewissen appellieren\u201c. <!--more-->Das sei etwa eine erprobte Methode der Konfliktbeilegung in Familien. Wichtig: \u201eNiemals die Beziehung abbrechen\u201c, riet der Papst. Die Katechese basiert auf einer Bibelstelle aus dem Buch der Spr\u00fcche (<a href=\"http:\/\/www.bibleserver.com\/text\/EU\/Spr%C3%BCche11.19-21\" target=\"_blank\" rel=\"noopener\"><u><span style=\"color: #0066cc;\">Spr 11,19-21<\/span><\/u><\/a>):<\/p>\n<blockquote><p>Wer in der Gerechtigkeit fest steht, erlangt das Leben, wer dem B\u00f6sen nachjagt, den Tod. Verkehrte Menschen sind dem Herrn ein Gr\u00e4uel, er hat Gefallen an denen, die den rechten Weg gehen. Gewiss, der B\u00f6se bleibt nicht ungestraft, doch die S\u00f6hne der Gerechten werden gerettet.<\/p><\/blockquote>\n<h3 class=\"v42002008 verse highlight\">Zusammenfassung der Katechese von Papst Franziskus vom 3. Februar 2016<\/h3>\n<p>Liebe Br\u00fcder und Schwestern, die Heilige Schrift zeigt uns Gott als den unendlich Barmherzigen wie auch als den absolut Gerechten. Im irdischen Bereich wird die Gerechtigkeit h\u00e4ufig mit Hilfe des Gesetzes eingefordert, wenn z. B. das Opfer eines \u00dcbergriffs sich an einen Richter wendet. Es handelt sich um eine Art von Gerechtigkeit, nach der ein Schuldiger den Schaden, den er angerichtet hat, zu erstatten hat. Diese Regelung besiegt das B\u00f6se nicht, sondern d\u00e4mmt es nur ein. Es gibt aber noch eine andere Art von Gerechtigkeit, welche die Bibel uns als den K\u00f6nigsweg vorstellt. Man vermeidet hier den Gang vor Gericht. Das Opfer wendet sich vielmehr selbst an den Schuldigen und l\u00e4dt ihn zur Umkehr ein. Es appelliert an sein Gewissen und hilft ihm zu verstehen, dass er B\u00f6ses tut. Auf diese Weise kann der T\u00e4ter sich der Vergebung \u00f6ffnen, die ihm vom Gesch\u00e4digten angeboten wird. Nur so sind die Konflikte in unseren Beziehungen, z.B. in der Ehe, wirklich zu l\u00f6sen. Dazu bedarf es nat\u00fcrlich seitens des Opfers einer inneren St\u00e4rke, der Bereitschaft zu vergeben und des tiefen Verlangens nach dem Seelenheil des Anderen. Aber nur so kann das B\u00f6se wirklich besiegt werden. Das ist eben auch die Weise, wie Gott gegen\u00fcber uns S\u00fcndern handelt. Der Herr will nicht unser Verderben, sondern unsere Rettung. Dies hat Jesus uns durch sein Leben und Sterben offenbart.\u00a0 <a href=\"http:\/\/w2.vatican.va\/content\/francesco\/de\/audiences\/2016\/documents\/papa-francesco_20160203_udienza-generale.html\" target=\"_blank\" rel=\"noopener\">\u00a9 Copyright &#8211; Libreria Editrice Vaticana<\/a><\/p>\n<h3 class=\"v42002008 verse highlight\">F\u00fcr die deutschsprachigen Pilger wurden folgende Gru\u00dfworte auf Italienisch verlesen:<\/h3>\n<p>Einen herzlichen Gru\u00df richte ich an die Pilger deutscher Sprache, besonders an die Br\u00fcder, Schwestern und Familiaren des Deutschen Ordens, die anl\u00e4sslich des 825. Ordensjubil\u00e4ums nach Rom gekommen sind. Bitten wir darum, dass Jesus Christus uns f\u00e4hig mache, die Vergebung des himmlischen Vaters anzunehmen und so selber unseren Mitmenschen aufrichtig zu vergeben. Der Herr segne euch und eure Familien. <a href=\"http:\/\/w2.vatican.va\/content\/francesco\/de\/audiences\/2016\/documents\/papa-francesco_20160203_udienza-generale.html\" target=\"_blank\" rel=\"noopener\">\u00a9 Copyright &#8211; Libreria Editrice Vaticana<\/a><\/p>\n<div class=\"v42002008 verse highlight\">\n<h2 id=\"hinweise\"><strong>Weitere Hinweise und Quellen<\/strong><\/h2>\n<ul>\n<li>Radio Vatikan: <a href=\"http:\/\/de.radiovaticana.va\/news\/2016\/02\/03\/papst_nur_das_gute_nicht_die_gerechtigkeit_besiegt_das_b%C3%B6se\/1205605\" target=\"_blank\" rel=\"noopener\">Audiodokument 1205605<\/a><\/li>\n<li>Radio Horeb: <a href=\"http:\/\/www.horeb.org\/xyz\/podcast\/papstaudienz\/20160203audienz.mp3\" target=\"_blank\" rel=\"noopener\">Podcast zur Generalaudienz vom 3. Februar 2016<\/a><\/li>\n<li>Agentur Zenit (Link vergriffen): Katechese von Papst Franziskus w\u00e4hrend der Generalaudienz am 3. Februar 2016<\/li>\n<li>YouTube (alle Sprachen): <a href=\"https:\/\/www.youtube.com\/watch?v=2QiujsVqAcg\" target=\"_blank\" rel=\"noopener\">Pope Francis General Audience 2016.02.03<\/a><\/li>\n<li><a href=\"https:\/\/website.ifit.li\/?p=6667\" target=\"_blank\" rel=\"noopener\">Als echte Kinder Gottes erben wir auch seine G\u00fcte und Barmherzigkeit<\/a><\/li>\n<li><a href=\"https:\/\/website.ifit.li\/?p=6632\" target=\"_blank\" rel=\"noopener\"><u><span style=\"color: #0066cc;\">Die Taufe ist f\u00fcr alle der Weg von der Finsternis ins Licht<\/span><\/u><\/a><\/li>\n<li><a href=\"https:\/\/website.ifit.li\/?p=6609\" target=\"_blank\" rel=\"noopener\"><u>Die Liebe Gottes geht \u00fcber S\u00fcnde hinaus \u2013 eine Treue ohne Grenzen!<\/u><\/a><\/li>\n<li><a href=\"https:\/\/website.ifit.li\/?p=6567\" target=\"_blank\" rel=\"noopener\"><u>Jesus zeigt das Antlitz der Liebe und Barmherzigkeit seines Vaters<\/u><\/a><\/li>\n<li><a href=\"https:\/\/website.ifit.li\/?p=6507\" target=\"_blank\" rel=\"noopener\"><u>Christus ist diese heilige Pforte und der Eintritt kostet nichts!<\/u><\/a><\/li>\n<li><a href=\"https:\/\/website.ifit.li\/?p=6460\" target=\"_blank\" rel=\"noopener\"><u>Die g\u00f6ttliche Barmherzigkeit \u00fcberstrahlt das Dunkel der S\u00fcnde<\/u><\/a><\/li>\n<li><a href=\"https:\/\/website.ifit.li\/?p=6441\" target=\"_blank\" rel=\"noopener\"><u>Der Sieg der Liebe Christi schliesst alles ein in die Barmherzigkeit des Vaters<\/u><\/a><\/li>\n<li><a href=\"https:\/\/website.ifit.li\/?p=6264\" target=\"_blank\" rel=\"noopener\"><u>Wer ist die T\u00fcr Gottes? Jesus Christus!<\/u><\/a><\/li>\n<li><a href=\"https:\/\/website.ifit.li\/?p=6325\" target=\"_blank\" rel=\"noopener\"><u>Erste Heilige Pforte zum Jahr der Barmherzigkeit in Bangui ge\u00f6ffnet<\/u><\/a><\/li>\n<li><a href=\"https:\/\/website.ifit.li\/?p=6248\" target=\"_blank\" rel=\"noopener\"><u>Das ausserordentliche Jubeljahr der Barmherzigkeit<\/u><\/a><\/li>\n<li><a title=\"Kostenfreie Anmeldung gilt f\u00fcr acht Veranstaltungen mit besonderem Besucherandrang und soll die Planung und Steuerung erleichtern \u2013 Last Minute-Registrierung f\u00fcr noch verf\u00fcgbare Pl\u00e4tze im \u201eWillkommenszentrum\u201c auf der Via della Conciliazione.\" href=\"http:\/\/www.im.va\/content\/gdm\/de.html\" target=\"_blank\" rel=\"noopener\"><u>Vatikan \u2013 Jubil\u00e4um der Barmherzigkeit<\/u><\/a><\/li>\n<li>\u21d2 <a href=\"https:\/\/website.ifit.li\/?p=8253\" target=\"_blank\" rel=\"noopener\">Zur\u00fcck zur \u00dcbersicht<\/a><\/li>\n<\/ul>\n<\/div>\n","protected":false},"excerpt":{"rendered":"<p>Papst Franziskus erkl\u00e4rt die Lehre der Kirche zum Begriff\u00a0Gerechtigkeit Papst Franziskus fuhr bei der Generalaudienz am Mittwoch, 3. Februar 2016, in seiner Katechesenreihe fort, die biblischen Grundlagen der Barmherzigkeit darzulegen. Die Heilige Schrift zeige Gott als unendliche Barmherzigkeit, aber auch als vollkommene Gerechtigkeit. Wie kann man beides in Einklang bringen, fragte Franziskus, da es sich &hellip; <a href=\"https:\/\/website.ifit.li\/?p=6700\" class=\"more-link\"><span class=\"screen-reader-text\">Das Opfer vergibt dem Schuldigen und hilft ihm zu Reue und Umkehr<\/span> weiterlesen <span class=\"meta-nav\">&rarr;<\/span><\/a><\/p>\n","protected":false},"author":1,"featured_media":6706,"comment_status":"closed","ping_status":"open","sticky":false,"template":"","format":"standard","meta":{"footnotes":""},"categories":[69,2],"tags":[129,237,212,191,104,240,58,167],"class_list":["post-6700","post","type-post","status-publish","format-standard","has-post-thumbnail","hentry","category-gerechtigkeit-und-friede","category-kirche","tag-barmherzigkeit","tag-begriff","tag-gerechtigkeit-gottes","tag-jahr-der-barmherzigkeit","tag-katechese","tag-martyrium","tag-papst-franziskus","tag-suende"],"_links":{"self":[{"href":"https:\/\/website.ifit.li\/index.php?rest_route=\/wp\/v2\/posts\/6700","targetHints":{"allow":["GET"]}}],"collection":[{"href":"https:\/\/website.ifit.li\/index.php?rest_route=\/wp\/v2\/posts"}],"about":[{"href":"https:\/\/website.ifit.li\/index.php?rest_route=\/wp\/v2\/types\/post"}],"author":[{"embeddable":true,"href":"https:\/\/website.ifit.li\/index.php?rest_route=\/wp\/v2\/users\/1"}],"replies":[{"embeddable":true,"href":"https:\/\/website.ifit.li\/index.php?rest_route=%2Fwp%2Fv2%2Fcomments&post=6700"}],"version-history":[{"count":21,"href":"https:\/\/website.ifit.li\/index.php?rest_route=\/wp\/v2\/posts\/6700\/revisions"}],"predecessor-version":[{"id":38846,"href":"https:\/\/website.ifit.li\/index.php?rest_route=\/wp\/v2\/posts\/6700\/revisions\/38846"}],"wp:featuredmedia":[{"embeddable":true,"href":"https:\/\/website.ifit.li\/index.php?rest_route=\/wp\/v2\/media\/6706"}],"wp:attachment":[{"href":"https:\/\/website.ifit.li\/index.php?rest_route=%2Fwp%2Fv2%2Fmedia&parent=6700"}],"wp:term":[{"taxonomy":"category","embeddable":true,"href":"https:\/\/website.ifit.li\/index.php?rest_route=%2Fwp%2Fv2%2Fcategories&post=6700"},{"taxonomy":"post_tag","embeddable":true,"href":"https:\/\/website.ifit.li\/index.php?rest_route=%2Fwp%2Fv2%2Ftags&post=6700"}],"curies":[{"name":"wp","href":"https:\/\/api.w.org\/{rel}","templated":true}]}}