{"id":6667,"date":"2016-01-27T23:10:56","date_gmt":"2016-01-27T22:10:56","guid":{"rendered":"https:\/\/website.ifit.li\/?p=6667"},"modified":"2021-10-23T15:02:43","modified_gmt":"2021-10-23T13:02:43","slug":"als-echte-kinder-gottes-erben-wir-auch-seine-guete-und-barmherzigkeit","status":"publish","type":"post","link":"https:\/\/website.ifit.li\/?p=6667","title":{"rendered":"Als echte Kinder Gottes erben wir auch seine G\u00fcte und Barmherzigkeit"},"content":{"rendered":"<h2>Die Taten der g\u00f6ttlichen Barmherzigkeit gelangen in Jesus Christus zur Vollendung<\/h2>\n<p><img data-opt-id=268388314  fetchpriority=\"high\" decoding=\"async\" class=\"alignleft wp-image-6273 size-full\" src=\"https:\/\/ml2mintiuscj.i.optimole.com\/w:auto\/h:auto\/q:mauto\/f:best\/https:\/\/website.ifit.li\/wp-content\/uploads\/2015\/11\/Genealaudienz-mit-Papst-Franziskus.jpg\" alt=\"Bild: Internet\" width=\"266\" height=\"189\" \/>Das Thema der Barmherzigkeit Gottes durchzieht die ganze Geschichte des Volkes Israel. Das sagte Papst Franziskus am Mittwoch, 27. Januar 2016,\u00a0bei der Generalaudienz auf dem Petersplatz. Mit seiner Barmherzigkeit begleitet der Herr den Weg der Patriarchen, schenkt ihnen Kinder auch wenn sie unfruchtbar sind, f\u00fchrt sie auf den Pfaden der Gnade und Wiedervers\u00f6hnung, wie die Geschichte von Josef und seinen Br\u00fcdern beweist (vgl. <a href=\"http:\/\/www.bibleserver.com\/text\/EU\/1.Mose37.36\" target=\"_blank\" rel=\"noopener\">Gen 37-50<\/a>). Ich denke dabei an die vielen Geschwister, die innerhalb unserer Familien getrennt sind und nicht miteinander sprechen. Dieses Jahr der Barmherzigkeit ist eine gute Gelegenheit, um sich wiederzufinden, zu umarmen, zu vergeben und alles H\u00e4ssliche zu vergessen. <!--more-->Doch wir wissen: In \u00c4gypten werden die Lebensbedingungen f\u00fcr das Volk hart. Und gerade als die Israeliten kurz vor ihrem Untergang stehen, greift der Herr rettend ein. Im Buch Exodus lesen wir (<a href=\"http:\/\/www.bibleserver.com\/text\/EU\/2.Mose2.23-25\" target=\"_blank\" rel=\"noopener\">2 Mo .23-25<\/a>):<\/p>\n<blockquote>\n<div>Nach vielen Jahren starb der K\u00f6nig von \u00c4gypten. Die Israeliten st\u00f6hnten noch unter der Sklavenarbeit; sie klagten und ihr Hilferuf stieg aus ihrem Sklavendasein zu Gott empor.\u00a0Gott h\u00f6rte ihr St\u00f6hnen und Gott gedachte seines Bundes mit Abraham, Isaak und Jakob.\u00a0Gott blickte auf die S\u00f6hne Israels und gab sich ihnen zu erkennen.<\/div>\n<\/blockquote>\n<h3 class=\"v42002008 verse highlight\">Zusammenfassung der Katechese von Papst Franziskus vom 27. Januar 2016<\/h3>\n<p>Liebe Br\u00fcder und Schwestern, die Barmherzigkeit Gottes durchzieht die ganze Geschichte des Volkes Israel. Gott bleibt nicht gleichg\u00fcltig gegen\u00fcber dem Menschen und dem menschlichen Leid. Er nimmt sich der Armen an, er h\u00f6rt das Klagen und greift ein, um zu retten. So begleitet der Herr in seiner Barmherzigkeit den Weg der Patriarchen und befreit Israel aus der Knechtschaft in \u00c4gypten. Mose wird zum Mittler der g\u00f6ttlichen Barmherzigkeit f\u00fcr das Volk, das vor dem Pharao und den Fluten des Roten Meeres gerettet und zur Freiheit geboren wird. Durch Mose f\u00fchrt Gott sein Volk in der W\u00fcste, formt es im Glauben und schlie\u00dft einen Bund mit ihm. Es ist ein Band inniger Liebe wie zwischen Vater und Kind oder Br\u00e4utigam und Braut, eine Beziehung einzigartiger Liebe. Das Volk Israel wird Gottes besonderes Eigentum, es soll ihm als ein Reich von Priestern und als ein heiliges Volk geh\u00f6ren (vgl. <a href=\"http:\/\/www.bibleserver.com\/text\/EU\/2.Mose19.5-6\" target=\"_blank\" rel=\"noopener\">2.Mose 19,5-6<\/a>). Wir Menschen werden f\u00fcr Gott etwas Wertvolles, sein besonderer Schatz, wenn wir seinen Bund annehmen und uns von ihm retten lassen. Die Taten der g\u00f6ttlichen Barmherzigkeit gelangen in Jesus Christus zur Vollendung. Im \u201eneuen und ewigen Bund in seinem Blut\u201c wird durch die Vergebung unsere S\u00fcnde vernichtet und werden wir endg\u00fcltig zu Kindern Gottes. <span style=\"color: #663300;\"><a href=\"http:\/\/w2.vatican.va\/content\/francesco\/de\/audiences\/2016\/documents\/papa-francesco_20160127_udienza-generale.html\" target=\"_blank\" rel=\"noopener\">\u00a9 Copyright &#8211; Libreria Editrice Vaticana<\/a><\/span><\/p>\n<h3 class=\"v42002008 verse highlight\">F\u00fcr die deutschsprachigen Pilger wurden folgende Gru\u00dfworte auf Italienisch verlesen:<\/h3>\n<p>Mit Freude hei\u00dfe ich die Pilger und Besucher deutscher Sprache willkommen. Insbesondere gr\u00fc\u00dfe ich die Mitglieder der <em>Unabh\u00e4ngigen Opferschutzkommission <\/em>in \u00d6sterreich in Begleitung von Kardinal Christoph Sch\u00f6nborn und Bischof Klaus K\u00fcng. Der Herr verl\u00e4sst uns nie. Lassen wir uns von seiner barmherzigen Liebe umwandeln, um echte Kinder Gottes zu sein. Von Herzen segne ich euch alle. <span style=\"color: #663300;\"><a href=\"http:\/\/w2.vatican.va\/content\/francesco\/de\/audiences\/2016\/documents\/papa-francesco_20160127_udienza-generale.html\" target=\"_blank\" rel=\"noopener\">\u00a9 Copyright &#8211; Libreria Editrice Vaticana<\/a><\/span><\/p>\n<div class=\"v42002008 verse highlight\">\n<h2 id=\"hinweise\"><strong>Weitere Hinweise und Quellen<\/strong><\/h2>\n<ul>\n<li>Radio Vatikan: <a href=\"http:\/\/de.radiovaticana.va\/news\/2016\/01\/27\/papst_mose_war_mittler_der_barmherzigkeit\/1203995\" target=\"_blank\" rel=\"noopener\">Audiodokument 1203995<\/a><\/li>\n<li>Radio Horeb: <a href=\"http:\/\/www.horeb.org\/xyz\/podcast\/papstaudienz\/20160127audienz.mp3\" target=\"_blank\" rel=\"noopener\">Podcast zur Generalaudienz vom 27. Januar 2016<\/a><\/li>\n<li>Agentur Zenit (Link vergriffen): Katechese von Papst Franziskus w\u00e4hrend der Generalaudienz am 27. Januar 2015<\/li>\n<li><a href=\"https:\/\/website.ifit.li\/?p=6632\" target=\"_blank\" rel=\"noopener\">Die Taufe ist f\u00fcr alle der Weg von der Finsternis ins Licht<\/a><\/li>\n<li><a href=\"https:\/\/website.ifit.li\/?p=6609\" target=\"_blank\" rel=\"noopener\"><u><span style=\"color: #0066cc;\">Die Liebe Gottes geht \u00fcber S\u00fcnde hinaus \u2013 eine Treue ohne Grenzen!<\/span><\/u><\/a><\/li>\n<li><a href=\"https:\/\/website.ifit.li\/?p=6567\" target=\"_blank\" rel=\"noopener\"><u><span style=\"color: #0066cc;\">Jesus zeigt das Antlitz der Liebe und Barmherzigkeit seines Vaters<\/span><\/u><\/a><\/li>\n<li><a href=\"https:\/\/website.ifit.li\/?p=6507\" target=\"_blank\" rel=\"noopener\"><u><span style=\"color: #0066cc;\">Christus ist diese heilige Pforte und der Eintritt kostet nichts!<\/span><\/u><\/a><\/li>\n<li><a href=\"https:\/\/website.ifit.li\/?p=6460\" target=\"_blank\" rel=\"noopener\"><u><span style=\"color: #0066cc;\">Die g\u00f6ttliche Barmherzigkeit \u00fcberstrahlt das Dunkel der S\u00fcnde<\/span><\/u><\/a><\/li>\n<li><a href=\"https:\/\/website.ifit.li\/?p=6441\" target=\"_blank\" rel=\"noopener\"><u><span style=\"color: #0066cc;\">Der Sieg der Liebe Christi schliesst alles ein in die Barmherzigkeit des Vaters<\/span><\/u><\/a><\/li>\n<li><a href=\"https:\/\/website.ifit.li\/?p=6264\" target=\"_blank\" rel=\"noopener\"><u><span style=\"color: #0066cc;\">Wer ist die T\u00fcr Gottes? Jesus Christus!<\/span><\/u><\/a><\/li>\n<li><a href=\"https:\/\/website.ifit.li\/?p=6325\" target=\"_blank\" rel=\"noopener\"><u><span style=\"color: #0066cc;\">Erste Heilige Pforte zum Jahr der Barmherzigkeit in Bangui ge\u00f6ffnet<\/span><\/u><\/a><\/li>\n<li><a href=\"https:\/\/website.ifit.li\/?p=6248\" target=\"_blank\" rel=\"noopener\"><u><span style=\"color: #0066cc;\">Das ausserordentliche Jubeljahr der Barmherzigkeit<\/span><\/u><\/a><\/li>\n<li><a title=\"Kostenfreie Anmeldung gilt f\u00fcr acht Veranstaltungen mit besonderem Besucherandrang und soll die Planung und Steuerung erleichtern \u2013 Last Minute-Registrierung f\u00fcr noch verf\u00fcgbare Pl\u00e4tze im \u201eWillkommenszentrum\u201c auf der Via della Conciliazione.\" href=\"http:\/\/www.im.va\/content\/gdm\/de.html\" target=\"_blank\" rel=\"noopener\"><u><span style=\"color: #0066cc;\">Vatikan \u2013 Jubil\u00e4um der Barmherzigkeit<\/span><\/u><\/a><\/li>\n<li>\u21d2 <a href=\"https:\/\/website.ifit.li\/?p=8253\" target=\"_blank\" rel=\"noopener\">Zur\u00fcck zur \u00dcbersicht<\/a><\/li>\n<\/ul>\n<\/div>\n","protected":false},"excerpt":{"rendered":"<p>Die Taten der g\u00f6ttlichen Barmherzigkeit gelangen in Jesus Christus zur Vollendung Das Thema der Barmherzigkeit Gottes durchzieht die ganze Geschichte des Volkes Israel. Das sagte Papst Franziskus am Mittwoch, 27. Januar 2016,\u00a0bei der Generalaudienz auf dem Petersplatz. Mit seiner Barmherzigkeit begleitet der Herr den Weg der Patriarchen, schenkt ihnen Kinder auch wenn sie unfruchtbar sind, &hellip; <a href=\"https:\/\/website.ifit.li\/?p=6667\" class=\"more-link\"><span class=\"screen-reader-text\">Als echte Kinder Gottes erben wir auch seine G\u00fcte und Barmherzigkeit<\/span> weiterlesen <span class=\"meta-nav\">&rarr;<\/span><\/a><\/p>\n","protected":false},"author":1,"featured_media":6671,"comment_status":"closed","ping_status":"open","sticky":false,"template":"","format":"standard","meta":{"footnotes":""},"categories":[2],"tags":[129,187,231,223,224,191,104,58],"class_list":["post-6667","post","type-post","status-publish","format-standard","has-post-thumbnail","hentry","category-kirche","tag-barmherzigkeit","tag-glauben","tag-gotteskindschaft","tag-heiligkeit","tag-heiligkeit-gottes","tag-jahr-der-barmherzigkeit","tag-katechese","tag-papst-franziskus"],"_links":{"self":[{"href":"https:\/\/website.ifit.li\/index.php?rest_route=\/wp\/v2\/posts\/6667","targetHints":{"allow":["GET"]}}],"collection":[{"href":"https:\/\/website.ifit.li\/index.php?rest_route=\/wp\/v2\/posts"}],"about":[{"href":"https:\/\/website.ifit.li\/index.php?rest_route=\/wp\/v2\/types\/post"}],"author":[{"embeddable":true,"href":"https:\/\/website.ifit.li\/index.php?rest_route=\/wp\/v2\/users\/1"}],"replies":[{"embeddable":true,"href":"https:\/\/website.ifit.li\/index.php?rest_route=%2Fwp%2Fv2%2Fcomments&post=6667"}],"version-history":[{"count":10,"href":"https:\/\/website.ifit.li\/index.php?rest_route=\/wp\/v2\/posts\/6667\/revisions"}],"predecessor-version":[{"id":38845,"href":"https:\/\/website.ifit.li\/index.php?rest_route=\/wp\/v2\/posts\/6667\/revisions\/38845"}],"wp:featuredmedia":[{"embeddable":true,"href":"https:\/\/website.ifit.li\/index.php?rest_route=\/wp\/v2\/media\/6671"}],"wp:attachment":[{"href":"https:\/\/website.ifit.li\/index.php?rest_route=%2Fwp%2Fv2%2Fmedia&parent=6667"}],"wp:term":[{"taxonomy":"category","embeddable":true,"href":"https:\/\/website.ifit.li\/index.php?rest_route=%2Fwp%2Fv2%2Fcategories&post=6667"},{"taxonomy":"post_tag","embeddable":true,"href":"https:\/\/website.ifit.li\/index.php?rest_route=%2Fwp%2Fv2%2Ftags&post=6667"}],"curies":[{"name":"wp","href":"https:\/\/api.w.org\/{rel}","templated":true}]}}