{"id":6632,"date":"2016-01-20T23:11:11","date_gmt":"2016-01-20T22:11:11","guid":{"rendered":"https:\/\/website.ifit.li\/?p=6632"},"modified":"2021-10-23T15:01:33","modified_gmt":"2021-10-23T13:01:33","slug":"die-taufe-ist-fuer-alle-der-weg-von-der-finsternis-ins-licht","status":"publish","type":"post","link":"https:\/\/website.ifit.li\/?p=6632","title":{"rendered":"Die Taufe ist f\u00fcr alle der Weg von der Finsternis ins Licht"},"content":{"rendered":"<h2>Generalaudienz von Papst Franziskus in der Gebetswoche f\u00fcr die Einheit der Christen<\/h2>\n<p><img data-opt-id=268388314  fetchpriority=\"high\" decoding=\"async\" class=\"alignleft wp-image-6273 size-full\" src=\"https:\/\/ml2mintiuscj.i.optimole.com\/w:auto\/h:auto\/q:mauto\/f:best\/https:\/\/website.ifit.li\/wp-content\/uploads\/2015\/11\/Genealaudienz-mit-Papst-Franziskus.jpg\" alt=\"Bild: Internet\" width=\"266\" height=\"189\" \/>In der Katechese der Generalaudienz vom Mittwoch, 20. Januar 2016, die in die Gebetswoche f\u00fcr die Einheit der Christen f\u00e4llt, hob Papst Franziskus die Bedeutung der Taufe f\u00fcr die Christen hervor \u2013 f\u00fcr die Katholiken, Protestanten und Orthodoxen. Sie sei f\u00fcr alle der Weg von der Finsternis ins Licht. \u201eVor allem bedeutet es, die Taufe miteinander zu teilen, und dass wir alle S\u00fcnder sind, dass wir alle das Bed\u00fcrfnis haben, gerettet und von dem B\u00f6sen befreit zu werden\u201c, betonte der Papst. <!--more-->Die zur heutigen Katechese einleitende Lesung stammt aus dem ersten Petrusbrief (<a href=\"http:\/\/www.bibleserver.com\/text\/EU\/1.Petrus2.9-10\" target=\"_blank\" rel=\"noopener\"><u><span style=\"color: #0066cc;\">1 Petr 2,9-10<\/span><\/u><\/a>):<\/p>\n<blockquote><p>Br\u00fcder! Ihr aber seid ein auserw\u00e4hltes Geschlecht, eine k\u00f6nigliche Priesterschaft, ein heiliger Stamm, ein Volk, das sein besonderes Eigentum wurde, damit ihr die gro\u00dfen Taten dessen verk\u00fcndet, der euch aus der Finsternis in sein wunderbares Licht gerufen hat. Einst wart ihr nicht sein Volk, jetzt aber seid ihr Gottes Volk; einst gab es f\u00fcr euch kein Erbarmen, jetzt aber habt ihr Erbarmen gefunden.<\/p><\/blockquote>\n<h3 class=\"v42002008 verse highlight\">Zusammenfassung der Katechese von Papst Franziskus vom 20. Januar 2016<\/h3>\n<p>Liebe Br\u00fcder und Schwestern, die heutige Katechese f\u00e4llt in die Gebetswoche f\u00fcr die Einheit der Christen, die in diesem Jahr von einer \u00f6kumenischen Gruppe aus Lettland inhaltlich vorbereitet wird. In der Mitte des Rigaer Doms steht ein altes Taufbecken, das aus der Zeit der Missionierung des Landes im 11. Jahrhundert stammt. Der Stein ist ein ausdrucksvolles Zeichen f\u00fcr die Taufe, welche die Christen in Lettland als gemeinsames Glaubensfundament anerkennen. Dasselbe sagt auch das <a href=\"http:\/\/www.vatican.va\/archive\/hist_councils\/ii_vatican_council\/index_ge.htm\" target=\"_blank\" rel=\"noopener\">Zweite Vatikanische Konzil<\/a>: \u201eDie Taufe begr\u00fcndet ein sakramentales Band der Einheit zwischen allen, die durch sie wiedergeboren sind\u201c (<a href=\"http:\/\/www.vatican.va\/archive\/hist_councils\/ii_vatican_council\/documents\/vat-ii_decree_19641121_unitatis-redintegratio_ge.html\" target=\"_blank\" rel=\"noopener\"><em>Unitatis redintegratio<\/em><\/a>, 22). Schon der Apostel Petrus weist auf die Taufe als Gabe und Auftrag hin. Gott hat uns, wie Petrus sagt, \u201eaus der Finsternis in sein wunderbares Licht gerufen\u201c (<a href=\"http:\/\/www.bibleserver.com\/text\/EU\/1.Petrus2.10\" target=\"_blank\" rel=\"noopener\"><em>1 Petr <\/em>2,10<\/a>). Wenn wir Christen von der einen Taufe sprechen, bekennen wir als Katholiken, Protestanten und Orthodoxe, dass wir aus der herzlosen und blind machenden Finsternis des Egoismus heraus zur Begegnung mit dem erbarmenden und Leben spendenden Gott gerufen sind. Die Teilhabe an dieser Gnade bildet f\u00fcr alle Christen ein unl\u00f6sbares Band. Wir sind ein heiliges Volk, auch wenn wir aufgrund unserer S\u00fcnden noch nicht v\u00f6llig geeint sind. Gottes Barmherzigkeit ist st\u00e4rker als unsere Spaltungen. In der Weise, wie wir diese Barmherzigkeit annehmen, werden wir immer mehr Volk Gottes, werden wir f\u00e4hig, Zeugen der wunderbaren Werke der Liebe des Sch\u00f6pfers unter den Menschen zu sein. <a href=\"http:\/\/w2.vatican.va\/content\/francesco\/de\/audiences\/2016\/documents\/papa-francesco_20160120_udienza-generale.html\" target=\"_blank\" rel=\"noopener\">\u00a9 Copyright &#8211; Libreria Editrice Vaticana<\/a><\/p>\n<h3 class=\"v42002008 verse highlight\">F\u00fcr die deutschsprachigen Pilger wurden folgende Gru\u00dfworte auf Italienisch verlesen:<\/h3>\n<p>Herzlich gr\u00fc\u00dfe ich die Pilger aus den L\u00e4ndern deutscher Sprache. Gehen wir gemeinsam mit allen Christen voran auf dem Weg zur vollen Einheit, indem wir uns mit ihnen im Gebet und in den Werken der Barmherzigkeit verbinden. Der Herr segne euch und eure Familien. <a href=\"http:\/\/w2.vatican.va\/content\/francesco\/de\/audiences\/2016\/documents\/papa-francesco_20160120_udienza-generale.html\" target=\"_blank\" rel=\"noopener\">\u00a9 Copyright &#8211; Libreria Editrice Vaticana<\/a><\/p>\n<div class=\"v42002008 verse highlight\">\n<h2 id=\"hinweise\"><strong>Weitere Hinweise und Quellen<\/strong><\/h2>\n<ul>\n<li>Radio Vatikan: <a href=\"http:\/\/de.radiovaticana.va\/news\/2016\/01\/20\/papst_die_taufe_vereint_die_christen\/1202328\" target=\"_blank\" rel=\"noopener\">Audiodokument 1202328<\/a><\/li>\n<li>Radio Horeb: <a href=\"http:\/\/www.horeb.org\/xyz\/podcast\/papstaudienz\/20160120audienz.mp3\" target=\"_blank\" rel=\"noopener\">Podcast zur Generalaudienz vom 20. Januar 2016<\/a><\/li>\n<li>Agentur Zenit (Link vergriffen): Katechese von Papst Franziskus w\u00e4hrend der Generalaudienz am 20. Januar 2016<\/li>\n<li><a href=\"https:\/\/website.ifit.li\/?p=6609\" target=\"_blank\" rel=\"noopener\">Die Liebe Gottes geht \u00fcber S\u00fcnde hinaus \u2013 eine Treue ohne Grenzen!<\/a><\/li>\n<li><a href=\"https:\/\/website.ifit.li\/?p=6567\" target=\"_blank\" rel=\"noopener\">Jesus zeigt das Antlitz der Liebe und Barmherzigkeit seines Vaters<\/a><\/li>\n<li><a href=\"https:\/\/website.ifit.li\/?p=6507\" target=\"_blank\" rel=\"noopener\"><u>Christus ist diese heilige Pforte und der Eintritt kostet nichts!<\/u><\/a><\/li>\n<li><a href=\"https:\/\/website.ifit.li\/?p=6460\" target=\"_blank\" rel=\"noopener\">Die g\u00f6ttliche Barmherzigkeit \u00fcberstrahlt das Dunkel der S\u00fcnde<\/a><\/li>\n<li><a href=\"https:\/\/website.ifit.li\/?p=6441\" target=\"_blank\" rel=\"noopener\"><u>Der Sieg der Liebe Christi schliesst alles ein in die Barmherzigkeit des Vaters<\/u><\/a><\/li>\n<li><a href=\"https:\/\/website.ifit.li\/?p=6264\" target=\"_blank\" rel=\"noopener\"><u>Wer ist die T\u00fcr Gottes? Jesus Christus!<\/u><\/a><\/li>\n<li><a href=\"https:\/\/website.ifit.li\/?p=2121\" target=\"_blank\" rel=\"noopener\">Es ist die Taufe, die uns zu Kindern Gottes macht<\/a><\/li>\n<li><a href=\"https:\/\/website.ifit.li\/?p=6325\" target=\"_blank\" rel=\"noopener\"><u>Erste Heilige Pforte zum Jahr der Barmherzigkeit in Bangui ge\u00f6ffnet<\/u><\/a><\/li>\n<li><a href=\"https:\/\/website.ifit.li\/?p=6248\" target=\"_blank\" rel=\"noopener\"><u>Das ausserordentliche Jubeljahr der Barmherzigkeit<\/u><\/a><\/li>\n<li><a title=\"Kostenfreie Anmeldung gilt f\u00fcr acht Veranstaltungen mit besonderem Besucherandrang und soll die Planung und Steuerung erleichtern \u2013 Last Minute-Registrierung f\u00fcr noch verf\u00fcgbare Pl\u00e4tze im \u201eWillkommenszentrum\u201c auf der Via della Conciliazione.\" href=\"http:\/\/www.im.va\/content\/gdm\/de.html\" target=\"_blank\" rel=\"noopener\"><u>Vatikan \u2013 Jubil\u00e4um der Barmherzigkeit<\/u><\/a><\/li>\n<li>\u21d2 <a href=\"https:\/\/website.ifit.li\/?p=8253\" target=\"_blank\" rel=\"noopener\">Zur\u00fcck zur \u00dcbersicht<\/a><\/li>\n<\/ul>\n<\/div>\n","protected":false},"excerpt":{"rendered":"<p>Generalaudienz von Papst Franziskus in der Gebetswoche f\u00fcr die Einheit der Christen In der Katechese der Generalaudienz vom Mittwoch, 20. Januar 2016, die in die Gebetswoche f\u00fcr die Einheit der Christen f\u00e4llt, hob Papst Franziskus die Bedeutung der Taufe f\u00fcr die Christen hervor \u2013 f\u00fcr die Katholiken, Protestanten und Orthodoxen. Sie sei f\u00fcr alle der &hellip; <a href=\"https:\/\/website.ifit.li\/?p=6632\" class=\"more-link\"><span class=\"screen-reader-text\">Die Taufe ist f\u00fcr alle der Weg von der Finsternis ins Licht<\/span> weiterlesen <span class=\"meta-nav\">&rarr;<\/span><\/a><\/p>\n","protected":false},"author":1,"featured_media":6636,"comment_status":"closed","ping_status":"open","sticky":false,"template":"","format":"standard","meta":{"footnotes":""},"categories":[2],"tags":[129,217,191,104,58,167,61],"class_list":["post-6632","post","type-post","status-publish","format-standard","has-post-thumbnail","hentry","category-kirche","tag-barmherzigkeit","tag-christentum","tag-jahr-der-barmherzigkeit","tag-katechese","tag-papst-franziskus","tag-suende","tag-taufe"],"_links":{"self":[{"href":"https:\/\/website.ifit.li\/index.php?rest_route=\/wp\/v2\/posts\/6632","targetHints":{"allow":["GET"]}}],"collection":[{"href":"https:\/\/website.ifit.li\/index.php?rest_route=\/wp\/v2\/posts"}],"about":[{"href":"https:\/\/website.ifit.li\/index.php?rest_route=\/wp\/v2\/types\/post"}],"author":[{"embeddable":true,"href":"https:\/\/website.ifit.li\/index.php?rest_route=\/wp\/v2\/users\/1"}],"replies":[{"embeddable":true,"href":"https:\/\/website.ifit.li\/index.php?rest_route=%2Fwp%2Fv2%2Fcomments&post=6632"}],"version-history":[{"count":10,"href":"https:\/\/website.ifit.li\/index.php?rest_route=\/wp\/v2\/posts\/6632\/revisions"}],"predecessor-version":[{"id":38844,"href":"https:\/\/website.ifit.li\/index.php?rest_route=\/wp\/v2\/posts\/6632\/revisions\/38844"}],"wp:featuredmedia":[{"embeddable":true,"href":"https:\/\/website.ifit.li\/index.php?rest_route=\/wp\/v2\/media\/6636"}],"wp:attachment":[{"href":"https:\/\/website.ifit.li\/index.php?rest_route=%2Fwp%2Fv2%2Fmedia&parent=6632"}],"wp:term":[{"taxonomy":"category","embeddable":true,"href":"https:\/\/website.ifit.li\/index.php?rest_route=%2Fwp%2Fv2%2Fcategories&post=6632"},{"taxonomy":"post_tag","embeddable":true,"href":"https:\/\/website.ifit.li\/index.php?rest_route=%2Fwp%2Fv2%2Ftags&post=6632"}],"curies":[{"name":"wp","href":"https:\/\/api.w.org\/{rel}","templated":true}]}}