{"id":6609,"date":"2016-01-13T23:05:51","date_gmt":"2016-01-13T22:05:51","guid":{"rendered":"https:\/\/website.ifit.li\/?p=6609"},"modified":"2021-10-23T15:00:12","modified_gmt":"2021-10-23T13:00:12","slug":"liebe-gottes-geht-ueber-suende-hinaus-eine-treue-ohne-grenzen","status":"publish","type":"post","link":"https:\/\/website.ifit.li\/?p=6609","title":{"rendered":"Die Liebe Gottes geht \u00fcber S\u00fcnde hinaus &#8211; eine Treue ohne Grenzen!"},"content":{"rendered":"<h2>Neue Katechesenreihe\u00a0aus biblischer Sicht zum Jahr der\u00a0Barmherzigkeit 2016<\/h2>\n<p><img data-opt-id=268388314  fetchpriority=\"high\" decoding=\"async\" class=\"alignleft wp-image-6273 size-full\" src=\"https:\/\/ml2mintiuscj.i.optimole.com\/w:auto\/h:auto\/q:mauto\/f:best\/https:\/\/website.ifit.li\/wp-content\/uploads\/2015\/11\/Genealaudienz-mit-Papst-Franziskus.jpg\" alt=\"Bild: Internet\" width=\"266\" height=\"189\" \/>Papst Franziskus hat eine neue Katechesenreihe \u00fcber die Barmherzigkeit Gottes aus der Sicht der Heiligen Schrift begonnen. Ziel sei es, Barmherzigkeit \u201ezu lernen im H\u00f6ren auf das, was Gott selbst mit seinem Wort lehrt\u201c, erl\u00e4uterte der Papst bei der Generalaudienz am Mittwoch, 13. Januar 2016, \u00a0in der vatikanischen Audienzhalle. Der Papst sage auch in der Generalaudienz: Wir wollen beim Alten Testament beginnen, das uns auf die vollst\u00e4ndige Offenbarung durch Jesus Christus vorbereitet und zu ihm hinf\u00fchrt. In ihm zeigt sich die Barmherzigkeit des Vaters in all ihrer Vollkommenheit. <!--more-->In der Heiligen Schrift tritt uns der Herr als der \u201ebarmherzige Gott\u201c entgegen. Das ist sein Name, mittels dessen er uns sozusagen sein Gesicht und sein Herz offenbart. Wie das Buch Exodus berichtet, bezeichnete er sich selbst so, als er sich Mose offenbarte: \u201eEin barmherziger und gn\u00e4diger Gott, langm\u00fctig, reich an Huld und Treue\u201c (Ex 34,6). Diese Formel finden wir mit kleinen Ab\u00e4nderungen auch in anderen Texten wieder; doch liegt die Betonung immer auf der Barmherzigkeit und Liebe Gottes, der nie m\u00fcde wird, zu vergeben (vgl. Gen 4,2; Joel 2,13; Ps 86,15; 103,8; 145,8; Neh 9,17). Wir wollen uns diese Worte der Heiligen Schrift, die zu uns \u00fcber Gott sprechen, einmal etwas n\u00e4her ansehen.<\/p>\n<blockquote>\n<div id=\"b27ref2034005\" class=\"v2034005 verse highlight\">Der Herr aber stieg in der Wolke herab und stellte sich dort neben ihn hin. Er rief den Namen Jahwe aus.\u00a0Der Herr ging an ihm vor\u00fcber und rief: Jahwe ist ein barmherziger und gn\u00e4diger Gott, langm\u00fctig, reich an Huld und Treue:\u00a0Er bewahrt Tausenden Huld, nimmt Schuld, Frevel und S\u00fcnde weg &#8230; (<a href=\"http:\/\/www.bibleserver.com\/text\/EU\/2.Mose34.5-7\" target=\"_blank\" rel=\"noopener\">Exodus 34,5-7<\/a>)<\/div>\n<\/blockquote>\n<h3 class=\"v42002008 verse highlight\">Zusammenfassung der Katechese von Papst Franziskus vom 13. Januar 2016<\/h3>\n<p>Liebe Br\u00fcder und Schwestern, mit der heutigen Katechese wollen wir eine Reihe von Betrachtungen \u00fcber die <i>Barmherzigkeit Gottes aus der Sicht der Heiligen Schrift<\/i> beginnen. Schon im Buch <i>Exodus<\/i> offenbart sich der Herr als der \u201ebarmherzige und gn\u00e4dige Gott, langm\u00fctig, reich an Huld und Treue\u201c (34,6). Diese Beschreibung Gottes wird im Alten Testament immer wieder aufgenommen und zieht sich wie ein roter Faden durch die Heilige Schrift. <i>Barmherzig<\/i> sein hei\u00dft, dass Gott gegen\u00fcber seinen Kindern z\u00e4rtlich ist wie eine Mutter. Er wird durch ihre Not zuinnerst bewegt und l\u00e4sst sich erweichen. Er will seine Kinder besch\u00fctzen, ihnen helfen, ja ihnen sogar sich selbst schenken. Die Eigenschaft Gottes, <i>gn\u00e4dig<\/i> zu sein, verweist uns auf seine st\u00e4ndige Bereitschaft, den Schwachen und Armen aufzunehmen, zu verstehen und ihm zu verzeihen. Weiter beschreibt die Heilige Schrift Gott als <i>langm\u00fctig<\/i>, w\u00f6rtlich \u201emit einem langen Atem\u201c. D.h. Gott wartet immer auf uns, mit gro\u00dfer Geduld. Wie ein kluger G\u00e4rtner wei\u00df er abzuwarten, wachsen zu lassen, und rei\u00dft das Unkraut nicht vor der Ernte aus (vgl. <i>Mt <\/i>13,24-30). Schlie\u00dflich ist Gott <i>reich an Huld und Treue<\/i>. D.h. Gott ist gro\u00df, er ist m\u00e4chtig, aber diese Gr\u00f6\u00dfe und Macht offenbart sich im Lieben, in der Zuneigung, in der G\u00fcte. Nichts kann diese treue Sorge Gottes f\u00fcr seine Kinder aufhalten, nicht einmal die S\u00fcnde. Gottes <i>Treue<\/i> ist ohne Grenzen.<a href=\"http:\/\/w2.vatican.va\/content\/francesco\/de\/audiences\/2016\/documents\/papa-francesco_20160113_udienza-generale.html\" target=\"_blank\" rel=\"noopener\"> <span style=\"color: #663300;\">\u00a9 Copyright &#8211; Libreria Editrice Vaticana<\/span><\/a><\/p>\n<h3 class=\"v42002008 verse highlight\">F\u00fcr die deutschsprachigen Pilger wurden folgende Gru\u00dfworte auf Italienisch verlesen:<\/h3>\n<p>Einen herzlichen Gru\u00df richte ich an alle Pilger deutscher Sprache. Das Heilige Jahr der Barmherzigkeit l\u00e4dt uns ein, uns ganz der G\u00fcte des Herrn anzuvertrauen. Der gute Gott wird nie m\u00fcde, uns zu vergeben. Werden auch wir nie m\u00fcde, uns dem barmherzigen Vater zuzuwenden, insbesondere im Sakrament der Beichte. Gott segne euch alle. <span style=\"color: #663300;\"><u>\u00a9 Copyright &#8211; Libreria Editrice Vaticana<\/u><\/span><\/p>\n<div class=\"v42002008 verse highlight\">\n<h2 id=\"hinweise\"><strong>Weitere Hinweise und Quellen<\/strong><\/h2>\n<ul>\n<li>Radio Vatikan: <a href=\"http:\/\/de.radiovaticana.va\/news\/2016\/01\/13\/papst_beginnt_neue_katechesenreihe_zur_barmherzigkeit_gottes\/1200674\" target=\"_blank\" rel=\"noopener\">Audiodokument 1200674<\/a><\/li>\n<li>Radio Horeb:\u00a0<a href=\"http:\/\/www.horeb.org\/xyz\/podcast\/papstaudienz\/20160113audienz.mp3\" target=\"_blank\" rel=\"noopener\">Podcast zur Generalaudienz vom 13. Januar 2016<\/a><\/li>\n<li>Agentur Zenit (Link vergriffen): Katechese von Papst Franziskus w\u00e4hrend der Generalaudienz am 13. Januar 2015<\/li>\n<li><a href=\"https:\/\/website.ifit.li\/?p=6567\" target=\"_blank\" rel=\"noopener\">Jesus zeigt das Antlitz der Liebe und Barmherzigkeit seines Vaters<\/a><\/li>\n<li><a href=\"https:\/\/website.ifit.li\/?p=6507\" target=\"_blank\" rel=\"noopener\"><u><span style=\"color: #0066cc;\">Christus ist diese heilige Pforte und der Eintritt kostet nichts!<\/span><\/u><\/a><\/li>\n<li><a href=\"https:\/\/website.ifit.li\/?p=6460\" target=\"_blank\" rel=\"noopener\"><u>Die g\u00f6ttliche Barmherzigkeit \u00fcberstrahlt das Dunkel der S\u00fcnde<\/u><\/a><\/li>\n<li><a href=\"https:\/\/website.ifit.li\/?p=6441\" target=\"_blank\" rel=\"noopener\"><u><span style=\"color: #0066cc;\">Der Sieg der Liebe Christi schliesst alles ein in die Barmherzigkeit des Vaters<\/span><\/u><\/a><\/li>\n<li><a href=\"https:\/\/website.ifit.li\/?p=6264\" target=\"_blank\" rel=\"noopener\"><u><span style=\"color: #0066cc;\">Wer ist die T\u00fcr Gottes? Jesus Christus!<\/span><\/u><\/a><\/li>\n<li><a href=\"https:\/\/website.ifit.li\/?p=6325\" target=\"_blank\" rel=\"noopener\"><u><span style=\"color: #0066cc;\">Erste Heilige Pforte zum Jahr der Barmherzigkeit in Bangui ge\u00f6ffnet<\/span><\/u><\/a><\/li>\n<li><a href=\"https:\/\/website.ifit.li\/?p=6248\" target=\"_blank\" rel=\"noopener\"><u><span style=\"color: #0066cc;\">Das ausserordentliche Jubeljahr der Barmherzigkeit<\/span><\/u><\/a><\/li>\n<li><a title=\"Kostenfreie Anmeldung gilt f\u00fcr acht Veranstaltungen mit besonderem Besucherandrang und soll die Planung und Steuerung erleichtern \u2013 Last Minute-Registrierung f\u00fcr noch verf\u00fcgbare Pl\u00e4tze im \u201eWillkommenszentrum\u201c auf der Via della Conciliazione.\" href=\"http:\/\/www.im.va\/content\/gdm\/de.html\" target=\"_blank\" rel=\"noopener\"><u><span style=\"color: #0066cc;\">Vatikan \u2013 Jubil\u00e4um der Barmherzigkeit<\/span><\/u><\/a><\/li>\n<li>\u21d2 <a href=\"https:\/\/website.ifit.li\/?p=8253\" target=\"_blank\" rel=\"noopener\">Zur\u00fcck zur \u00dcbersicht<\/a><\/li>\n<\/ul>\n<\/div>\n","protected":false},"excerpt":{"rendered":"<p>Neue Katechesenreihe\u00a0aus biblischer Sicht zum Jahr der\u00a0Barmherzigkeit 2016 Papst Franziskus hat eine neue Katechesenreihe \u00fcber die Barmherzigkeit Gottes aus der Sicht der Heiligen Schrift begonnen. Ziel sei es, Barmherzigkeit \u201ezu lernen im H\u00f6ren auf das, was Gott selbst mit seinem Wort lehrt\u201c, erl\u00e4uterte der Papst bei der Generalaudienz am Mittwoch, 13. Januar 2016, \u00a0in der &hellip; <a href=\"https:\/\/website.ifit.li\/?p=6609\" class=\"more-link\"><span class=\"screen-reader-text\">Die Liebe Gottes geht \u00fcber S\u00fcnde hinaus &#8211; eine Treue ohne Grenzen!<\/span> weiterlesen <span class=\"meta-nav\">&rarr;<\/span><\/a><\/p>\n","protected":false},"author":1,"featured_media":6615,"comment_status":"closed","ping_status":"open","sticky":false,"template":"","format":"standard","meta":{"footnotes":""},"categories":[2],"tags":[129,191,104,31,58,167],"class_list":["post-6609","post","type-post","status-publish","format-standard","has-post-thumbnail","hentry","category-kirche","tag-barmherzigkeit","tag-jahr-der-barmherzigkeit","tag-katechese","tag-liebe","tag-papst-franziskus","tag-suende"],"_links":{"self":[{"href":"https:\/\/website.ifit.li\/index.php?rest_route=\/wp\/v2\/posts\/6609","targetHints":{"allow":["GET"]}}],"collection":[{"href":"https:\/\/website.ifit.li\/index.php?rest_route=\/wp\/v2\/posts"}],"about":[{"href":"https:\/\/website.ifit.li\/index.php?rest_route=\/wp\/v2\/types\/post"}],"author":[{"embeddable":true,"href":"https:\/\/website.ifit.li\/index.php?rest_route=\/wp\/v2\/users\/1"}],"replies":[{"embeddable":true,"href":"https:\/\/website.ifit.li\/index.php?rest_route=%2Fwp%2Fv2%2Fcomments&post=6609"}],"version-history":[{"count":14,"href":"https:\/\/website.ifit.li\/index.php?rest_route=\/wp\/v2\/posts\/6609\/revisions"}],"predecessor-version":[{"id":38843,"href":"https:\/\/website.ifit.li\/index.php?rest_route=\/wp\/v2\/posts\/6609\/revisions\/38843"}],"wp:featuredmedia":[{"embeddable":true,"href":"https:\/\/website.ifit.li\/index.php?rest_route=\/wp\/v2\/media\/6615"}],"wp:attachment":[{"href":"https:\/\/website.ifit.li\/index.php?rest_route=%2Fwp%2Fv2%2Fmedia&parent=6609"}],"wp:term":[{"taxonomy":"category","embeddable":true,"href":"https:\/\/website.ifit.li\/index.php?rest_route=%2Fwp%2Fv2%2Fcategories&post=6609"},{"taxonomy":"post_tag","embeddable":true,"href":"https:\/\/website.ifit.li\/index.php?rest_route=%2Fwp%2Fv2%2Ftags&post=6609"}],"curies":[{"name":"wp","href":"https:\/\/api.w.org\/{rel}","templated":true}]}}