{"id":6567,"date":"2015-12-30T23:06:05","date_gmt":"2015-12-30T22:06:05","guid":{"rendered":"https:\/\/website.ifit.li\/?p=6567"},"modified":"2021-10-23T14:59:07","modified_gmt":"2021-10-23T12:59:07","slug":"jesus-ist-gekommen-um-uns-das-an-liebe-und-barmherzigkeit-reiche-antlitz-seines-vaters-zu-zeigen","status":"publish","type":"post","link":"https:\/\/website.ifit.li\/?p=6567","title":{"rendered":"Jesus zeigt das Antlitz der Liebe und Barmherzigkeit seines Vaters"},"content":{"rendered":"<h2>Katechese von Papst Franziskus der letzten Generalaudienz im Jahr 2015 zur Barmherzigkeit Gottes<\/h2>\n<p dir=\"ltr\"><img data-opt-id=268388314  fetchpriority=\"high\" decoding=\"async\" class=\"alignleft wp-image-6273 size-full\" src=\"https:\/\/ml2mintiuscj.i.optimole.com\/w:auto\/h:auto\/q:mauto\/f:best\/https:\/\/website.ifit.li\/wp-content\/uploads\/2015\/11\/Genealaudienz-mit-Papst-Franziskus.jpg\" alt=\"Bild: Internet\" width=\"266\" height=\"189\" \/>Papst Franziskus widmete seine Katechese in der letzten Generalaudienz des Jahres vom 30. Dezember 2015 dem Jesuskind und erkl\u00e4rte den trotz eisigen Wetters auf dem Petersplatz zahlreich versammelten Gl\u00e4ubigen, dass die Krippe in unseren Herzen das Geheimnis Gottes lebendig halte. Viele Heilige wie\u00a0zum Beispiel Teresa von Lisieux zeichneten sich durch eine tiefe Devotion (Demut) zum Jesuskind aus und h\u00e4tten ihr Leben danach ausgerichtet. Gott sei gro\u00df und dem\u00fctig, das sei ein Geheimnis. Das irdische Leben Jesu sei Offenbarung und Lehre gewesen. In der Weihnachtszeit erinnerten sich die Menschen seiner Kindheit, \u00fcber die wenige Informationen bekannt seien. Kinder m\u00fcssten, so Papst Franziskus, im Mittelpunkt der Aufmerksamkeit stehen, da sie sich besch\u00fctzt f\u00fchlen m\u00fcssten. <!--more-->Deshalb m\u00fcssten auch wir Jesus ins Zentrum unserer Aufmerksamkeit stellen, um ihm unsere Freude und Liebe zu zeigen. Wir m\u00fcssten aufh\u00f6ren, egoistisch zu sein, und stattdessen dem Herrn dienen. Jesus sei gekommen, um uns das an Liebe und Barmherzigkeit reiche Antlitz seines Vaters zu zeigen. Das Jesuskind, schloss Papst Franziskus seine Katechese, sei Quelle f\u00fcr Liebe und Seelenruhe. Es w\u00e4re sch\u00f6n, wenn heute alle zu Hause das in der Krippe liegende Jesuskind k\u00fcssten und sagten: \u201eJesus, ich will dem\u00fctig wie du sein, dem\u00fctig wie Gott.\u201c<\/p>\n<blockquote>\n<div id=\"b27ref42002007\" class=\"v42002007 verse highlight\">In jener Gegend lagerten Hirten auf freiem Feld und hielten Nachtwache bei ihrer Herde.\u00a0Da trat der Engel des Herrn zu ihnen und der Glanz des Herrn umstrahlte sie. Sie f\u00fcrchteten sich sehr,\u00a0<span class=\"verseNumber\">\u00a0<\/span>der Engel aber sagte zu ihnen: F\u00fcrchtet euch nicht, denn ich verk\u00fcnde euch eine gro\u00dfe Freude, die dem ganzen Volk zuteil werden soll:\u00a0Heute ist euch in der Stadt Davids der Retter geboren; er ist der Messias, der Herr.\u00a0Und das soll euch als Zeichen dienen: Ihr werdet ein Kind finden, das, in Windeln gewickelt, in einer Krippe liegt. (<a href=\"http:\/\/www.bibleserver.com\/text\/EU\/Lukas2.8-12\" target=\"_blank\" rel=\"noopener\">Lk 2.8-12<\/a>)<\/div>\n<\/blockquote>\n<h3 class=\"v42002008 verse highlight\">Zusammenfassung der Katechese von Papst Franziskus vom 30. Dezember 2015<\/h3>\n<div class=\"v42002008 verse highlight\">Liebe Br\u00fcder und Schwestern, in diesen weihnachtlichen Tagen schm\u00fcckt die Krippe unsere H\u00e4user, die das Geheimnis der Menschwerdung in uns wach h\u00e4lt. Die Verehrung des Jesuskindes ist sehr verbreitet. Das ganze irdische Leben des Gott-Menschen Jesus Christus geh\u00f6rt zur Offenbarung und belehrt uns. Um im Glauben zu wachsen, sollten wir daher auch das Jesuskind in den Merkmalen seines Kindseins \u00f6fter betrachten. Kinder wollen vor allem unsere Aufmerksamkeit. Sie m\u00fcssen im Mittelpunkt stehen, damit sie sich gesch\u00fctzt wissen. Deshalb wollen wir Jesus in die Mitte unseres Lebens stellen; wir sind verantwortlich, ihn zu sch\u00fctzen. Wir wollen das Jesuskind zum L\u00e4cheln bringen, indem wir ihm unsere Liebe zeigen und unsere Freude \u00fcber seine Gegenwart. Schlie\u00dflich lieben die Kinder zu spielen. Beim Spiel m\u00fcssen wir unser Denken aufgeben, um in die Logik des Kindes einzutreten und zu verstehen, was ihm gef\u00e4llt. Auf diese Weise geben wir vor Jesus unsere vorgebliche Autonomie auf, um die echte Freiheit zu erlangen, d.h. zu verstehen, wer Jesus ist, und ihm zu dienen. Er ist der Gottessohn, der gekommen ist, um uns zu retten und das Antlitz des Vaters zu zeigen, der reich ist an Liebe und Erbarmen.\u00a0<a href=\"http:\/\/w2.vatican.va\/content\/francesco\/de\/audiences\/2015\/documents\/papa-francesco_20151230_udienza-generale.html\" target=\"_blank\" rel=\"noopener\"> \u00a9 Copyright \u2013 Libreria Editrice Vaticana<\/a>\u00a0 (inkl. Video mit Silverlight)<\/div>\n<h3 class=\"v42002008 verse highlight\">F\u00fcr die deutschsprachigen Pilger wurden folgende Gru\u00dfworte auf Italienisch verlesen:<\/h3>\n<div class=\"v42002008 verse highlight\">Mit Freude hei\u00dfe ich die Pilger und Besucher aus den L\u00e4ndern deutscher Sprache, aus den Niederlanden und aus Belgien willkommen. Die Betrachtung der Kindheit Jesu l\u00e4sst uns die barmherzige Liebe Gottes zu uns Menschen tiefer begreifen. Wir wollen dem Jesuskind unsere Liebe schenken und ihm mit unserem Leben dienen. Ein gutes neues Jahr! <u><span style=\"color: #0066cc;\"><a href=\"http:\/\/w2.vatican.va\/content\/francesco\/de\/audiences\/2015\/documents\/papa-francesco_20151230_udienza-generale.html\" target=\"_blank\" rel=\"noopener\">\u00a9 Copyright \u2013 Libreria Editrice Vaticana<\/a><\/span><\/u>\u00a0 (inkl. Video mit Silverlight)<\/div>\n<div class=\"v42002008 verse highlight\"><\/div>\n<div class=\"v42002008 verse highlight\">\n<h2 id=\"hinweise\"><strong>Weitere Hinweise und Quellen<\/strong><\/h2>\n<ul>\n<li>Radio Vatikan: <a href=\"http:\/\/de.radiovaticana.va\/news\/2015\/12\/30\/papst_jesus_sch%C3%BCtzen_wie_ein_kind\/1197726\" target=\"_blank\" rel=\"noopener\">Audiodokument 1197726<\/a><\/li>\n<li>Radio Horeb: <a href=\"http:\/\/www.horeb.org\/xyz\/podcast\/papstaudienz\/20151230audienz.mp3\" target=\"_blank\" rel=\"noopener\">Podcast zur Generalaudienz vom 30. Dezember 2015<\/a><\/li>\n<li>Agentur Zenit (Link vergriffen): Katechese von Papst Franziskus w\u00e4hrend der Generalaudienz am 30. Dezember 2015<\/li>\n<li><a href=\"https:\/\/website.ifit.li\/?p=6507\" target=\"_blank\" rel=\"noopener\">Christus ist diese heilige Pforte und der Eintritt kostet nichts!<\/a><\/li>\n<li><a href=\"https:\/\/website.ifit.li\/?p=6460\" target=\"_blank\" rel=\"noopener\"><u><span style=\"color: #0066cc;\">Die g\u00f6ttliche Barmherzigkeit \u00fcberstrahlt das Dunkel der S\u00fcnde<\/span><\/u><\/a><\/li>\n<li><a href=\"https:\/\/website.ifit.li\/?p=6441\" target=\"_blank\" rel=\"noopener\"><u>Der Sieg der Liebe Christi schliesst alles ein in die Barmherzigkeit des Vaters<\/u><\/a><\/li>\n<li><a href=\"https:\/\/website.ifit.li\/?p=6264\" target=\"_blank\" rel=\"noopener\"><u>Wer ist die T\u00fcr Gottes? Jesus Christus!<\/u><\/a><\/li>\n<li><a href=\"https:\/\/website.ifit.li\/?p=6325\" target=\"_blank\" rel=\"noopener\"><u>Erste Heilige Pforte zum Jahr der Barmherzigkeit in Bangui ge\u00f6ffnet<\/u><\/a><\/li>\n<li><a href=\"https:\/\/website.ifit.li\/?p=6248\" target=\"_blank\" rel=\"noopener\"><u>Das ausserordentliche Jubeljahr der Barmherzigkeit<\/u><\/a><\/li>\n<li><a title=\"Kostenfreie Anmeldung gilt f\u00fcr acht Veranstaltungen mit besonderem Besucherandrang und soll die Planung und Steuerung erleichtern \u2013 Last Minute-Registrierung f\u00fcr noch verf\u00fcgbare Pl\u00e4tze im \u201eWillkommenszentrum\u201c auf der Via della Conciliazione.\" href=\"http:\/\/www.im.va\/content\/gdm\/de.html\" target=\"_blank\" rel=\"noopener\"><u>Vatikan \u2013 Jubil\u00e4um der Barmherzigkeit<\/u><\/a><\/li>\n<li>\u21d2 <a href=\"https:\/\/website.ifit.li\/?p=8253\" target=\"_blank\" rel=\"noopener\">Zur\u00fcck zur \u00dcbersicht<\/a><\/li>\n<\/ul>\n<\/div>\n","protected":false},"excerpt":{"rendered":"<p>Katechese von Papst Franziskus der letzten Generalaudienz im Jahr 2015 zur Barmherzigkeit Gottes Papst Franziskus widmete seine Katechese in der letzten Generalaudienz des Jahres vom 30. Dezember 2015 dem Jesuskind und erkl\u00e4rte den trotz eisigen Wetters auf dem Petersplatz zahlreich versammelten Gl\u00e4ubigen, dass die Krippe in unseren Herzen das Geheimnis Gottes lebendig halte. Viele Heilige &hellip; <a href=\"https:\/\/website.ifit.li\/?p=6567\" class=\"more-link\"><span class=\"screen-reader-text\">Jesus zeigt das Antlitz der Liebe und Barmherzigkeit seines Vaters<\/span> weiterlesen <span class=\"meta-nav\">&rarr;<\/span><\/a><\/p>\n","protected":false},"author":1,"featured_media":6571,"comment_status":"closed","ping_status":"open","sticky":false,"template":"","format":"standard","meta":{"footnotes":""},"categories":[2],"tags":[191,104,240,58],"class_list":["post-6567","post","type-post","status-publish","format-standard","has-post-thumbnail","hentry","category-kirche","tag-jahr-der-barmherzigkeit","tag-katechese","tag-martyrium","tag-papst-franziskus"],"_links":{"self":[{"href":"https:\/\/website.ifit.li\/index.php?rest_route=\/wp\/v2\/posts\/6567","targetHints":{"allow":["GET"]}}],"collection":[{"href":"https:\/\/website.ifit.li\/index.php?rest_route=\/wp\/v2\/posts"}],"about":[{"href":"https:\/\/website.ifit.li\/index.php?rest_route=\/wp\/v2\/types\/post"}],"author":[{"embeddable":true,"href":"https:\/\/website.ifit.li\/index.php?rest_route=\/wp\/v2\/users\/1"}],"replies":[{"embeddable":true,"href":"https:\/\/website.ifit.li\/index.php?rest_route=%2Fwp%2Fv2%2Fcomments&post=6567"}],"version-history":[{"count":10,"href":"https:\/\/website.ifit.li\/index.php?rest_route=\/wp\/v2\/posts\/6567\/revisions"}],"predecessor-version":[{"id":38842,"href":"https:\/\/website.ifit.li\/index.php?rest_route=\/wp\/v2\/posts\/6567\/revisions\/38842"}],"wp:featuredmedia":[{"embeddable":true,"href":"https:\/\/website.ifit.li\/index.php?rest_route=\/wp\/v2\/media\/6571"}],"wp:attachment":[{"href":"https:\/\/website.ifit.li\/index.php?rest_route=%2Fwp%2Fv2%2Fmedia&parent=6567"}],"wp:term":[{"taxonomy":"category","embeddable":true,"href":"https:\/\/website.ifit.li\/index.php?rest_route=%2Fwp%2Fv2%2Fcategories&post=6567"},{"taxonomy":"post_tag","embeddable":true,"href":"https:\/\/website.ifit.li\/index.php?rest_route=%2Fwp%2Fv2%2Ftags&post=6567"}],"curies":[{"name":"wp","href":"https:\/\/api.w.org\/{rel}","templated":true}]}}