{"id":6507,"date":"2015-12-16T23:09:44","date_gmt":"2015-12-16T22:09:44","guid":{"rendered":"https:\/\/website.ifit.li\/?p=6507"},"modified":"2021-10-23T14:57:40","modified_gmt":"2021-10-23T12:57:40","slug":"christus-ist-die-heilige-pforte-und-der-eintritt-kostet-nichts","status":"publish","type":"post","link":"https:\/\/website.ifit.li\/?p=6507","title":{"rendered":"Christus ist diese heilige Pforte und der Eintritt kostet nichts!"},"content":{"rendered":"<h2>Die Kirche ist zutiefst Gemeinschaft, die auf der Liebe des gekreuzigten Christus zu den Menschen gr\u00fcndet (II. Vat. Konzil)<\/h2>\n<p><span id=\"testo-articolo\"><img data-opt-id=268388314  fetchpriority=\"high\" decoding=\"async\" class=\"alignleft wp-image-6273 size-full\" src=\"https:\/\/ml2mintiuscj.i.optimole.com\/w:auto\/h:auto\/q:mauto\/f:best\/https:\/\/website.ifit.li\/wp-content\/uploads\/2015\/11\/Genealaudienz-mit-Papst-Franziskus.jpg\" alt=\"Bild: Internet\" width=\"266\" height=\"189\" \/>Am Mittwoch, 16. Dezember 2015, sagte Papst Franziskus\u00a0bei der Generalaudienz vor Tausenden von Pilgern, dass das Heilige Jahr ganz im Zeichen des Zweiten Vatikanischen Konzils stehe und die Kirche eine universale Gemeinschaft sei. Bei strahlendem Sonnenschein mit der offenen Heilige Pforte vom Petersdom im R\u00fccken ging Franziskus auf das Heilige Jahr und dessen Bedeutung f\u00fcr die Weltkirche ein.\u00a0 Er begann wie gewohnt mit dem Kreuzzeichen: &#171;Im Namen des Vaters und des Sohnes und des Heiligen Geistes&#187; und einem einleitenden Schriftwort aus dem heiligen Evangelium nach Johannes.<\/span><!--more--><\/p>\n<blockquote>\n<div id=\"b27ref43010007\" class=\"v43010007 verse highlight\">Weiter sagte Jesus zu ihnen: Amen, amen, ich sage euch: Ich bin die T\u00fcr zu den Schafen.\u00a0Alle, die vor mir kamen, sind Diebe und R\u00e4uber; aber die Schafe haben nicht auf sie geh\u00f6rt.\u00a0Ich bin die T\u00fcr; wer durch mich hineingeht, wird gerettet werden; er wird ein- und ausgehen und Weide finden. \u00a0(<a href=\"http:\/\/www.bibleserver.com\/text\/EU\/Johannes10.7-9\" target=\"_blank\" rel=\"noopener\"><u><span style=\"color: #0066cc;\">Joh 10,7-9<\/span><\/u><\/a>)<\/div>\n<\/blockquote>\n<h3>Zusammenfassung der Katechese von Papst Franziskus vom 16. Dezember 2015<\/h3>\n<p>Liebe Br\u00fcder und Schwestern, am vergangenen Sonntag\u00a0wurde in der Lateranbasilika und in vielen Kathedralen auf der ganzen Welt eine Heilige Pforte ge\u00f6ffnet. Es ist mein Wunsch, dass es in jeder Teilkirche solche Orte gibt, wo die Liebe und die Barmherzigkeit des Vaters in besonderer Weise sichtbar werden. Das Heilige Jahr der Barmherzigkeit nimmt einen Gedanken des vor f\u00fcnfzig Jahren abgeschlossenen Zweiten Vatikanischen Konzils auf, n\u00e4mlich dass die Kirche zutiefst Gemeinschaft ist, die auf der Liebe des gekreuzigten Christus zu den Menschen gr\u00fcndet. Wir wollen einander lieben und vergeben, so wie Jesus es tat. Damit machen wir deutlich, dass der Glaube unsere Herzen verwandelt hat. Die Heilige Pforte ist ein Bild f\u00fcr Christus, der von sich selbst gesagt hat: \u201eIch bin die T\u00fcr; wer durch mich hineingeht, wird gerettet werden\u201c (<a href=\"http:\/\/www.bibleserver.com\/text\/EU\/Johannes10.9\" target=\"_blank\" rel=\"noopener\"><i>Joh<\/i> 10,9<\/a>). Sie l\u00e4dt uns ein, die T\u00fcr unseres eigenen Herzens zu \u00f6ffnen und Jesus hindurchgehen zu lassen, der uns dazu anregt, ihn und seine Liebe zu den Menschen zu bringen. Ein wichtiges Zeichen des Jubil\u00e4ums ist auch das Sakrament der Vers\u00f6hnung. Hier machen wir die direkte Erfahrung des g\u00f6ttlichen Erbarmens, und das gibt uns wiederum die Kraft, unseren Mitmenschen gegen\u00fcber barmherzig zu sein und denen, die an uns schuldig geworden sind, von Herzen zu vergeben. Beginnen wir das Jubil\u00e4um mit diesen Zeichen der Heiligen Pforte und des Sakraments der Vers\u00f6hnung, die uns helfen, in der Liebe zu Gott und zu den Menschen zu wachsen. <a href=\"http:\/\/w2.vatican.va\/content\/francesco\/de\/audiences\/2015\/documents\/papa-francesco_20151216_udienza-generale.html\" target=\"_blank\" rel=\"noopener\">\u00a9 Copyright &#8211; Libreria Editrice Vaticana<\/a>\u00a0(inkl. Video mit Silverlight)<\/p>\n<h3>F\u00fcr die deutschsprachigen Pilger wurden folgende Gru\u00dfworte auf Italienisch verlesen:<\/h3>\n<p>Herzlich gr\u00fc\u00dfe ich die Pilger aus den L\u00e4ndern deutscher Sprache und insbesondere die Delegation aus Ober\u00f6sterreich, die uns das Friedenslicht von Betlehem gebracht hat. Wir wollen uns auf das Weihnachtsfest vorbereiten, indem wir die T\u00fcr unseres Herzens weit \u00f6ffnen, um niemanden auszuschlie\u00dfen. Der Herr segne euch und eure Familien. <a href=\"http:\/\/w2.vatican.va\/content\/francesco\/de\/audiences\/2015\/documents\/papa-francesco_20151216_udienza-generale.html\" target=\"_blank\" rel=\"noopener\"><u><span style=\"color: #0066cc;\">\u00a9 Copyright &#8211; Libreria Editrice Vaticana<\/span><\/u><\/a>\u00a0\u00a0(inkl. Video mit Silverlight)<\/p>\n<h2 id=\"hinweise\"><strong>Weitere Hinweise und Quellen<\/strong><\/h2>\n<ul>\n<li>Radio Vatikan: <a href=\"http:\/\/de.radiovaticana.va\/news\/2015\/12\/16\/offene_pforten_%E2%80%93_offene_herzen\/1194731\" target=\"_blank\" rel=\"noopener\">Audiodokument 1194731<\/a><\/li>\n<li>Radio Horeb: <a href=\"http:\/\/www.horeb.org\/xyz\/podcast\/papstaudienz\/20151216audienz.mp3\" target=\"_blank\" rel=\"noopener\">Podcast zur Generalaudienz vom 16. Dezember 2015<\/a><\/li>\n<li>Agentur Zenit (Link vergriffen): Katechese von Papst Franziskus w\u00e4hrend der Generalaudienz am 16. Dezember 2015<\/li>\n<li><a href=\"https:\/\/website.ifit.li\/?p=6460\" target=\"_blank\" rel=\"noopener\">Die g\u00f6ttliche Barmherzigkeit \u00fcberstrahlt das Dunkel der S\u00fcnde<\/a><\/li>\n<li><a href=\"https:\/\/website.ifit.li\/?p=6441\" target=\"_blank\" rel=\"noopener\"><u><span style=\"color: #0066cc;\">Der Sieg der Liebe Christi schliesst alles ein in die Barmherzigkeit des Vaters<\/span><\/u><\/a><\/li>\n<li><a href=\"https:\/\/website.ifit.li\/?p=6264\" target=\"_blank\" rel=\"noopener\"><u><span style=\"color: #0066cc;\">Wer ist die T\u00fcr Gottes? Jesus Christus!<\/span><\/u><\/a><\/li>\n<li><a href=\"https:\/\/website.ifit.li\/?p=6325\" target=\"_blank\" rel=\"noopener\"><u><span style=\"color: #0066cc;\">Erste Heilige Pforte zum Jahr der Barmherzigkeit in Bangui ge\u00f6ffnet<\/span><\/u><\/a><\/li>\n<li><a href=\"https:\/\/website.ifit.li\/?p=6248\" target=\"_blank\" rel=\"noopener\"><u><span style=\"color: #0066cc;\">Das ausserordentliche Jubeljahr der Barmherzigkeit<\/span><\/u><\/a><\/li>\n<li><a title=\"Kostenfreie Anmeldung gilt f\u00fcr acht Veranstaltungen mit besonderem Besucherandrang und soll die Planung und Steuerung erleichtern \u2013 Last Minute-Registrierung f\u00fcr noch verf\u00fcgbare Pl\u00e4tze im \u201eWillkommenszentrum\u201c auf der Via della Conciliazione.\" href=\"http:\/\/www.im.va\/content\/gdm\/de.html\" target=\"_blank\" rel=\"noopener\"><u><span style=\"color: #0066cc;\">Vatikan \u2013 Jubil\u00e4um der Barmherzigkeit<\/span><\/u><\/a><\/li>\n<li>\u21d2 <a href=\"https:\/\/website.ifit.li\/?p=8253\" target=\"_blank\" rel=\"noopener\">Zur\u00fcck zur \u00dcbersicht<\/a><\/li>\n<\/ul>\n","protected":false},"excerpt":{"rendered":"<p>Die Kirche ist zutiefst Gemeinschaft, die auf der Liebe des gekreuzigten Christus zu den Menschen gr\u00fcndet (II. Vat. Konzil) Am Mittwoch, 16. Dezember 2015, sagte Papst Franziskus\u00a0bei der Generalaudienz vor Tausenden von Pilgern, dass das Heilige Jahr ganz im Zeichen des Zweiten Vatikanischen Konzils stehe und die Kirche eine universale Gemeinschaft sei. Bei strahlendem Sonnenschein &hellip; <a href=\"https:\/\/website.ifit.li\/?p=6507\" class=\"more-link\"><span class=\"screen-reader-text\">Christus ist diese heilige Pforte und der Eintritt kostet nichts!<\/span> weiterlesen <span class=\"meta-nav\">&rarr;<\/span><\/a><\/p>\n","protected":false},"author":1,"featured_media":6514,"comment_status":"closed","ping_status":"open","sticky":false,"template":"","format":"standard","meta":{"footnotes":""},"categories":[2],"tags":[129,217,191,104,58],"class_list":["post-6507","post","type-post","status-publish","format-standard","has-post-thumbnail","hentry","category-kirche","tag-barmherzigkeit","tag-christentum","tag-jahr-der-barmherzigkeit","tag-katechese","tag-papst-franziskus"],"_links":{"self":[{"href":"https:\/\/website.ifit.li\/index.php?rest_route=\/wp\/v2\/posts\/6507","targetHints":{"allow":["GET"]}}],"collection":[{"href":"https:\/\/website.ifit.li\/index.php?rest_route=\/wp\/v2\/posts"}],"about":[{"href":"https:\/\/website.ifit.li\/index.php?rest_route=\/wp\/v2\/types\/post"}],"author":[{"embeddable":true,"href":"https:\/\/website.ifit.li\/index.php?rest_route=\/wp\/v2\/users\/1"}],"replies":[{"embeddable":true,"href":"https:\/\/website.ifit.li\/index.php?rest_route=%2Fwp%2Fv2%2Fcomments&post=6507"}],"version-history":[{"count":13,"href":"https:\/\/website.ifit.li\/index.php?rest_route=\/wp\/v2\/posts\/6507\/revisions"}],"predecessor-version":[{"id":38840,"href":"https:\/\/website.ifit.li\/index.php?rest_route=\/wp\/v2\/posts\/6507\/revisions\/38840"}],"wp:featuredmedia":[{"embeddable":true,"href":"https:\/\/website.ifit.li\/index.php?rest_route=\/wp\/v2\/media\/6514"}],"wp:attachment":[{"href":"https:\/\/website.ifit.li\/index.php?rest_route=%2Fwp%2Fv2%2Fmedia&parent=6507"}],"wp:term":[{"taxonomy":"category","embeddable":true,"href":"https:\/\/website.ifit.li\/index.php?rest_route=%2Fwp%2Fv2%2Fcategories&post=6507"},{"taxonomy":"post_tag","embeddable":true,"href":"https:\/\/website.ifit.li\/index.php?rest_route=%2Fwp%2Fv2%2Ftags&post=6507"}],"curies":[{"name":"wp","href":"https:\/\/api.w.org\/{rel}","templated":true}]}}