{"id":6460,"date":"2015-12-09T23:15:59","date_gmt":"2015-12-09T22:15:59","guid":{"rendered":"https:\/\/website.ifit.li\/?p=6460"},"modified":"2021-06-18T15:35:39","modified_gmt":"2021-06-18T13:35:39","slug":"die-goettliche-barmherzigkeit-ueberstrahlt-das-dunkel-der-suende","status":"publish","type":"post","link":"https:\/\/website.ifit.li\/?p=6460","title":{"rendered":"Die g\u00f6ttliche Barmherzigkeit \u00fcberstrahlt das Dunkel der S\u00fcnde"},"content":{"rendered":"<h2>Die Barmherzigkeit Gottes ver\u00e4ndert die Welt und auch die Kirche<\/h2>\n<p><span id=\"testo-articolo\"><img data-opt-id=268388314  fetchpriority=\"high\" decoding=\"async\" class=\"alignleft wp-image-6273 size-full\" src=\"https:\/\/ml2mintiuscj.i.optimole.com\/w:auto\/h:auto\/q:mauto\/f:best\/https:\/\/website.ifit.li\/wp-content\/uploads\/2015\/11\/Genealaudienz-mit-Papst-Franziskus.jpg\" alt=\"Bild: L'Osservatore Romano\" width=\"266\" height=\"189\" \/>Am Mittwoch, 9. Dezember 2015, sagte Papst Franziskus\u00a0bei der Generalaudienz, dass im Heiligen Jahr die Kirche und jeder einzelne Gl\u00e4ubige aufgerufen sei, sich neu an der Barmherzigkeit Gottes zu orientieren. Nachdem er Tags zuvor die\u00a0Heilige Pforte in Sankt Peter und eine Woche zuvor die\u00a0Heilige Pforte der Kathedrale von Bangui in der Zentralafrikanischen Republik ge\u00f6ffnet habe, wolle er w\u00e4hrend dieser Generalaudienz dar\u00fcber reflektieren, was der Sinn eines solchen Heiligen Jahres sei.<\/span><!--more--><\/p>\n<p><span id=\"testo-articolo\">Die Kirche brauche diese au\u00dferordentliche Zeit, weil sie in Zeiten tiefgreifenden Wandels gerufen sei, neu sichtbar Zeugnis abzulegen f\u00fcr die Anwesenheit und N\u00e4he Gottes, so der Papst. \u201eWenn wir die g\u00f6ttliche Barmherzigkeit bedenken, die alle menschlichen Grenzen \u00fcbersteigt und die alle Dunkelheit der S\u00fcnde \u00fcberstrahlt, dann k\u00f6nnen wir \u00fcberzeugendere und wirkungsvollere Zeugen werden.\u201c Als Einleitung h\u00f6rten die Pilger auf dem Petersplatz und in den Online-Medien eine Kurzlesung aus dem ersten Brief des Apostels Paulus an die Korinther:<\/span><\/p>\n<blockquote>\n<div id=\"b27ref46001023\" class=\"v46001023 verse highlight\">Wir dagegen verk\u00fcndigen Christus als den Gekreuzigten: f\u00fcr Juden ein emp\u00f6rendes \u00c4rgernis, f\u00fcr Heiden eine Torheit,\u00a0f\u00fcr die Berufenen aber, Juden wie Griechen, Christus, Gottes Kraft und Gottes Weisheit.\u00a0Denn das T\u00f6richte an Gott ist weiser als die Menschen und das Schwache an Gott ist st\u00e4rker als die Menschen. (<a href=\"http:\/\/www.bibleserver.com\/text\/EU\/1.Korinther1.23-25\" target=\"_blank\" rel=\"noopener noreferrer\">1 Kor 1,23-25<\/a>)<\/div>\n<\/blockquote>\n<h3 class=\"v43010009 verse highlight\">Zusammenfassung der Katechese von Papst Franziskus vom 9. Dezember 2015<\/h3>\n<p>Liebe Br\u00fcder und Schwestern, gestern habe ich die Heilige Pforte der Petersbasilika ge\u00f6ffnet, die Pforte des Jubil\u00e4umsjahres der Barmherzigkeit. Warum feiern wir dieses Heilige Jahr der Barmherzigkeit? Die Kirche und wir alle brauchen dieses Jahr, das uns die Gegenwart und N\u00e4he Gottes besonders zeigt, wir brauchen seine g\u00f6ttliche Barmherzigkeit, die das Dunkel der S\u00fcnde \u00fcberstrahlt. Die Barmherzigkeit zeigt einen ganz wesentlichen Aspekt des Evangeliums auf: Jesus Christus, die menschgewordene Barmher\u00adzigkeit, offenbart uns die Liebe des dreifaltigen Gottes. Das Heilige Jahr ruft uns auf, das Geschenk der Barmherzigkeit neu zu leben. Lassen wir uns von der milden Vergebung Gottes ber\u00fchren. Dann werden auch wir tiefer verstehen, was \u201eGott am meisten gef\u00e4llt\u201c: einander vergeben und Barmherzigkeit erweisen. In diesem Sinne vermittelt uns auch jede Erneuerung der kirchlichen Einrichtungen und Strukturen eine lebendige Erfahrung der g\u00f6ttlichen Barmherzigkeit. Das Geschenk der Barmherzigkeit Gottes breite sich durch uns aus, hinein in die ganze Gesellschaft, die verschiedenen Institutionen, die Arbeitsstellen und Familien. Die Gabe der Barmherzigkeit f\u00fchrt uns dazu, Gutes zu tun. Sie befreit uns von der Eigenliebe und \u00f6ffnet uns f\u00fcr die wirkliche Liebe. In diesem Licht werden wir uns selbst als S\u00fcnder erkennen und bekennen, damit wir die g\u00f6ttliche Barmherzigkeit erfahren. Die Barmherzigkeit Gottes ver\u00e4ndert die Welt! \u00a9 Copyright \u2013 Libreria Editrice Vaticana<\/p>\n<h3>F\u00fcr die deutschsprachigen Pilger wurden folgende Gru\u00dfworte auf Italienisch verlesen:<\/h3>\n<p>Einen herzlichen Gru\u00df richte ich an alle Pilger deutscher Sprache, insbesondere an die Mitglieder und Freunde der Sch\u00f6nstatt-Bewegung. In diesem au\u00dferordentlichen Heiligen Jahr schauen wir auch auf Maria, die Mutter der Barmherzigkeit. Die selige Jungfrau hat uns Jesus, die Quelle der Barmherzigkeit, geschenkt. Maria f\u00fchre uns zur Begegnung mit dem barmherzigen Jesus. Gott segne euch alle. \u00a9 Copyright &#8211; Libreria Editrice Vaticana<\/p>\n<h2 id=\"hinweise\"><strong>Weitere Hinweise und Quellen<\/strong><\/h2>\n<ul>\n<li>Radio Vatikan (Link vergriffen): <a href=\"http:\/\/de.radiovaticana.va\/news\/2015\/12\/09\/generalaudienz_zum_heiligen_jahr_welt_und_kirche_ver%C3%A4ndern\/1192987\" target=\"_blank\" rel=\"noopener noreferrer\">Audiodokument 1192987<\/a><\/li>\n<li>Radio Horeb: <a href=\"http:\/\/www.horeb.org\/xyz\/podcast\/papstaudienz\/20151209audienz.mp3\" target=\"_blank\" rel=\"noopener noreferrer\">Podcast zur Generalaudienz vom 9. Dezember 2015<\/a><\/li>\n<li>Agentur Zenit: <a href=\"https:\/\/zenit.org\/articles\/general-audience-on-holy-year-of-mercy\/\" target=\"_blank\" rel=\"noopener noreferrer\">Katechese von Papst Franziskus w\u00e4hrend der Generalaudienz am 9. Dezember 2015<\/a><\/li>\n<li><a href=\"https:\/\/website.ifit.li\/?p=6441\" target=\"_blank\" rel=\"noopener noreferrer\">Der Sieg der Liebe Christi schliesst alles ein in die Barmherzigkeit des Vaters<\/a><\/li>\n<li><a href=\"https:\/\/website.ifit.li\/?p=6264\" target=\"_blank\" rel=\"noopener noreferrer\">Wer ist die T\u00fcr Gottes? Jesus Christus!<\/a><\/li>\n<li><a href=\"https:\/\/website.ifit.li\/?p=6325\" target=\"_blank\" rel=\"noopener noreferrer\">Erste Heilige Pforte zum Jahr der Barmherzigkeit in Bangui ge\u00f6ffnet<\/a><\/li>\n<li><a href=\"https:\/\/website.ifit.li\/?p=6248\" target=\"_blank\" rel=\"noopener noreferrer\"><u><span style=\"color: #0066cc;\">Das ausserordentliche Jubeljahr der Barmherzigkeit<\/span><\/u><\/a><\/li>\n<li><a title=\"Kostenfreie Anmeldung gilt f\u00fcr acht Veranstaltungen mit besonderem Besucherandrang und soll die Planung und Steuerung erleichtern \u2013 Last Minute-Registrierung f\u00fcr noch verf\u00fcgbare Pl\u00e4tze im \u201eWillkommenszentrum\u201c auf der Via della Conciliazione.\" href=\"http:\/\/www.im.va\/content\/gdm\/de.html\" target=\"_blank\" rel=\"noopener noreferrer\"><u>Vatikan \u2013 Jubil\u00e4um der Barmherzigkeit<\/u><\/a><\/li>\n<li>\u21d2 <a href=\"https:\/\/website.ifit.li\/?p=8253\" target=\"_blank\" rel=\"noopener noreferrer\">Zur\u00fcck zur \u00dcbersicht<\/a><\/li>\n<\/ul>\n","protected":false},"excerpt":{"rendered":"<p>Die Barmherzigkeit Gottes ver\u00e4ndert die Welt und auch die Kirche Am Mittwoch, 9. Dezember 2015, sagte Papst Franziskus\u00a0bei der Generalaudienz, dass im Heiligen Jahr die Kirche und jeder einzelne Gl\u00e4ubige aufgerufen sei, sich neu an der Barmherzigkeit Gottes zu orientieren. Nachdem er Tags zuvor die\u00a0Heilige Pforte in Sankt Peter und eine Woche zuvor die\u00a0Heilige Pforte &hellip; <a href=\"https:\/\/website.ifit.li\/?p=6460\" class=\"more-link\"><span class=\"screen-reader-text\">Die g\u00f6ttliche Barmherzigkeit \u00fcberstrahlt das Dunkel der S\u00fcnde<\/span> weiterlesen <span class=\"meta-nav\">&rarr;<\/span><\/a><\/p>\n","protected":false},"author":1,"featured_media":6468,"comment_status":"closed","ping_status":"open","sticky":false,"template":"","format":"standard","meta":{"footnotes":""},"categories":[2],"tags":[129,191,104,31,58,167,219],"class_list":["post-6460","post","type-post","status-publish","format-standard","has-post-thumbnail","hentry","category-kirche","tag-barmherzigkeit","tag-jahr-der-barmherzigkeit","tag-katechese","tag-liebe","tag-papst-franziskus","tag-suende","tag-weisheit"],"_links":{"self":[{"href":"https:\/\/website.ifit.li\/index.php?rest_route=\/wp\/v2\/posts\/6460","targetHints":{"allow":["GET"]}}],"collection":[{"href":"https:\/\/website.ifit.li\/index.php?rest_route=\/wp\/v2\/posts"}],"about":[{"href":"https:\/\/website.ifit.li\/index.php?rest_route=\/wp\/v2\/types\/post"}],"author":[{"embeddable":true,"href":"https:\/\/website.ifit.li\/index.php?rest_route=\/wp\/v2\/users\/1"}],"replies":[{"embeddable":true,"href":"https:\/\/website.ifit.li\/index.php?rest_route=%2Fwp%2Fv2%2Fcomments&post=6460"}],"version-history":[{"count":16,"href":"https:\/\/website.ifit.li\/index.php?rest_route=\/wp\/v2\/posts\/6460\/revisions"}],"predecessor-version":[{"id":36995,"href":"https:\/\/website.ifit.li\/index.php?rest_route=\/wp\/v2\/posts\/6460\/revisions\/36995"}],"wp:featuredmedia":[{"embeddable":true,"href":"https:\/\/website.ifit.li\/index.php?rest_route=\/wp\/v2\/media\/6468"}],"wp:attachment":[{"href":"https:\/\/website.ifit.li\/index.php?rest_route=%2Fwp%2Fv2%2Fmedia&parent=6460"}],"wp:term":[{"taxonomy":"category","embeddable":true,"href":"https:\/\/website.ifit.li\/index.php?rest_route=%2Fwp%2Fv2%2Fcategories&post=6460"},{"taxonomy":"post_tag","embeddable":true,"href":"https:\/\/website.ifit.li\/index.php?rest_route=%2Fwp%2Fv2%2Ftags&post=6460"}],"curies":[{"name":"wp","href":"https:\/\/api.w.org\/{rel}","templated":true}]}}