{"id":6362,"date":"2012-12-16T19:18:34","date_gmt":"2012-12-16T18:18:34","guid":{"rendered":"https:\/\/website.ifit.li\/?p=6362"},"modified":"2023-07-12T17:01:27","modified_gmt":"2023-07-12T15:01:27","slug":"in-der-taufe-ist-uns-der-hl-geist-geschenkt-dessen-liebe-wir-uns-nur-zu-oeffnen-brauchen","status":"publish","type":"post","link":"https:\/\/website.ifit.li\/?p=6362","title":{"rendered":"In der Taufe ist uns der Hl. Geist geschenkt, dessen Liebe wir uns nur zu \u00f6ffnen brauchen"},"content":{"rendered":"<h2>Angelus zum dritten Advent vom emer.\u00a0Papst Benedikt XVI.<\/h2>\n<figure id=\"attachment_4737\" aria-describedby=\"caption-attachment-4737\" style=\"width: 150px\" class=\"wp-caption alignleft\"><a href=\"https:\/\/ml2mintiuscj.i.optimole.com\/w:auto\/h:auto\/q:mauto\/f:best\/https:\/\/website.ifit.li\/wp-content\/uploads\/2015\/01\/Papst-Benedikt-XVI.-300-dpi-e1449153974846.jpg\"><img data-opt-id=723583984  fetchpriority=\"high\" decoding=\"async\" class=\"size-full wp-image-4737\" src=\"https:\/\/ml2mintiuscj.i.optimole.com\/w:auto\/h:auto\/q:mauto\/f:best\/https:\/\/website.ifit.li\/wp-content\/uploads\/2015\/01\/Papst-Benedikt-XVI.-300-dpi-e1449153974846.jpg\" alt=\"Em. Papst Benedikt XVI.\" width=\"150\" height=\"232\" \/><\/a><figcaption id=\"caption-attachment-4737\" class=\"wp-caption-text\">Benedikt XVI. Anno domini 2005<\/figcaption><\/figure>\n<p>Zw\u00f6lf M\u00e4dchen und acht Jungen, alle zwischen sechs und sieben Jahren alt, dazu sechs Frauen \u2013 alle umgebracht von einem bewaffneten 20-J\u00e4hrigen an einer Grundschule in den USA. Das Massaker an der Ostk\u00fcste war einer der schlimmsten Amokl\u00e4ufe in der US-Geschichte; auch der Papst hat am Samstag in einem Telegramm den Angeh\u00f6rigen und Freunden der Opfer kondoliert. An diesem Sonntag, beim Angelusgebet in Rom, kam Benedikt XVI. erneut auf den Amoklauf zu sprechen. Papst Benedikt XVI. betete beim Angelus am Sonntag, 16. Dezember 2012, f\u00fcr die Opfer des Amoklaufs in den USA.<\/p>\n<audio class=\"wp-audio-shortcode\" id=\"audio-6362-1\" preload=\"none\" style=\"width: 100%;\" controls=\"controls\"><source type=\"audio\/mpeg\" src=\"https:\/\/website.ifit.li\/wp-content\/uploads\/2012\/12\/2012-12-16-Angelus-zum-dritten-Advent-1.mp3?_=1\" \/><a href=\"https:\/\/website.ifit.li\/wp-content\/uploads\/2012\/12\/2012-12-16-Angelus-zum-dritten-Advent-1.mp3\">https:\/\/website.ifit.li\/wp-content\/uploads\/2012\/12\/2012-12-16-Angelus-zum-dritten-Advent-1.mp3<\/a><\/audio>\n<p><!--more-->Auf englisch sagte er:<\/p>\n<blockquote><p>\u201eIch bin tief betr\u00fcbt \u00fcber die sinnlose Gewalt vom Freitag in Newtown im Bundesstaat Connecticut. Den Familien der Opfer, vor allem denen, die ein Kind verloren haben, versichere ich, dass ich ihnen im Gebet nahe bin. M\u00f6ge der Gott allen Trostes ihre Herzen anr\u00fchren und ihre Schmerzen lindern! Lasst uns alle in diesem Advent noch st\u00e4rker beten und Gesten des Friedens tun. \u00dcber alle, die von dieser Trag\u00f6die betroffen sind, rufe ich Gottes reichen Segen herab.\u201d<\/p><\/blockquote>\n<p>Jesus bringe den Hl. Geist, der uns unsere S\u00fcnden von Gott her zeigen werde. Ansonsten besch\u00e4ftigte sich der Papst bei seiner Meditation zum Angelus mit den liturgischen Texten dieses 3. Adventssonntags, des Sonntags Gaudete.<\/p>\n<blockquote><p>\u201eIm heutigen Evangelium h\u00f6ren wir von Johannes dem T\u00e4ufer, der auf den Gr\u00f6\u00dferen hinweist, der nach ihm kommen wird. Dieser bringt den Heiligen Geist, der uns unsere S\u00fcnden von Gott her zeigen wird und sie in seinem Feuer verbrennt. In der Taufe ist uns der Heilige Geist geschenkt, dessen Liebe wir uns nur zu \u00f6ffnen brauchen. Euch allen w\u00fcnsche ich eine gesegnete Zeit der Vorbereitung auf das Fest der Geburt Christi.\u201d<\/p><\/blockquote>\n<h3>Weitere Hinweise und Quellen<\/h3>\n<ul>\n<li>iFIT Kirchenportal (Archiv) MP3:\u00a0<a href=\"https:\/\/website.ifit.li\/wp-content\/uploads\/2012\/12\/2012-12-16-Angelus-zum-dritten-Advent-1.mp3\" target=\"_blank\" rel=\"noopener\">Angelus zum dritten Advent vom 16. Dezember 2012<\/a><\/li>\n<li>Radio Vatikan Audiodokument (Link vergriffen): <u><span style=\"color: #0066cc;\">Stefan v. Kempis, Artikel 648055<\/span><\/u><\/li>\n<li>Angelus zum ersten Advent 2012: <a href=\"https:\/\/website.ifit.li\/?p=6344\" target=\"_blank\" rel=\"noopener\"><u><span style=\"color: #0066cc;\">Warten auf Gott mit N\u00fcchternheit und Gebet<\/span><\/u><\/a><\/li>\n<li>Angelus zum zweiten Advent 2012: <a href=\"https:\/\/website.ifit.li\/?p=6353\" target=\"_blank\" rel=\"noopener\"><u><span style=\"color: #0066cc;\">Gottes Sohn bringt wirklich Frieden, Leben und wahre Freude<\/span><\/u><\/a><\/li>\n<li>Angelus zum vierten Advent 2012: <a href=\"https:\/\/website.ifit.li\/?p=6367\" target=\"_blank\" rel=\"noopener\"><u><span style=\"color: #0066cc;\">Gott kommt in die Welt, wird einer von uns Menschen f\u00fcr Frieden und Heil<\/span><\/u><\/a><\/li>\n<\/ul>\n","protected":false},"excerpt":{"rendered":"<p>Angelus zum dritten Advent vom emer.\u00a0Papst Benedikt XVI. Zw\u00f6lf M\u00e4dchen und acht Jungen, alle zwischen sechs und sieben Jahren alt, dazu sechs Frauen \u2013 alle umgebracht von einem bewaffneten 20-J\u00e4hrigen an einer Grundschule in den USA. Das Massaker an der Ostk\u00fcste war einer der schlimmsten Amokl\u00e4ufe in der US-Geschichte; auch der Papst hat am Samstag &hellip; <a href=\"https:\/\/website.ifit.li\/?p=6362\" class=\"more-link\"><span class=\"screen-reader-text\">In der Taufe ist uns der Hl. Geist geschenkt, dessen Liebe wir uns nur zu \u00f6ffnen brauchen<\/span> weiterlesen <span class=\"meta-nav\">&rarr;<\/span><\/a><\/p>\n","protected":false},"author":1,"featured_media":6365,"comment_status":"closed","ping_status":"open","sticky":false,"template":"","format":"standard","meta":{"footnotes":""},"categories":[2],"tags":[67,372,280,279,103,31,88,167,61],"class_list":["post-6362","post","type-post","status-publish","format-standard","has-post-thumbnail","hentry","category-kirche","tag-advent","tag-angelus","tag-gott-sohn-jesus-christus","tag-gott-heiliger-geist","tag-jahr-des-glaubens","tag-liebe","tag-papst-benedikt-xvi","tag-suende","tag-taufe"],"_links":{"self":[{"href":"https:\/\/website.ifit.li\/index.php?rest_route=\/wp\/v2\/posts\/6362","targetHints":{"allow":["GET"]}}],"collection":[{"href":"https:\/\/website.ifit.li\/index.php?rest_route=\/wp\/v2\/posts"}],"about":[{"href":"https:\/\/website.ifit.li\/index.php?rest_route=\/wp\/v2\/types\/post"}],"author":[{"embeddable":true,"href":"https:\/\/website.ifit.li\/index.php?rest_route=\/wp\/v2\/users\/1"}],"replies":[{"embeddable":true,"href":"https:\/\/website.ifit.li\/index.php?rest_route=%2Fwp%2Fv2%2Fcomments&post=6362"}],"version-history":[{"count":10,"href":"https:\/\/website.ifit.li\/index.php?rest_route=\/wp\/v2\/posts\/6362\/revisions"}],"predecessor-version":[{"id":38046,"href":"https:\/\/website.ifit.li\/index.php?rest_route=\/wp\/v2\/posts\/6362\/revisions\/38046"}],"wp:featuredmedia":[{"embeddable":true,"href":"https:\/\/website.ifit.li\/index.php?rest_route=\/wp\/v2\/media\/6365"}],"wp:attachment":[{"href":"https:\/\/website.ifit.li\/index.php?rest_route=%2Fwp%2Fv2%2Fmedia&parent=6362"}],"wp:term":[{"taxonomy":"category","embeddable":true,"href":"https:\/\/website.ifit.li\/index.php?rest_route=%2Fwp%2Fv2%2Fcategories&post=6362"},{"taxonomy":"post_tag","embeddable":true,"href":"https:\/\/website.ifit.li\/index.php?rest_route=%2Fwp%2Fv2%2Ftags&post=6362"}],"curies":[{"name":"wp","href":"https:\/\/api.w.org\/{rel}","templated":true}]}}