{"id":6353,"date":"2012-12-09T19:22:46","date_gmt":"2012-12-09T18:22:46","guid":{"rendered":"https:\/\/website.ifit.li\/?p=6353"},"modified":"2021-06-19T14:46:14","modified_gmt":"2021-06-19T12:46:14","slug":"gottes-sohn-bringt-wirklich-frieden-leben-und-wahre-freude","status":"publish","type":"post","link":"https:\/\/website.ifit.li\/?p=6353","title":{"rendered":"Gottes Sohn bringt wirklich Frieden, Leben und wahre Freude"},"content":{"rendered":"<h2>Angelus zum zweiten Advent vom em.\u00a0Papst Benedikt XVI.<\/h2>\n<figure id=\"attachment_4737\" aria-describedby=\"caption-attachment-4737\" style=\"width: 150px\" class=\"wp-caption alignleft\"><a href=\"https:\/\/ml2mintiuscj.i.optimole.com\/w:auto\/h:auto\/q:mauto\/f:best\/https:\/\/website.ifit.li\/wp-content\/uploads\/2015\/01\/Papst-Benedikt-XVI.-300-dpi-e1449153974846.jpg\"><img data-opt-id=723583984  fetchpriority=\"high\" decoding=\"async\" class=\"size-full wp-image-4737\" src=\"https:\/\/ml2mintiuscj.i.optimole.com\/w:auto\/h:auto\/q:mauto\/f:best\/https:\/\/website.ifit.li\/wp-content\/uploads\/2015\/01\/Papst-Benedikt-XVI.-300-dpi-e1449153974846.jpg\" alt=\"Em. Papst Benedikt XVI.\" width=\"150\" height=\"232\" \/><\/a><figcaption id=\"caption-attachment-4737\" class=\"wp-caption-text\">Benedikt XVI. Anno domini 2005<\/figcaption><\/figure>\n<p>In seiner Ansprache nach dem Angelusgebet am zweiten Adventssonntag, 9. Dezember 2012,\u00a0hat der damalige Papst Benedikt in franz\u00f6sischer Sprache dazu aufgerufen, Solidarit\u00e4t mit Migranten zu zeigen, die sich aus verschiedensten Gr\u00fcnden dazu gezwungen sehen, ihre angestammte Heimat zu verlassen:<\/p>\n<blockquote><p>\u201eDer Advent l\u00e4dt uns dazu ein, den Herrn zu treffen, und uns folglich auf den Weg zu machen. Diese Realit\u00e4t ist den Menschen wohl bekannt, die dazu gezwungen sind, ihre Region aus verschiedenen Gr\u00fcnden zu verlassen, darunter die Kriege oder die Armut. Migranten kennen die Ungewissheit und treffen h\u00e4ufig auf wenig Verst\u00e4ndnis. M\u00f6gen sie wohl aufgenommen werden und eine w\u00fcrdige Existenz f\u00fchren! M\u00f6ge ihnen in dieser Vorweihnachtszeit br\u00fcderliche und freudige Solidarit\u00e4t zu Hilfe kommen und ihre Hoffnung aufrecht erhalten!\u201d<\/p>\n<audio class=\"wp-audio-shortcode\" id=\"audio-6353-1\" preload=\"none\" style=\"width: 100%;\" controls=\"controls\"><source type=\"audio\/mpeg\" src=\"https:\/\/website.ifit.li\/wp-content\/uploads\/2012\/12\/2012-12-09-Angelus-zum-zweiten-Advent-1.mp3?_=1\" \/><a href=\"https:\/\/website.ifit.li\/wp-content\/uploads\/2012\/12\/2012-12-09-Angelus-zum-zweiten-Advent-1.mp3\">https:\/\/website.ifit.li\/wp-content\/uploads\/2012\/12\/2012-12-09-Angelus-zum-zweiten-Advent-1.mp3<\/a><\/audio><\/blockquote>\n<p><!--more--><\/p>\n<p>In seinem Angelus hatte Papst Benedikt XVI. zuvor Bezug auf das Evangelium des zweiten Adventssonntags genommen, das von Johannes dem T\u00e4ufer berichtet. Johannes der T\u00e4ufer, so Papst Benedikt, werde bereits durch die Umst\u00e4nde seiner Empf\u00e4ngnis und seiner Geburt zu Christus in Relation gesetzt (vgl. Die Kindheitsgeschichten). Die Stimme Johannes des T\u00e4ufers rufe zwar das Wort aus, doch es sei Gottes Wort selbst, das in der W\u00fcste auf ihn herabkomme:<\/p>\n<blockquote><p>\u201eWir haben die Aufgabe, heute auf diese Stimme zu h\u00f6ren, um im Herzen Platz und Aufnahmef\u00e4higkeit f\u00fcr Christus, das Wort, das uns rettet, zu schaffen. Bereiten wir uns darauf vor, in dieser Adventszeit mit den Augen des Glaubens in der bescheidenen Grotte zu Bethlehem das Heil, das von Gott kommt, zu sehen (vgl. Lk 3,6). In der Konsumgesellschaft, in der man versucht ist, die Freude in weltlichen Dingen zu suchen, lehrt der T\u00e4ufer uns, in essentieller Weise zu leben, damit Weihnachten nicht nur wie ein \u00e4u\u00dferes Fest gelebt werde, sondern als Fest des Gottessohnes, der gekommen ist, um den Menschen den Frieden, das Leben und die wahre Freude zu bringen.\u201c<\/p><\/blockquote>\n<p>An die deutschsprachigen Pilger gewandt, erinnerte der Papst daran, dass das Sakrament der Vers\u00f6hnung ein Geschenk Gottes an uns sei, das stets aufs Neue zu empfangen sei:<\/p>\n<blockquote><p>\u201eGanz herzlich gr\u00fc\u00dfe ich die Pilger und Besucher deutscher Sprache. Das Evangelium des zweiten Adventssonntags berichtet von der Predigt des heiligen Johannes des T\u00e4ufers, der zu Umkehr und Vers\u00f6hnung mit Gott aufruft. Auch wir sind eingeladen, immer wieder das Geschenk der Vergebung von Gott zu empfangen, neue Menschen zu werden. Das Sakrament der Vers\u00f6hnung ist ein besonderer Ort, um dem barmherzigen Gott zu begegnen. Hier vergibt der Herr alle S\u00fcnden, hier heilt er unsere Verwundungen und macht alles gut. Jedes verzagte Herz nimmt er in seine H\u00e4nde und schenkt uns seinen Frieden und seine Freude. Gott segne euch alle!\u201d<\/p><\/blockquote>\n<h3>Weitere Hinweise und Quellen<\/h3>\n<ul>\n<li>iFIT Kirchenportal (Archiv) MP3:\u00a0<a href=\"https:\/\/website.ifit.li\/wp-content\/uploads\/2012\/12\/2012-12-09-Angelus-zum-zweiten-Advent-1.mp3\" target=\"_blank\" rel=\"noopener\">Angelus zum zweiten Advent vom 9. Dezember 2012 <\/a><\/li>\n<li>Radio Vatikan Audiodokument (Link vergriffen): <u><span style=\"color: #0066cc;\">C. Seuz,<\/span><span style=\"color: #0066cc;\">\u00a0Artikel 646015<\/span><\/u><\/li>\n<li>Angelus zum ersten Advent 2012: <a href=\"https:\/\/website.ifit.li\/?p=6344\" target=\"_blank\" rel=\"noopener\"><u><span style=\"color: #0066cc;\">Warten auf Gott mit N\u00fcchternheit und Gebet<\/span><\/u><\/a><\/li>\n<li>Angelus zum dritten Advent 2012: <a href=\"https:\/\/website.ifit.li\/?p=6362\" target=\"_blank\" rel=\"noopener\"><u><span style=\"color: #0066cc;\">In der Taufe ist uns der Hl. Geist geschenkt, dessen Liebe wir uns nur zu \u00f6ffnen brauchen<\/span><\/u><\/a><\/li>\n<li>Angelus zum vierten Advent 2012: <a href=\"https:\/\/website.ifit.li\/?p=6367\" target=\"_blank\" rel=\"noopener\"><u><span style=\"color: #0066cc;\">Gott kommt in die Welt, wird einer von uns Menschen f\u00fcr Frieden und Heil<\/span><\/u><\/a><\/li>\n<\/ul>\n","protected":false},"excerpt":{"rendered":"<p>Angelus zum zweiten Advent vom em.\u00a0Papst Benedikt XVI. In seiner Ansprache nach dem Angelusgebet am zweiten Adventssonntag, 9. Dezember 2012,\u00a0hat der damalige Papst Benedikt in franz\u00f6sischer Sprache dazu aufgerufen, Solidarit\u00e4t mit Migranten zu zeigen, die sich aus verschiedensten Gr\u00fcnden dazu gezwungen sehen, ihre angestammte Heimat zu verlassen: \u201eDer Advent l\u00e4dt uns dazu ein, den Herrn &hellip; <a href=\"https:\/\/website.ifit.li\/?p=6353\" class=\"more-link\"><span class=\"screen-reader-text\">Gottes Sohn bringt wirklich Frieden, Leben und wahre Freude<\/span> weiterlesen <span class=\"meta-nav\">&rarr;<\/span><\/a><\/p>\n","protected":false},"author":1,"featured_media":6356,"comment_status":"closed","ping_status":"open","sticky":false,"template":"","format":"standard","meta":{"footnotes":""},"categories":[2],"tags":[67,372,264,232,215,280,208,88,128,256,167],"class_list":["post-6353","post","type-post","status-publish","format-standard","has-post-thumbnail","hentry","category-kirche","tag-advent","tag-angelus","tag-evangelium","tag-freude","tag-friede","tag-gott-sohn-jesus-christus","tag-leben","tag-papst-benedikt-xvi","tag-sakrament","tag-solidaritaetsprinzip","tag-suende"],"_links":{"self":[{"href":"https:\/\/website.ifit.li\/index.php?rest_route=\/wp\/v2\/posts\/6353","targetHints":{"allow":["GET"]}}],"collection":[{"href":"https:\/\/website.ifit.li\/index.php?rest_route=\/wp\/v2\/posts"}],"about":[{"href":"https:\/\/website.ifit.li\/index.php?rest_route=\/wp\/v2\/types\/post"}],"author":[{"embeddable":true,"href":"https:\/\/website.ifit.li\/index.php?rest_route=\/wp\/v2\/users\/1"}],"replies":[{"embeddable":true,"href":"https:\/\/website.ifit.li\/index.php?rest_route=%2Fwp%2Fv2%2Fcomments&post=6353"}],"version-history":[{"count":13,"href":"https:\/\/website.ifit.li\/index.php?rest_route=\/wp\/v2\/posts\/6353\/revisions"}],"predecessor-version":[{"id":38030,"href":"https:\/\/website.ifit.li\/index.php?rest_route=\/wp\/v2\/posts\/6353\/revisions\/38030"}],"wp:featuredmedia":[{"embeddable":true,"href":"https:\/\/website.ifit.li\/index.php?rest_route=\/wp\/v2\/media\/6356"}],"wp:attachment":[{"href":"https:\/\/website.ifit.li\/index.php?rest_route=%2Fwp%2Fv2%2Fmedia&parent=6353"}],"wp:term":[{"taxonomy":"category","embeddable":true,"href":"https:\/\/website.ifit.li\/index.php?rest_route=%2Fwp%2Fv2%2Fcategories&post=6353"},{"taxonomy":"post_tag","embeddable":true,"href":"https:\/\/website.ifit.li\/index.php?rest_route=%2Fwp%2Fv2%2Ftags&post=6353"}],"curies":[{"name":"wp","href":"https:\/\/api.w.org\/{rel}","templated":true}]}}