{"id":6325,"date":"2015-12-02T19:10:47","date_gmt":"2015-12-02T18:10:47","guid":{"rendered":"https:\/\/website.ifit.li\/?p=6325"},"modified":"2021-10-23T15:26:01","modified_gmt":"2021-10-23T13:26:01","slug":"6325","status":"publish","type":"post","link":"https:\/\/website.ifit.li\/?p=6325","title":{"rendered":"Erste Heilige Pforte zum Jahr der Barmherzigkeit  in Bangui ge\u00f6ffnet"},"content":{"rendered":"<h2>Reise nach Afrika ist Einladung\u00a0zum au\u00dferordentlichen Heiligen Jahr der Barmherzigkeit<\/h2>\n<p><img data-opt-id=268388314  fetchpriority=\"high\" decoding=\"async\" class=\"alignleft wp-image-6273 size-full\" src=\"https:\/\/ml2mintiuscj.i.optimole.com\/w:auto\/h:auto\/q:mauto\/f:best\/https:\/\/website.ifit.li\/wp-content\/uploads\/2015\/11\/Genealaudienz-mit-Papst-Franziskus.jpg\" alt=\"Bild: Internet\" width=\"266\" height=\"189\" \/>In der Generalaudienz vom 2. Dezember 2015, zwei Tage nach seiner R\u00fcckkehr aus Afrika, hat Franziskus \u00fcber die Etappen seines Besuchs in Kenia, Uganda und Zentralafrika gesprochen. Dabei sei die Visite in der Zentralafrikanischen Republik seine erste Absicht dieser Reise gewesen, weil das Land versuche, aus einer schwierigen Situation der Gewalt und des Leids herauszukommen. Au\u00dferdem sprach Franziskus seine tiefe Bewunderung f\u00fcr Missionarinnen und Missionare aus, die Jahrzehnte ihres Lebens im Dienst an anderen zubringen und durch ihr Zeugnis wirken. Da der Papst des \u00d6fteren frei \u00fcber diese Erlebnisse geredet hat, ist es empfehlenswert, seine Ausf\u00fchrungen mit Hilfe des <a href=\"http:\/\/www.horeb.org\/xyz\/podcast\/papstaudienz\/20151202audienz.mp3\" target=\"_blank\" rel=\"noopener\">Podcast von Radio Horeb<\/a>\u00a0selbst zu h\u00f6ren.\u00a0 <!--more-->Ausgangspunkt f\u00fcr seine Katechese war die folgende Lesung aus dem Matth\u00e4usevangelium:<\/p>\n<blockquote><p>Jesus sagte zu seinen J\u00fcngern:\u00a0&#171;Mir ist alle Macht gegeben im Himmel und auf der Erde.\u00a0Darum geht zu allen V\u00f6lkern und macht alle Menschen zu meinen J\u00fcngern; tauft sie auf den Namen des Vaters und des Sohnes und des Heiligen Geistes,\u00a0und lehrt sie, alles zu befolgen, was ich euch geboten habe. Seid gewiss: Ich bin bei euch alle Tage bis zum Ende der Welt.&#187; (<a href=\"http:\/\/www.bibleserver.com\/text\/EU\/Matth%C3%A4us28.18-20\" target=\"_blank\" rel=\"noopener\">Mt 28,18-20<\/a>)<\/p><\/blockquote>\n<h3>Zusammenfassung der Katechese von Papst Franziskus vom 2. Dezember 2015<\/h3>\n<div class=\"testo\">\n<div class=\"text parbase vaticanrichtext\">\n<p>Liebe Br\u00fcder und Schwestern, voll Dankbarkeit darf ich auf meine Apostolische Reise nach Afrika zur\u00fcckblicken. Das erste Ziel \u2013 Kenia \u2013 steht stellvertretend f\u00fcr die globale Herausforderung unserer Zeit: die Sch\u00f6pfung bewahren durch neue Modelle einer gerechten, inklusiven und nachhaltigen Entwicklung. Gem\u00e4\u00df dem Leitwort <i>\u201eSeid stark im Glauben! Habt keine Angst!\u201c<\/i> wollte ich die Hoffnung des auferstandenen Herrn weitertragen. Diese Hoffnung haben auch die Studenten der Universit\u00e4t Garissa bezeugt, die um ihres christlichen Glaubens willen get\u00f6tet wurden. Ihr Blut sei Same des Friedens und der Br\u00fcderlichkeit f\u00fcr Kenia, Afrika und die ganze Welt. Der Besuch in Uganda stand im Zeichen der ugandischen M\u00e4rtyrer, die vor 50 Jahren heiliggesprochen wurden. Unter dem Motto <i>\u201eIhr werdet meine Zeugen sein\u201c<\/i> waren diese Tage gepr\u00e4gt von der Leidenschaft und der Vielfalt des Zeugnisses, zu dem der Heilige Geist uns alle als missionarische J\u00fcnger antreibt. Die letzte Etappe meiner Reise war die Zentral\u00adafrikanische Republik. Dieses Land befindet sich auf dem Weg heraus aus einer Zeit bewaffneter Konflikte und gro\u00dfen Leidens. Um nach dem Wort Jesu <i> \u201eans andere Ufer hin\u00fcberzufahren\u201c<\/i> (vgl. <a href=\"http:\/\/www.bibleserver.com\/text\/EU\/Lukas8.22\" target=\"_blank\" rel=\"noopener\"><i>Lk <\/i>8,22<\/a>), d.h. Krieg, Gewalt und Hass hinter sich zu lassen und Frieden aufzubauen, braucht es eine Umkehr der Gewissen und Einstellungen der Menschen. Deswegen habe ich in der Hauptstadt Bangui als Zeichen der Hoffnung f\u00fcr dieses gepr\u00fcfte Land und f\u00fcr ganz Afrika schon vorzeitig die erste Heilige Pforte des Jubil\u00e4ums der Barmherzigkeit ge\u00f6ffnet. So ist Bangui nun gleichsam \u201egeistliche Hauptstadt\u201c des Gebetes um die Barmherzigkeit des Vaters. <span style=\"color: #663300;\"><a href=\"http:\/\/w2.vatican.va\/content\/francesco\/de\/audiences\/2015\/documents\/papa-francesco_20151202_udienza-generale.html\" target=\"_blank\" rel=\"noopener\">\u00a9 Copyright &#8211; Libreria Editrice Vaticana<\/a><\/span><\/p>\n<h3>F\u00fcr die deutschsprachigen Pilger wurden folgende Gru\u00dfworte auf Italienisch verlesen:<\/h3>\n<p>Mit Freude hei\u00dfe ich die Br\u00fcder und Schwestern aus den L\u00e4ndern deutscher Sprache willkommen. Meine Reise nach Afrika am Vorabend des au\u00dferordentlichen Heiligen Jahres der Barmherzigkeit ist eine Einladung an uns alle, unseren missionarischen Eifer zu erneuern, um Jesus Christus nachzufolgen, der unsere Hoffnung, unser Friede und das Antlitz des barmherzigen Gottes ist. Sch\u00f6nen Aufenthalt in Rom und einen gesegneten Advent!\u00a0<span style=\"color: #663300;\"><a href=\"http:\/\/w2.vatican.va\/content\/francesco\/de\/audiences\/2015\/documents\/papa-francesco_20151202_udienza-generale.html\" target=\"_blank\" rel=\"noopener\">\u00a9 Copyright &#8211; Libreria Editrice Vaticana<\/a><\/span><\/p>\n<h2 id=\"hinweise\"><strong>Weitere Hinweise und Quellen<\/strong><\/h2>\n<ul>\n<li>Radio Vatikan: <a href=\"http:\/\/de.radiovaticana.va\/news\/2015\/12\/02\/generalaudienz_franziskus_h%C3%A4lt_r%C3%BCckschau_auf_afrika\/1191346\" target=\"_blank\" rel=\"noopener\">Audiodokument 1191346 von G. Sailer<\/a><\/li>\n<li><span style=\"color: #0066cc;\"><u>Radio Horeb:<\/u><\/span>\u00a0 <a href=\"http:\/\/www.horeb.org\/xyz\/podcast\/papstaudienz\/20151202audienz.mp3\" target=\"_blank\" rel=\"noopener\">Podcast zur Generalaudienz vom 2. Dezember 2015<\/a><\/li>\n<li>Agentur Zenit (Link vergriffen): Katechese von Papst Franziskus w\u00e4hrend der Generalaudienz am 2. Dezember 2015<\/li>\n<li><a href=\"https:\/\/website.ifit.li\/?p=6264\" target=\"_blank\" rel=\"noopener\">Wer ist die T\u00fcr Gottes? Jesus Christus!<\/a><\/li>\n<li><a href=\"https:\/\/website.ifit.li\/?p=6248\"><u><span style=\"color: #0066cc;\">Das ausserordentliche Jubeljahr der Barmherzigkeit<\/span><\/u><\/a><\/li>\n<li><a title=\"Kostenfreie Anmeldung gilt f\u00fcr acht Veranstaltungen mit besonderem Besucherandrang und soll die Planung und Steuerung erleichtern \u2013 Last Minute-Registrierung f\u00fcr noch verf\u00fcgbare Pl\u00e4tze im \u201eWillkommenszentrum\u201c auf der Via della Conciliazione.\" href=\"http:\/\/www.im.va\/content\/gdm\/de.html\" target=\"_blank\" rel=\"noopener\"><u><span style=\"color: #0066cc;\">Vatikan \u2013 Jubil\u00e4um der Barmherzigkeit<\/span><\/u><\/a><\/li>\n<\/ul>\n<\/div>\n<\/div>\n","protected":false},"excerpt":{"rendered":"<p>Reise nach Afrika ist Einladung\u00a0zum au\u00dferordentlichen Heiligen Jahr der Barmherzigkeit In der Generalaudienz vom 2. Dezember 2015, zwei Tage nach seiner R\u00fcckkehr aus Afrika, hat Franziskus \u00fcber die Etappen seines Besuchs in Kenia, Uganda und Zentralafrika gesprochen. Dabei sei die Visite in der Zentralafrikanischen Republik seine erste Absicht dieser Reise gewesen, weil das Land versuche, &hellip; <a href=\"https:\/\/website.ifit.li\/?p=6325\" class=\"more-link\"><span class=\"screen-reader-text\">Erste Heilige Pforte zum Jahr der Barmherzigkeit  in Bangui ge\u00f6ffnet<\/span> weiterlesen <span class=\"meta-nav\">&rarr;<\/span><\/a><\/p>\n","protected":false},"author":1,"featured_media":6334,"comment_status":"closed","ping_status":"open","sticky":false,"template":"","format":"standard","meta":{"footnotes":""},"categories":[2],"tags":[129,205,191,104,31,58],"class_list":["post-6325","post","type-post","status-publish","format-standard","has-post-thumbnail","hentry","category-kirche","tag-barmherzigkeit","tag-himmel","tag-jahr-der-barmherzigkeit","tag-katechese","tag-liebe","tag-papst-franziskus"],"_links":{"self":[{"href":"https:\/\/website.ifit.li\/index.php?rest_route=\/wp\/v2\/posts\/6325","targetHints":{"allow":["GET"]}}],"collection":[{"href":"https:\/\/website.ifit.li\/index.php?rest_route=\/wp\/v2\/posts"}],"about":[{"href":"https:\/\/website.ifit.li\/index.php?rest_route=\/wp\/v2\/types\/post"}],"author":[{"embeddable":true,"href":"https:\/\/website.ifit.li\/index.php?rest_route=\/wp\/v2\/users\/1"}],"replies":[{"embeddable":true,"href":"https:\/\/website.ifit.li\/index.php?rest_route=%2Fwp%2Fv2%2Fcomments&post=6325"}],"version-history":[{"count":17,"href":"https:\/\/website.ifit.li\/index.php?rest_route=\/wp\/v2\/posts\/6325\/revisions"}],"predecessor-version":[{"id":38869,"href":"https:\/\/website.ifit.li\/index.php?rest_route=\/wp\/v2\/posts\/6325\/revisions\/38869"}],"wp:featuredmedia":[{"embeddable":true,"href":"https:\/\/website.ifit.li\/index.php?rest_route=\/wp\/v2\/media\/6334"}],"wp:attachment":[{"href":"https:\/\/website.ifit.li\/index.php?rest_route=%2Fwp%2Fv2%2Fmedia&parent=6325"}],"wp:term":[{"taxonomy":"category","embeddable":true,"href":"https:\/\/website.ifit.li\/index.php?rest_route=%2Fwp%2Fv2%2Fcategories&post=6325"},{"taxonomy":"post_tag","embeddable":true,"href":"https:\/\/website.ifit.li\/index.php?rest_route=%2Fwp%2Fv2%2Ftags&post=6325"}],"curies":[{"name":"wp","href":"https:\/\/api.w.org\/{rel}","templated":true}]}}