{"id":6287,"date":"2015-11-27T17:05:40","date_gmt":"2015-11-27T16:05:40","guid":{"rendered":"https:\/\/website.ifit.li\/?p=6287"},"modified":"2021-10-23T12:07:04","modified_gmt":"2021-10-23T10:07:04","slug":"im-verfolgten-nigeria-gibt-es-tausende-von-christlichen-berufungen","status":"publish","type":"post","link":"https:\/\/website.ifit.li\/?p=6287","title":{"rendered":"Im verfolgten Nigeria gibt es Tausende von christlichen Berufungen"},"content":{"rendered":"<h2>Msgr. Obiora Ike aus Nigeria weilt vom 28. Nov. bis 7. Dez. 2015 in der Schweiz<\/h2>\n<p><a href=\"https:\/\/ml2mintiuscj.i.optimole.com\/w:auto\/h:auto\/q:mauto\/f:best\/https:\/\/website.ifit.li\/wp-content\/uploads\/2015\/03\/Obiora-Ike-Interview-1.jpg\"><img data-opt-id=1968857909  fetchpriority=\"high\" decoding=\"async\" class=\"alignleft wp-image-5233 \" src=\"https:\/\/ml2mintiuscj.i.optimole.com\/w:769\/h:1024\/q:mauto\/f:best\/https:\/\/website.ifit.li\/wp-content\/uploads\/2015\/03\/Obiora-Ike-Interview-1.jpg\" alt=\"Bild: Kirche in Not\" width=\"239\" height=\"318\" srcset=\"https:\/\/ml2mintiuscj.i.optimole.com\/w:769\/h:1024\/q:mauto\/f:best\/https:\/\/website.ifit.li\/wp-content\/uploads\/2015\/03\/Obiora-Ike-Interview-1.jpg 769w, https:\/\/ml2mintiuscj.i.optimole.com\/w:225\/h:300\/q:mauto\/f:best\/https:\/\/website.ifit.li\/wp-content\/uploads\/2015\/03\/Obiora-Ike-Interview-1.jpg 225w, https:\/\/ml2mintiuscj.i.optimole.com\/w:810\/h:1080\/q:mauto\/f:best\/https:\/\/website.ifit.li\/wp-content\/uploads\/2015\/03\/Obiora-Ike-Interview-1.jpg 1214w\" sizes=\"(max-width: 239px) 100vw, 239px\" \/><\/a>In Nigeria leben 165 Millionen Menschen. Das Land ist reich an Rohstoffen, doch von deren Verkauf profitiert nur eine kleine Elite. Zudem ist die Korruption weit verbreitet. Der aus Nigeria stammende Msgr. Obiora Ike setzt sich vehement f\u00fcr die verfolgten\u00a0 Christen in seinem Land ein. Tausende von Opfern unter Christen und Muslimen gehen in Nigeria auf das Konto der radikalislamischen Gruppierung Boko Haram, die seit vielen Jahren Angst und Schrecken verbreitet. Die Gewalt gegen Christen betrifft vor allem den Norden des afrikanischen Staates. <!--more-->Dort leben mehrheitlich Muslime. Die Christen bilden im Norden eine Minderheit. Der Norden des Landes ist arm, trocken, sittenstreng und voller Vorbehalte gegen das Moderne. Der S\u00fcden dagegen boomt. Investitionen in die Infrastruktur und die Telekommunikation und ein robuster Privatkonsum treiben den Aufschwung an. Boko Haram passt diese Entwicklung im S\u00fcden nicht und strebt eine Herrschaft \u00e4hnlich des Islamischen Staates im Irak und in Syrien an. Die radikale Gruppe verfolgt alle, die einen s\u00e4kularen Staat und ein gleichwertiges Nebeneinander der Religionen unterst\u00fctzen. Durch die grassierende Korruption bei den Ordnungsh\u00fctern und in der Politik gelingt es der Polizei und dem Milit\u00e4r nicht, die Terroristen wirksam zu bek\u00e4mpfen. Der Staat hat im Norden die Kontrolle \u00fcber 20 Distrikthauptorte verloren. Zehntausende Fl\u00fcchtlinge sind auf der Flucht. Die Situation in Nigeria ist dramatisch \u2013 insbesondere f\u00fcr die Christen. Msgr. Obiora Ike, Priester und Menschenrechtler, k\u00e4mpft seit vielen Jahren f\u00fcr die verfolgten Christen in seinem Land.<\/p>\n<h3><strong>Ja, die Kirche Christi bringt trotzdem Hoffnung<\/strong><\/h3>\n<figure id=\"attachment_6292\" aria-describedby=\"caption-attachment-6292\" style=\"width: 474px\" class=\"wp-caption alignleft\"><a href=\"https:\/\/ml2mintiuscj.i.optimole.com\/w:auto\/h:auto\/q:mauto\/f:best\/https:\/\/website.ifit.li\/wp-content\/uploads\/2015\/11\/zerstoerte-Kirche-St.-Josef.jpg\"><img data-opt-id=1431813225  fetchpriority=\"high\" decoding=\"async\" class=\"wp-image-6292 size-large\" src=\"https:\/\/ml2mintiuscj.i.optimole.com\/w:1024\/h:683\/q:mauto\/f:best\/https:\/\/website.ifit.li\/wp-content\/uploads\/2015\/11\/zerstoerte-Kirche-St.-Josef.jpg\" alt=\"Bild: Kirche in Not\" width=\"474\" height=\"316\" srcset=\"https:\/\/ml2mintiuscj.i.optimole.com\/w:1024\/h:683\/q:mauto\/f:best\/https:\/\/website.ifit.li\/wp-content\/uploads\/2015\/11\/zerstoerte-Kirche-St.-Josef.jpg 1024w, https:\/\/ml2mintiuscj.i.optimole.com\/w:300\/h:200\/q:mauto\/f:best\/https:\/\/website.ifit.li\/wp-content\/uploads\/2015\/11\/zerstoerte-Kirche-St.-Josef.jpg 300w, https:\/\/ml2mintiuscj.i.optimole.com\/w:1500\/h:1000\/q:mauto\/f:best\/https:\/\/website.ifit.li\/wp-content\/uploads\/2015\/11\/zerstoerte-Kirche-St.-Josef.jpg 1500w\" sizes=\"(max-width: 474px) 100vw, 474px\" \/><\/a><figcaption id=\"caption-attachment-6292\" class=\"wp-caption-text\">Kirche St. Josef wurde nach einem durch Boko Haram ver\u00fcbten Anschlag zerst\u00f6rt<\/figcaption><\/figure>\n<p>Das Opfer wird f\u00fcr die Christen in Nigeria aufgenommen. Damit werden Projekte vor Ort finanziert. Die Kirche Nigerias ist vor allem im Norden auf Unterst\u00fctzung angewiesen. Im bev\u00f6lkerungsreichsten Land Afrikas leben rund 21 Millionen Christen \u2013 die Mehrheit im S\u00fcden. Wenn ein Exodus der Christen aus dem Norden verhindert werden will, bedarf es ihrer Unterst\u00fctzung.<\/p>\n<blockquote><p>Msgr. Obiora Ike:\u00a0\u201eDie Welt darf das Schicksal der Christen in Nigeria nicht ignorieren\u201c<\/p><\/blockquote>\n<figure id=\"attachment_6302\" aria-describedby=\"caption-attachment-6302\" style=\"width: 474px\" class=\"wp-caption alignleft\"><a href=\"https:\/\/ml2mintiuscj.i.optimole.com\/w:auto\/h:auto\/q:mauto\/f:best\/https:\/\/website.ifit.li\/wp-content\/uploads\/2015\/11\/Predigt-von-Obiora-Ike.jpg\"><img data-opt-id=87776268  fetchpriority=\"high\" decoding=\"async\" class=\"wp-image-6302 size-large\" src=\"https:\/\/ml2mintiuscj.i.optimole.com\/w:1024\/h:685\/q:mauto\/f:best\/https:\/\/website.ifit.li\/wp-content\/uploads\/2015\/11\/Predigt-von-Obiora-Ike.jpg\" alt=\"Bild: Kirche in Not\" width=\"474\" height=\"317\" srcset=\"https:\/\/ml2mintiuscj.i.optimole.com\/w:1024\/h:685\/q:mauto\/f:best\/https:\/\/website.ifit.li\/wp-content\/uploads\/2015\/11\/Predigt-von-Obiora-Ike.jpg 1024w, https:\/\/ml2mintiuscj.i.optimole.com\/w:300\/h:201\/q:mauto\/f:best\/https:\/\/website.ifit.li\/wp-content\/uploads\/2015\/11\/Predigt-von-Obiora-Ike.jpg 300w, https:\/\/ml2mintiuscj.i.optimole.com\/w:1500\/h:1004\/q:mauto\/f:best\/https:\/\/website.ifit.li\/wp-content\/uploads\/2015\/11\/Predigt-von-Obiora-Ike.jpg 1500w\" sizes=\"(max-width: 474px) 100vw, 474px\" \/><\/a><figcaption id=\"caption-attachment-6302\" class=\"wp-caption-text\">Msgr. Obiora Ike w\u00e4hrend eines Gottesdienstes<\/figcaption><\/figure>\n<p>In seiner Predigt wird Msgr. Ike auf die Lage in Nigeria eingehen. Nigeria ist ein Land, in dem es Tausende von Berufungen gibt. Die Kirche setzt sich f\u00fcr ein friedliches Nebeneinander ein und fordert die Einhaltung der Religionsfreiheit. Viele Schulen und Krankenstationen werden von der Kirche betrieben, wodurch sie einen grossen R\u00fcckhalt in der Bev\u00f6lkerung geniesst. Obiora Ike freut sich \u00fcber den starken Glauben der Menschen in seinem Land. Gleichzeitig bittet er aber auch die Menschen weltweit, die Christen im Norden Nigerias nicht zu vergessen: \u201eDie Welt darf das Schicksal der Christen in Nigeria nicht ignorieren. Was dort heute passiert, kann morgen auch anderswo eintreten. Wir m\u00fcssen zusammenstehen und gemeinsam L\u00f6sungen finden.\u201c Ein friedliches Zusammenleben von Christen und Muslimen ist f\u00fcr ihn zentral, um eine weitere Radikalisierung im Norden Nigerias zu verhindern. Nur ein Zusammenleben verschiedenster Religionsgemeinschaften f\u00f6rdert den gegenseitigen Respekt und schafft Frieden, was den Kern der Botschaft des Gr\u00fcnders von <a href=\"http:\/\/www.kirche-in-not.ch\/\" target=\"_blank\" rel=\"noopener\">Kirche in Not<\/a>, Pater Werenfried van Straaten, trifft. Das Hilfswerk <a href=\"http:\/\/www.kirche-in-not.ch\/\" target=\"_blank\" rel=\"noopener\">Kirche in Not<\/a>\u00a0stellte f\u00fcr Projekte in Nigeria j\u00e4hrlich rund 1 Millon Schweizer Franken zur Verf\u00fcgung.<\/p>\n<h3>Eucharistiefeiern und Vortr\u00e4ge von Msgr. Obiora F. Ike in der Schweiz<\/h3>\n<p>Msgr. Obiora F. Ike weilt vom 28.November bis 6. Dezember 2015 in der Schweiz. Er feiert gem\u00e4ss\u00a0Zeitfenster heilige Messen und h\u00e4lt Vortr\u00e4ge. Die Termine sind im Kalender (mit Routenplaner) eingetragen<\/p>\n<table border=\"2\" cellpadding=\"2\">\n<tbody>\n<tr>\n<th style=\"text-align: center; vertical-align: middle;\">\n<h4>\u00a0Datum<\/h4>\n<\/th>\n<th style=\"text-align: center; vertical-align: middle;\">\n<h4>Zeit<\/h4>\n<\/th>\n<th style=\"text-align: center; vertical-align: middle;\">\n<h4>\u00a0Ort<\/h4>\n<\/th>\n<th style=\"text-align: center; vertical-align: middle;\">\n<h4>Kanton<\/h4>\n<\/th>\n<\/tr>\n<tr>\n<td style=\"vertical-align: middle;\">\u00a028.11.2015<\/td>\n<td style=\"vertical-align: middle;\">18:00<\/td>\n<td><a href=\"https:\/\/www.google.com\/maps\/place\/Rafz,+Schweiz\" target=\"_blank\" rel=\"noopener\"><strong>Rafz<\/strong><\/a>, Maria Magdalena<br \/>\nEucharistiefeier<\/td>\n<td style=\"text-align: center; vertical-align: middle;\">\u00a0ZH<\/td>\n<\/tr>\n<tr>\n<td style=\"vertical-align: middle;\" rowspan=\"2\">\u00a029.11.2015<\/td>\n<td style=\"vertical-align: middle;\">10:00<\/td>\n<td><a href=\"https:\/\/www.google.com\/maps\/place\/Eglisau,+Schweiz\/@47.5721847,8.4825955,13z\/data=!3m1!4b1!4m2!3m1!1s0x47907725f2bfa659:0x400ff884018cfd0\" target=\"_blank\" rel=\"noopener\"><strong>Eglisau<\/strong><\/a>, Judas Thadd\u00e4us<br \/>\nEucharistiefeier<\/td>\n<td style=\"text-align: center; vertical-align: middle;\">ZH<\/td>\n<\/tr>\n<tr>\n<td style=\"vertical-align: middle;\">19:30<\/td>\n<td><a href=\"https:\/\/www.google.com\/maps\/place\/Zug,+Schweiz\/@47.1520973,8.4819006,13z\/data=!3m1!4b1!4m2!3m1!1s0x479aab296046e4f3:0xa950bf03c7e3ea10\" target=\"_blank\" rel=\"noopener\"><strong>Zug<\/strong><\/a>, Kapuzinerkirche<br \/>\nAdoray<\/td>\n<td style=\"text-align: center; vertical-align: middle;\">ZG<\/td>\n<\/tr>\n<tr>\n<td style=\"vertical-align: middle;\" rowspan=\"2\">\u00a030.11.2015<\/td>\n<td>12:15<\/td>\n<td><a href=\"https:\/\/www.google.com\/maps\/place\/Adliswil,+Schweiz\/@47.3086847,8.4869356,13z\/data=!3m1!4b1!4m2!3m1!1s0x479008200119c245:0xffafec68c039bfa0\" target=\"_blank\" rel=\"noopener\"><strong>Adliswil<\/strong><\/a>, Radio Maria<br \/>\nLive Interview<\/td>\n<td style=\"text-align: center; vertical-align: middle;\">ZH<\/td>\n<\/tr>\n<tr>\n<td>\u00a019:00<\/td>\n<td><a href=\"https:\/\/www.google.com\/maps\/place\/Berneck,+Schweiz\/@47.4259337,9.5921055,14z\/data=!3m1!4b1!4m2!3m1!1s0x479b16c44562bc9b:0x6240d1e5fa63f9be?q=++Berneck+Schweiz\" target=\"_blank\" rel=\"noopener\"><strong>Berneck<\/strong><\/a>, Mutter v. Guten Rat<br \/>\nEucharistiefeier + Vortrag, Saal<\/td>\n<td style=\"text-align: center; vertical-align: middle;\">SG<\/td>\n<\/tr>\n<tr>\n<td style=\"text-align: center; vertical-align: middle;\" rowspan=\"3\">\u00a001.12.2015<\/td>\n<td style=\"text-align: center; vertical-align: middle;\">06:00<\/td>\n<td><a href=\"https:\/\/www.google.com\/maps\/place\/Cham,+Schweiz\/@47.2036042,8.4123757,13z\/data=!3m1!4b1!4m2!3m1!1s0x479000dbe05ad659:0xd1cd72c978927aa4\" target=\"_blank\" rel=\"noopener\"><strong>Cham<\/strong><\/a>, St. Jakob<br \/>\nRorategottesdienst mit Predigt<\/td>\n<td style=\"text-align: center; vertical-align: middle;\">ZG<\/td>\n<\/tr>\n<tr>\n<td style=\"text-align: center; vertical-align: middle;\">14:20<\/td>\n<td><a href=\"https:\/\/www.google.com\/maps\/place\/Egg,+Schweiz\/@47.2981096,8.6622606,13z\/data=!3m1!4b1!4m2!3m1!1s0x479aa53e4ba33df3:0xc2c005901b6a5254\" target=\"_blank\" rel=\"noopener\"><strong>Egg<\/strong><\/a>, hl. Antonius von Padua<br \/>\nAndacht mit Allerheiligstem<\/td>\n<td style=\"text-align: center; vertical-align: middle;\" rowspan=\"2\">ZH<\/td>\n<\/tr>\n<tr>\n<td style=\"text-align: center; vertical-align: middle;\">\u00a015:00<\/td>\n<td><a href=\"https:\/\/www.google.com\/maps\/place\/Egg,+Schweiz\/@47.2981096,8.6622606,13z\/data=!3m1!4b1!4m2!3m1!1s0x479aa53e4ba33df3:0xc2c005901b6a5254\" target=\"_blank\" rel=\"noopener\"><strong>Egg<\/strong><\/a>, hl. Antonius von Padua<br \/>\nEucharistiefeier + Vortrag<\/td>\n<\/tr>\n<tr>\n<td style=\"text-align: center; vertical-align: middle;\" rowspan=\"2\">\u00a002.12.2015<\/td>\n<td style=\"text-align: center; vertical-align: middle;\">08:30<\/td>\n<td style=\"vertical-align: middle;\"><a href=\"https:\/\/www.google.com\/maps\/place\/Amriswil,+Schweiz\/@47.5451687,9.2233703,12z\/data=!3m1!4b1!4m2!3m1!1s0x479afcacd4f69eb9:0x400ff88401950c0\" target=\"_blank\" rel=\"noopener\"><strong>Amriswil<\/strong><\/a>, St. Stefan, Eucharistiefeier\u00a0+ Vortrag<\/td>\n<td style=\"text-align: center; vertical-align: middle;\">\u00a0TG<\/td>\n<\/tr>\n<tr>\n<td style=\"text-align: center; vertical-align: middle;\">19:00<\/td>\n<td style=\"vertical-align: middle;\"><a href=\"https:\/\/www.google.com\/maps\/place\/Reiden,+Schweiz\/@47.2292187,7.8935952,12z\/data=!3m1!4b1!4m2!3m1!1s0x47902665ad8376e7:0xae307f51edf28c5d\" target=\"_blank\" rel=\"noopener\"><strong>Reiden-Wikon<\/strong><\/a>, Johannes der T\u00e4ufer, Eucharistiefeier + Vortrag<\/td>\n<td style=\"text-align: center; vertical-align: middle;\">LU<\/td>\n<\/tr>\n<tr>\n<td style=\"text-align: center; vertical-align: middle;\" rowspan=\"2\">\u00a003.12.2015<\/td>\n<td>09:00<\/td>\n<td><a href=\"https:\/\/www.google.com\/maps\/place\/Andwil,+Schweiz\/@47.4411037,9.2645655,14z\/data=!3m1!4b1!4m2!3m1!1s0x479ae13794b12ca9:0xde24e4b749c98a92\" target=\"_blank\" rel=\"noopener\"><strong>Andwil<\/strong><\/a>, St. Othmar<br \/>\nEucharistiefeier + Begegnung<\/td>\n<td style=\"text-align: center; vertical-align: middle;\" rowspan=\"2\">SG<\/td>\n<\/tr>\n<tr>\n<td>18:00<\/td>\n<td><a href=\"https:\/\/www.google.com\/maps\/place\/St.+Gallen,+Schweiz\/@47.4240436,9.2933304,12z\/data=!3m1!4b1!4m2!3m1!1s0x479b1e297633d855:0x9a2250081ffe6114\" target=\"_blank\" rel=\"noopener\"><strong>St. Gallen<\/strong><\/a>, Kloster Notkersegg<br \/>\nEucharistiefeier in Klosterkirche<\/td>\n<\/tr>\n<tr>\n<td style=\"text-align: center; vertical-align: middle;\" rowspan=\"2\">04.12.2015<\/td>\n<td>09:00<\/td>\n<td><a href=\"https:\/\/www.google.com\/maps\/place\/Eschenz,+Schweiz\/@47.6364611,8.8338807,13z\/data=!3m1!4b1!4m2!3m1!1s0x479a8f1ba1c1b799:0xb5e2fc6fd723f597?q=++Eschenz+Schweiz\" target=\"_blank\" rel=\"noopener\"><strong>Eschenz<\/strong><\/a>, Maria Himmelfahrt<br \/>\nEucharistiefeier<\/td>\n<td style=\"text-align: center; vertical-align: middle;\">TG<\/td>\n<\/tr>\n<tr>\n<td>18:00<\/td>\n<td><a href=\"https:\/\/www.google.com\/maps\/place\/Ramsen,+Schweiz\/@47.7068197,8.7849106,13z\/data=!3m1!4b1!4m2!3m1!1s0x479a87b5f99e9643:0x5ff46c2b59daa9c8?q=++Ramsen+Schweiz\" target=\"_blank\" rel=\"noopener\"><strong>Ramsen<\/strong><\/a>, Peter und Paul<br \/>\nEucharistiefeier<\/td>\n<td style=\"text-align: center; vertical-align: middle;\">SH<\/td>\n<\/tr>\n<tr>\n<td>\u00a005.12.2015<\/td>\n<td>17:00<\/td>\n<td><a href=\"https:\/\/www.google.com\/maps\/place\/Kriens,+Schweiz\/@47.0164286,8.1879302,12z\/data=!3m1!4b1!4m2!3m1!1s0x478ffac7183f1bab:0xbf058e98f516f015?q=++Kriens+Schweiz\" target=\"_blank\" rel=\"noopener\"><strong>Kriens<\/strong><\/a>, Bruder Klaus<br \/>\nEucharistiefeier<\/td>\n<td style=\"text-align: center; vertical-align: middle;\" rowspan=\"3\">LU<\/td>\n<\/tr>\n<tr>\n<td style=\"text-align: center; vertical-align: middle;\" rowspan=\"2\">06.12.2015<\/td>\n<td>09:30<\/td>\n<td><a href=\"https:\/\/www.google.com\/maps\/place\/Kriens,+Schweiz\/@47.0164286,8.1879302,12z\/data=!3m1!4b1!4m2!3m1!1s0x478ffac7183f1bab:0xbf058e98f516f015?q=++Kriens+Schweiz\" target=\"_blank\" rel=\"noopener\"><strong>Kriens<\/strong><\/a>, St. Gallus<br \/>\nEucharistiefeier<\/td>\n<\/tr>\n<tr>\n<td>11:00<\/td>\n<td><a href=\"https:\/\/www.google.com\/maps\/place\/Kriens,+Schweiz\/@47.0164286,8.1879302,12z\/data=!3m1!4b1!4m2!3m1!1s0x478ffac7183f1bab:0xbf058e98f516f015?q=++Kriens+Schweiz\" target=\"_blank\" rel=\"noopener\"><strong>Kriens<\/strong><\/a>, Bruder Klaus<br \/>\nEucharistiefeier<\/td>\n<\/tr>\n<\/tbody>\n<\/table>\n<h2><b>Spenden mit Vermerk \u00abNigeria\u00bb k\u00f6nnen gerichtet werden an:<\/b><\/h2>\n<p><strong><a href=\"https:\/\/ml2mintiuscj.i.optimole.com\/w:auto\/h:auto\/q:mauto\/f:best\/https:\/\/website.ifit.li\/wp-content\/uploads\/2015\/02\/Kirche-in-Not-Logo-70x70.jpg\" target=\"_blank\" rel=\"noopener\"><img data-opt-id=1658698747  decoding=\"async\" class=\"alignleft wp-image-4966 size-full\" title=\"Kirche in Not\" src=\"https:\/\/ml2mintiuscj.i.optimole.com\/w:70\/h:70\/q:mauto\/f:best\/dpr:2\/https:\/\/website.ifit.li\/wp-content\/uploads\/2015\/02\/Kirche-in-Not-Logo-70x70.jpg\" alt=\"Bild: Kirche in Not\" width=\"70\" height=\"70\" \/><\/a>Kirche in Not\u00a0Schweiz\/F\u00fcrstentum Liechtenstein<br \/>\n<\/strong>Cysatstrasse 6, 6004 Luzern, Tel. 041 410 46 70; Fax 041 410 31 70 E-Mail: <a href=\"mailto:mail@kirche-in-not.ch\" target=\"_blank\" rel=\"noopener\"><u><span style=\"color: #0066cc;\">mail@kirche-in-not.ch<br \/>\n<\/span><\/u><\/a>Internet: www.kirche-in-not.ch<br \/>\nKonto PC 60-17200-9; IBAN 55 0900 0000 6001 7200 9<\/p>\n","protected":false},"excerpt":{"rendered":"<p>Msgr. Obiora Ike aus Nigeria weilt vom 28. Nov. bis 7. Dez. 2015 in der Schweiz In Nigeria leben 165 Millionen Menschen. Das Land ist reich an Rohstoffen, doch von deren Verkauf profitiert nur eine kleine Elite. Zudem ist die Korruption weit verbreitet. Der aus Nigeria stammende Msgr. Obiora Ike setzt sich vehement f\u00fcr die &hellip; <a href=\"https:\/\/website.ifit.li\/?p=6287\" class=\"more-link\"><span class=\"screen-reader-text\">Im verfolgten Nigeria gibt es Tausende von christlichen Berufungen<\/span> weiterlesen <span class=\"meta-nav\">&rarr;<\/span><\/a><\/p>\n","protected":false},"author":1,"featured_media":6290,"comment_status":"closed","ping_status":"open","sticky":false,"template":"","format":"standard","meta":{"footnotes":""},"categories":[68,69,2,11,18],"tags":[170,202,200,201,30],"class_list":["post-6287","post","type-post","status-publish","format-standard","has-post-thumbnail","hentry","category-ehe-und-familie","category-gerechtigkeit-und-friede","category-kirche","category-kultur-und-gesellschaft","category-politik","tag-christ","tag-gewalt","tag-gewalten-und-maechte","tag-hoffnung","tag-kirche-in-not"],"_links":{"self":[{"href":"https:\/\/website.ifit.li\/index.php?rest_route=\/wp\/v2\/posts\/6287","targetHints":{"allow":["GET"]}}],"collection":[{"href":"https:\/\/website.ifit.li\/index.php?rest_route=\/wp\/v2\/posts"}],"about":[{"href":"https:\/\/website.ifit.li\/index.php?rest_route=\/wp\/v2\/types\/post"}],"author":[{"embeddable":true,"href":"https:\/\/website.ifit.li\/index.php?rest_route=\/wp\/v2\/users\/1"}],"replies":[{"embeddable":true,"href":"https:\/\/website.ifit.li\/index.php?rest_route=%2Fwp%2Fv2%2Fcomments&post=6287"}],"version-history":[{"count":29,"href":"https:\/\/website.ifit.li\/index.php?rest_route=\/wp\/v2\/posts\/6287\/revisions"}],"predecessor-version":[{"id":38828,"href":"https:\/\/website.ifit.li\/index.php?rest_route=\/wp\/v2\/posts\/6287\/revisions\/38828"}],"wp:featuredmedia":[{"embeddable":true,"href":"https:\/\/website.ifit.li\/index.php?rest_route=\/wp\/v2\/media\/6290"}],"wp:attachment":[{"href":"https:\/\/website.ifit.li\/index.php?rest_route=%2Fwp%2Fv2%2Fmedia&parent=6287"}],"wp:term":[{"taxonomy":"category","embeddable":true,"href":"https:\/\/website.ifit.li\/index.php?rest_route=%2Fwp%2Fv2%2Fcategories&post=6287"},{"taxonomy":"post_tag","embeddable":true,"href":"https:\/\/website.ifit.li\/index.php?rest_route=%2Fwp%2Fv2%2Ftags&post=6287"}],"curies":[{"name":"wp","href":"https:\/\/api.w.org\/{rel}","templated":true}]}}