{"id":6264,"date":"2015-11-18T23:37:31","date_gmt":"2015-11-18T22:37:31","guid":{"rendered":"https:\/\/website.ifit.li\/?p=6264"},"modified":"2021-10-22T12:15:54","modified_gmt":"2021-10-22T10:15:54","slug":"wer-ist-die-tuer-gottes-jesus-christus","status":"publish","type":"post","link":"https:\/\/website.ifit.li\/?p=6264","title":{"rendered":"Wer ist die T\u00fcr Gottes? Jesus Christus!"},"content":{"rendered":"<h2>Kirche als T\u00fcrh\u00fcter: Das heilige Jahr der Barmherzigkeit\u00a0steht\u00a0vor\u00a0der &#171;T\u00fcr&#187; Jesus<\/h2>\n<p><a href=\"https:\/\/ml2mintiuscj.i.optimole.com\/w:auto\/h:auto\/q:mauto\/f:best\/https:\/\/website.ifit.li\/wp-content\/uploads\/2015\/11\/Genealaudienz-mit-Papst-Franziskus.jpg\"><img data-opt-id=268388314  fetchpriority=\"high\" decoding=\"async\" class=\"alignleft wp-image-6273 size-full\" src=\"https:\/\/ml2mintiuscj.i.optimole.com\/w:auto\/h:auto\/q:mauto\/f:best\/https:\/\/website.ifit.li\/wp-content\/uploads\/2015\/11\/Genealaudienz-mit-Papst-Franziskus.jpg\" alt=\"Bild: Internet\" width=\"266\" height=\"189\" \/><\/a>Papst Franziskus befasste sich in der Katechese w\u00e4hrend der Generalaudienz vom 18. November 2015\u00a0auf dem Petersplatz mit dem nahenden Jahr der Barmherzigkeit und erinnerte die Gl\u00e4ubigen daran, dass Gott niemals m\u00fcde werde zu vergeben. Die Familien und die Kirche wurden im Rahmen der Familiensynode ermutigt, sich auf der Pfortenschwelle f\u00fcrs Heilige Jahr der Barmherzigkeit zu treffen. Die Kirche, die Familien und jeder Mensch sollen\u00a0auch ihre T\u00fcren dem Herrn weit \u00f6ffnen.<\/p>\n<audio class=\"wp-audio-shortcode\" id=\"audio-6264-1\" preload=\"none\" style=\"width: 100%;\" controls=\"controls\"><source type=\"audio\/mpeg\" src=\"https:\/\/website.ifit.li\/wp-content\/uploads\/2015\/11\/2015-11-18-Generalaudienz-von-Papst-Franziskus-Kirche-als-Tuerhueter.mp3?_=1\" \/><a href=\"https:\/\/website.ifit.li\/wp-content\/uploads\/2015\/11\/2015-11-18-Generalaudienz-von-Papst-Franziskus-Kirche-als-Tuerhueter.mp3\">https:\/\/website.ifit.li\/wp-content\/uploads\/2015\/11\/2015-11-18-Generalaudienz-von-Papst-Franziskus-Kirche-als-Tuerhueter.mp3<\/a><\/audio>\n<p><!--more-->Zu Beginn der Generalaudienz wurde denn auch die\u00a0passende Stelle aus dem Johannesevangelium vorgetragen:<\/p>\n<blockquote>\n<div id=\"b27ref43010009\" class=\"v43010009 verse highlight\">&#171;Ich bin die T\u00fcr; wer durch mich hineingeht, wird gerettet werden; er wird ein- und ausgehen und Weide finden. &#8230; ich bin gekommen, damit sie das Leben haben und es in F\u00fclle haben&#187;. (<a href=\"http:\/\/www.bibleserver.com\/text\/EU\/Johannes10.9-10\" target=\"_blank\" rel=\"noopener\">Joh 10, 9-10<\/a>)<\/div>\n<\/blockquote>\n<h3 class=\"v43010009 verse highlight\">Zusammenfassung der Katechese von Papst Franziskus vom 18. November 2015<\/h3>\n<div class=\"v43010009 verse highlight\">Liebe Br\u00fcder und Schwestern, nur noch wenige Wochen trennen uns vom Beginn des Heiligen Jahres der Barmherzigkeit. Die offene T\u00fcr der Barmherzigkeit Gottes will uns reum\u00fctige S\u00fcnder empfangen und uns Gnade und Verzeihung gew\u00e4hren. Wir m\u00fcssen nur den Mut aufbringen, die Schwelle zu \u00fcberschreiten. Nicht zuletzt die Bischofssynode hat die M\u00e4nner und Frauen, die Familien, die ganze Kirche ermuntert, sich in dieser offenen T\u00fcr zu begegnen. Zudem sind wir als Kirche eingeladen, gemeinsam mit Jesus hinauszugehen, um den Menschen, die manchmal unentschlossen sind und sich verirrt haben, auf dem Weg entgegenzugehen. Besonders sind die christlichen Familien angesprochen, dem Herrn die T\u00fcr zu \u00f6ffnen, der Einlass erbittet, um seinen Segen und seine Freundschaft zu bringen. Die T\u00fcr hat die Aufgabe, die Hausbewohner zu sch\u00fctzen. Sie darf aber nicht abweisend sein. Eine T\u00fcr sagt sehr viel \u00fcber das Haus aus. Die \u00d6ffnung der T\u00fcr erfordert eine aufmerksame Entscheidung und sollte zugleich von einem gro\u00dfen Vertrauen geleitet sein. Wir sind die T\u00fcrh\u00fcter der T\u00fcr Gottes, die Jesus ist. Der W\u00e4rter h\u00f6rt die Stimme des Herrn; er \u00f6ffnet und l\u00e4sst die Schafe herein, die der Gute Hirte f\u00fchrt, auch jene, die sich in den W\u00e4ldern verirrt hatten. Die Kirche ist gleichsam die Pf\u00f6rtnerin des Hauses des Herrn, die immer wieder auf die Stimme Jesu Christi h\u00f6rt. \u00a9 Copyright &#8211; Libreria Editrice Vaticana<\/div>\n<h3>F\u00fcr die deutschsprachigen Pilger wurden folgende Gru\u00dfworte auf Italienisch verlesen:<\/h3>\n<p>Einen herzlichen Gru\u00df richte ich an alle Pilger deutscher Sprache. Liebe Freunde, eine ungastliche Kirche und eine in sich verschlossene Familie dem\u00fctigen das Evangelium und verh\u00e4rten die Welt. Der Heilige Geist begleite euch mit seinem Licht auf euren Wegen. \u00a9 Copyright &#8211; Libreria Editrice Vaticana<\/p>\n<h2 id=\"hinweise\"><strong>Weitere Hinweise und Quellen<\/strong><\/h2>\n<ul>\n<li>Radio Vatikan: <a href=\"http:\/\/de.radiovaticana.va\/news\/2015\/11\/18\/papst_bei_generalaudienz_\u00f6ffnet_die_barmherzigkeits-t\u00fcren!\/1187694\" target=\"_blank\" rel=\"noopener\">Audiodokument 1187694 von M. Galgano<\/a><\/li>\n<li>Radio Horeb: <a href=\"http:\/\/www.horeb.org\/xyz\/podcast\/papstaudienz\/20151118audienz.mp3\" target=\"_blank\" rel=\"noopener\">Podcast zur Generalaudienz vom 18. November 2015<\/a><\/li>\n<li>Agentur Zenit: Katechese von Papst Franziskus w\u00e4hrend der Generalaudienz am 18. November 2015<\/li>\n<li><a href=\"https:\/\/website.ifit.li\/?p=6248\">Das ausserordentliche Jubeljahr der Barmherzigkeit<\/a><\/li>\n<li><a title=\"Kostenfreie Anmeldung gilt f\u00fcr acht Veranstaltungen mit besonderem Besucherandrang und soll die Planung und Steuerung erleichtern \u2013 Last Minute-Registrierung f\u00fcr noch verf\u00fcgbare Pl\u00e4tze im \u201eWillkommenszentrum\u201c auf der Via della Conciliazione.\" href=\"http:\/\/www.im.va\/content\/gdm\/de.html\" target=\"_blank\" rel=\"noopener\"><u><span style=\"color: #0066cc;\">Vatikan \u2013 Jubil\u00e4um der Barmherzigkeit<\/span><\/u><\/a><\/li>\n<\/ul>\n","protected":false},"excerpt":{"rendered":"<p>Kirche als T\u00fcrh\u00fcter: Das heilige Jahr der Barmherzigkeit\u00a0steht\u00a0vor\u00a0der &#171;T\u00fcr&#187; Jesus Papst Franziskus befasste sich in der Katechese w\u00e4hrend der Generalaudienz vom 18. November 2015\u00a0auf dem Petersplatz mit dem nahenden Jahr der Barmherzigkeit und erinnerte die Gl\u00e4ubigen daran, dass Gott niemals m\u00fcde werde zu vergeben. Die Familien und die Kirche wurden im Rahmen der Familiensynode ermutigt, &hellip; <a href=\"https:\/\/website.ifit.li\/?p=6264\" class=\"more-link\"><span class=\"screen-reader-text\">Wer ist die T\u00fcr Gottes? Jesus Christus!<\/span> weiterlesen <span class=\"meta-nav\">&rarr;<\/span><\/a><\/p>\n","protected":false},"author":1,"featured_media":6255,"comment_status":"closed","ping_status":"open","sticky":false,"template":"","format":"standard","meta":{"footnotes":""},"categories":[2],"tags":[129,123,191,104,31,58],"class_list":["post-6264","post","type-post","status-publish","format-standard","has-post-thumbnail","hentry","category-kirche","tag-barmherzigkeit","tag-bischofssynode","tag-jahr-der-barmherzigkeit","tag-katechese","tag-liebe","tag-papst-franziskus"],"_links":{"self":[{"href":"https:\/\/website.ifit.li\/index.php?rest_route=\/wp\/v2\/posts\/6264","targetHints":{"allow":["GET"]}}],"collection":[{"href":"https:\/\/website.ifit.li\/index.php?rest_route=\/wp\/v2\/posts"}],"about":[{"href":"https:\/\/website.ifit.li\/index.php?rest_route=\/wp\/v2\/types\/post"}],"author":[{"embeddable":true,"href":"https:\/\/website.ifit.li\/index.php?rest_route=\/wp\/v2\/users\/1"}],"replies":[{"embeddable":true,"href":"https:\/\/website.ifit.li\/index.php?rest_route=%2Fwp%2Fv2%2Fcomments&post=6264"}],"version-history":[{"count":17,"href":"https:\/\/website.ifit.li\/index.php?rest_route=\/wp\/v2\/posts\/6264\/revisions"}],"predecessor-version":[{"id":38769,"href":"https:\/\/website.ifit.li\/index.php?rest_route=\/wp\/v2\/posts\/6264\/revisions\/38769"}],"wp:featuredmedia":[{"embeddable":true,"href":"https:\/\/website.ifit.li\/index.php?rest_route=\/wp\/v2\/media\/6255"}],"wp:attachment":[{"href":"https:\/\/website.ifit.li\/index.php?rest_route=%2Fwp%2Fv2%2Fmedia&parent=6264"}],"wp:term":[{"taxonomy":"category","embeddable":true,"href":"https:\/\/website.ifit.li\/index.php?rest_route=%2Fwp%2Fv2%2Fcategories&post=6264"},{"taxonomy":"post_tag","embeddable":true,"href":"https:\/\/website.ifit.li\/index.php?rest_route=%2Fwp%2Fv2%2Ftags&post=6264"}],"curies":[{"name":"wp","href":"https:\/\/api.w.org\/{rel}","templated":true}]}}