{"id":624,"date":"2012-12-12T19:13:36","date_gmt":"2012-12-12T18:13:36","guid":{"rendered":"http:\/\/ifit.ch\/?p=624"},"modified":"2021-06-19T14:54:26","modified_gmt":"2021-06-19T12:54:26","slug":"der-grose-plan-der-liebe-gottes-erfullt-sich-vor-unseren-augen","status":"publish","type":"post","link":"https:\/\/website.ifit.li\/?p=624","title":{"rendered":"Der gro\u00dfe Plan der Liebe Gottes erf\u00fcllt sich vor unseren Augen"},"content":{"rendered":"<h2>Katechese 09 von Papst Benedikt XVI. zum Jahr des\u00a0Glaubens<\/h2>\n<p>Die Geschichte ist der Ort, an dem wir Gottes Handeln f\u00fcr die Menschheit erkennen k\u00f6nnen und wo sich der gro\u00dfe Plan der Liebe Gottes vor unseren Augen erf\u00fcllt. Das sagte Papst Benedikt XVI. an diesem Mittwoch, 12. Dezember 2012\u00a0in seiner Katechese bei der Generalaudienz. Er setzte damit seine Reihe von Ansprachen \u00fcber den Glauben fort. Die Gegenwart Gottes gebe der menschlichen Geschichte ihren Sinn:<!--more--> \u201eIn der Heiligen Schrift finden wir die Etappen dieses Weges Gottes mit den Menschen, die Stufen der Offenbarung Gottes. Sie zeigt uns, dass Gott von Anfang an sich erkennen l\u00e4sst, den Menschen seine Gemeinschaft anbietet und ihn auch im S\u00fcndenfall nicht verl\u00e4sst. Gott schlie\u00dft einen Bund mit Noah, er erw\u00e4hlt Abraham und formt sich sein Volk durch die Befreiung aus \u00c4gypten, den Bundesschluss am Sinai und die Gabe des Gesetzes. Durch die Propheten leitet der Herr sein Volk durch die Geschichte und weitet den Horizont aus immer mehr zur Erwartung eines neuen und ewigen Bundes f\u00fcr alle Menschen. Das Eingreifen Gottes in die Geschichte seines Volkes wird zu einem Ged\u00e4chtnis und bildet zusammen die Gesamtgeschichte des Heils.\u201c<br \/>\nDurch die gesamte Geschichte hindurch k\u00f6nne man Gottes Treue entdecken. Von menschlicher Seite entspr\u00e4che dem das feiernde Gedenken, das diese Treue gegenw\u00e4rtig mache, so der Papst, denn Gottes Wirken gehe weiter.\u00a0\u201eDie Selbstoffenbarung Gottes gipfelt in Christus: Das sch\u00f6pferische Wort, das die Welt geschaffen hat, hat in Jesus Christus das Menschsein angenommen und uns Gottes Gesicht gezeigt. Jesus Christus ist der H\u00f6hepunkt der Geschichte Gottes mit den Menschen, die Erf\u00fcllung seines ewigen Heilsplans. Die Zeit des Advents l\u00e4dt uns neu ein, Gottes Handeln in der Geschichte zu betrachten, der Ged\u00e4chtnislosigkeit entgegen zu wirken, wachsam zu werden f\u00fcr die Zeichen der Gegenwart Gottes, f\u00fcr sein Mitsein mit uns. Gott ist nicht weggegangen von der Geschichte, er ist da. Wir m\u00fcssen nur aufmerksam sein und ihm unsererseits entgegen gehen. Wir wollen seine Gegenwart Tag f\u00fcr Tag bezeugen und das Licht der Menschwerdung durch unser eigenes Leben hindurch scheinen lassen. Der Herr schenke euch einen gesegneten Advent.\u201d Segen.<br \/>\nQuellen:<\/p>\n<ul>\n<li>Audio (MP3): Generalaudienz Katechese 09 Glaube vom 12. Dezember 2012<audio class=\"wp-audio-shortcode\" id=\"audio-624-1\" preload=\"none\" style=\"width: 100%;\" controls=\"controls\"><source type=\"audio\/mpeg\" src=\"https:\/\/website.ifit.li\/wp-content\/uploads\/2012\/12\/2012-12-12-Generalaudienz-Katechese-09-Jahr-des-Glaubens-1.mp3?_=1\" \/><a href=\"https:\/\/website.ifit.li\/wp-content\/uploads\/2012\/12\/2012-12-12-Generalaudienz-Katechese-09-Jahr-des-Glaubens-1.mp3\">https:\/\/website.ifit.li\/wp-content\/uploads\/2012\/12\/2012-12-12-Generalaudienz-Katechese-09-Jahr-des-Glaubens-1.mp3<\/a><\/audio><\/li>\n<li>Originaltext (Link vergriffen): P. Bernd Hagenkord SJ, Radio Vatikan, Artikel 646802<\/li>\n<\/ul>\n","protected":false},"excerpt":{"rendered":"<p>Das Eingreifen Gottes in die Geschichte seines Volkes wird zu einem Ged\u00e4chtnis und bildet zusammen die Gesamtgeschichte des Heils. Durch die gesamte Geschichte hindurch k\u00f6nne man Gottes Treue entdecken. Von menschlicher Seite entspr\u00e4che dem das feiernde Gedenken, das diese Treue gegenw\u00e4rtig mache, so der Papst, denn Gottes Wirken gehe weiter.<\/p>\n","protected":false},"author":1,"featured_media":0,"comment_status":"open","ping_status":"open","sticky":false,"template":"","format":"standard","meta":{"footnotes":""},"categories":[449],"tags":[67,103,104,31,370,88,167],"class_list":["post-624","post","type-post","status-publish","format-standard","hentry","category-jahr-des-glaubens-2012-2013","tag-advent","tag-jahr-des-glaubens","tag-katechese","tag-liebe","tag-offenbarung","tag-papst-benedikt-xvi","tag-suende"],"_links":{"self":[{"href":"https:\/\/website.ifit.li\/index.php?rest_route=\/wp\/v2\/posts\/624","targetHints":{"allow":["GET"]}}],"collection":[{"href":"https:\/\/website.ifit.li\/index.php?rest_route=\/wp\/v2\/posts"}],"about":[{"href":"https:\/\/website.ifit.li\/index.php?rest_route=\/wp\/v2\/types\/post"}],"author":[{"embeddable":true,"href":"https:\/\/website.ifit.li\/index.php?rest_route=\/wp\/v2\/users\/1"}],"replies":[{"embeddable":true,"href":"https:\/\/website.ifit.li\/index.php?rest_route=%2Fwp%2Fv2%2Fcomments&post=624"}],"version-history":[{"count":3,"href":"https:\/\/website.ifit.li\/index.php?rest_route=\/wp\/v2\/posts\/624\/revisions"}],"predecessor-version":[{"id":38035,"href":"https:\/\/website.ifit.li\/index.php?rest_route=\/wp\/v2\/posts\/624\/revisions\/38035"}],"wp:attachment":[{"href":"https:\/\/website.ifit.li\/index.php?rest_route=%2Fwp%2Fv2%2Fmedia&parent=624"}],"wp:term":[{"taxonomy":"category","embeddable":true,"href":"https:\/\/website.ifit.li\/index.php?rest_route=%2Fwp%2Fv2%2Fcategories&post=624"},{"taxonomy":"post_tag","embeddable":true,"href":"https:\/\/website.ifit.li\/index.php?rest_route=%2Fwp%2Fv2%2Ftags&post=624"}],"curies":[{"name":"wp","href":"https:\/\/api.w.org\/{rel}","templated":true}]}}