{"id":6205,"date":"2012-10-09T12:37:42","date_gmt":"2012-10-09T10:37:42","guid":{"rendered":"https:\/\/website.ifit.li\/?p=6205"},"modified":"2023-01-05T11:06:00","modified_gmt":"2023-01-05T10:06:00","slug":"abtreibung-loest-kein-problem-toetet-ein-kind-zerstoert-die-frau-blendet-das-gewissen-des-vaters","status":"publish","type":"post","link":"https:\/\/website.ifit.li\/?p=6205","title":{"rendered":"Abtreibung l\u00f6st kein Problem, t\u00f6tet ein Kind, zerst\u00f6rt die Frau, blendet das Gewissen des Vaters"},"content":{"rendered":"<h2><span style=\"color: #000000;\" data-darkreader-inline-color=\"\">Im moralischen Gewissen spricht Gott zu jedem Menschen<\/span><\/h2>\n<figure id=\"attachment_6207\" aria-describedby=\"caption-attachment-6207\" style=\"width: 280px\" class=\"wp-caption alignleft\"><a href=\"https:\/\/ml2mintiuscj.i.optimole.com\/w:auto\/h:auto\/q:mauto\/f:best\/https:\/\/website.ifit.li\/wp-content\/uploads\/2012\/10\/Benedikt-XVI..jpg\"><img data-opt-id=1602447697  fetchpriority=\"high\" decoding=\"async\" class=\"wp-image-6207 size-full\" src=\"https:\/\/ml2mintiuscj.i.optimole.com\/w:auto\/h:auto\/q:mauto\/f:best\/https:\/\/website.ifit.li\/wp-content\/uploads\/2012\/10\/Benedikt-XVI..jpg\" alt=\"Bild: Vatikan\" width=\"280\" height=\"180\" \/><\/a><figcaption id=\"caption-attachment-6207\" class=\"wp-caption-text\">Em. Papst Benedikt XVI.<\/figcaption><\/figure>\n<p>Zur Vollversammlung der P\u00e4pstlichen Akademie f\u00fcr das Leben hielt Papst Benedikt XVI. im Jahr 2011 im Vatikan eine Ansprache: \u201eAbtreibung l\u00f6st kein Problem \u2013 aber sie t\u00f6tet ein Kind, zerst\u00f6rt die Frau, blendet das Gewissen des Vaters und ruiniert h\u00e4ufig das Familienleben.\u201d Er appellierte an das Gewissen aller, die eine Abtreibung in Erw\u00e4gung ziehen. \u201eWer die Existenz eines moralischen Gewissens leugnet und behauptet, seine Stimme habe nur etwas mit den \u00e4u\u00dferen Umst\u00e4nden oder mit Emotionen zu tun, den erinnere ich daran, dass die moralische Qualit\u00e4t des menschlichen Handelns kein \u00e4u\u00dferlicher oder optionaler Wert ist, ja noch nicht einmal etwas, was nur Christen oder Gl\u00e4ubige etwas angeht. Nein, es ist allen Menschen gemeinsam. Im moralischen Gewissen spricht Gott zu jedem Menschen und l\u00e4dt ihn ein, das menschliche Leben jederzeit zu verteidigen.\u201c <!--more-->Wer nicht auf sein Gewissen h\u00f6re, der f\u00fcge sich selbst Schaden zu, mahnte Benedikt XVI. \u201eDoch auch wenn der Mensch die Wahrheit und das Gute zur\u00fcckweist, das der Sch\u00f6pfer ihm anbietet, verl\u00e4\u00dft Gott ihn dennoch nicht: Er sucht ihn weiterhin durch die Stimme des Gewissens und spricht zu ihm, damit der Mensch seinen Irrtum einsieht und sich der g\u00f6ttlichen Barmherzigkeit \u00f6ffnet, die imstande ist, jedwede Wunde zu heilen.\u201c Die ganze Gesellschaft solle sich in den Dienst des Rechtes auf Leben stellen, bat der Papst; damit diene sie auch \u201edem wahren Heil der Frau\u201c. Schlie\u00dflich k\u00f6nne eine Frau \u201eniemals in einer Abtreibung eine Art Selbstverwirklichung finden\u201c.<\/p>\n<blockquote><p>\u201eLassen wir es auch den Frauen, die leider abgetrieben haben und die dadurch in ein moralisches und existenzielles Drama gest\u00fcrzt werden, nicht an Hilfe fehlen! Ich erinnere an die Worte, die mein Vorg\u00e4nger Johannes Paul einmal an Frauen geschrieben hat, die abgetrieben haben: Die Kirche wei\u00df, dass hinter eurer Entscheidung wom\u00f6glich eine dramatische Lage gestanden hat. Vielleicht sp\u00fcrt ihr noch die Wunde. Was geschehen ist, ist und bleibt zutiefst ungerecht. Lasst euch aber nicht entmutigen, und verzweifelt nicht! \u00d6ffnet euch mit Demut und Vertrauen der Reue. Der Vater allen Erbarmens wartet auf euch, um euch seine Verzeihung und seinen Frieden im Beichtsakrament zu schenken. Ihm k\u00f6nnt ihr auch voller Hoffnung euer Kind anvertrauen.\u201c<\/p><\/blockquote>\n<p>Oft rieten \u00c4rzte bei gesundheitlichen Problemen des Kindes zu einer Abtreibung, so Benedikt XVI. weiter in seiner Ansprache. Manche \u00c4rzte bezeichneten Abtreibungen in solchen F\u00e4llen als moralisch erlaubt und sogar als \u201etherapeutisch erforderlich\u201c, um dem Kind und seiner Familie Leiden und der Gesellschaft eine \u201eungerechte\u201c Last zu ersparen. Stattdessen m\u00fcssten die Mediziner die Frauen aber vor der T\u00e4uschung bewahren, dass Abtreibung Probleme l\u00f6sen k\u00f6nne, so der Papst. Er erinnerte auch daran, dass die Gesellschaft viel zu oft allein den Frauen die Schuld an einer Abtreibung gebe; man d\u00fcrfe aber nicht dar\u00fcber hinwegsehen, dass es oft M\u00e4nner seien, die Frauen \u201emit einem Kind sitzen lassen\u201c. Benedikt XVI. sprach sich vor den Mitgliedern der Vatikan-Akademie auch f\u00fcr ein verst\u00e4rkte Stammzellforschung mit Nabelschnurblut aus. Die Kirche bef\u00fcrworte ethisch zul\u00e4ssige Forschungen und ermuntere solche Arbeiten, betonte er.<\/p>\n<h3>Gibt es wirklich ein Post-Abortion-Trauma?<\/h3>\n<p>Zur P\u00e4pstlichen Akademie f\u00fcr das Leben geh\u00f6rt auch der deutsche Mediziner, Psychiater, Theologe und Buchautor Manfred L\u00fctz. Im Gespr\u00e4ch mit Radio Vatikan warnte Dr. L\u00fctz davor, zu sicher davon auszugehen, dass Abtreibung zu einem psychischen Trauma f\u00fchrt.<\/p>\n<blockquote><p>\u201eDas Problem ist: Es gibt ganz wenig Forschung \u00fcber die Frage, welche psychischen Folgen eine Abtreibung f\u00fcr eine Frau hat. Weil es im Grunde zwei Ideologien gibt: Die eine, eine sehr machtvolle, ist die der Bef\u00fcrworter. Die sagen: Wir wollen gar nicht dar\u00fcber reden, was da alles hinterher Schlimmes passieren kann, das beeinflusst die Frauen ja nur negativ; wir wollen, dass die Frauen sich frei entscheiden und nicht sozusagen mit schlimmen Folgen bedroht werden.\u201c<\/p><\/blockquote>\n<p>\u201eAn sich entm\u00fcndigt das die Frauen\u201c, meint L\u00fctz. Eigentlich m\u00fcsse man einer Frau, wie das ja auch bei anderen medizinischen Eingriffen der Fall sei, \u201eklar die Konsequenzen nennen k\u00f6nnen, die m\u00f6glicherweise eintreten\u201c. Dennoch w\u00fcrden von dieser Seite Studien und Publikationen verhindert.<\/p>\n<blockquote><p>\u201eUnd die Pro-Life-Bewegung hat auf der anderen Seite das zu Recht angemahnt \u2013 aber da gibt es dann manchmal gar nicht b\u00f6se gemeinte, aber ebenfalls ideologische Positionen nach dem Motto: Abtreibung ist etwas Schreckliches, ein Verbrechen, wie das Konzil gesagt hat, also muss es auch b\u00f6se psychische Folgen haben. Und das ist nat\u00fcrlich letztlich naiv.\u201c<\/p><\/blockquote>\n<p>Manfred L\u00fctz spitzt das sogar noch zu:\u00a0\u201eWenn wir gro\u00dfe Forschung h\u00e4tten und herausk\u00e4me, Frauen gehe es nach einer Abtreibung psychisch besser, dann w\u00e4re das Verbrechen Abtreibung noch schlimmer! Wichtig finde ich, dass man diesen moralischen Aspekt und den psychologischen Aspekt streng methodisch trennt.\u201c<\/p>\n<p>Er selbst habe in seiner \u00fcber 30-j\u00e4hrigen psychiatrischen Praxis Frauen nach Abtreibungen erlebt, die \u00fcberhaupt keine psychischen Konsequenzen gehabt h\u00e4tten. \u201eUnd ich habe Frauen erlebt, die haben Konsequenzen, die stark an das so genannte post-abortion-Syndrom erinnern.\u201c<\/p>\n<blockquote><p>\u201eMein Pl\u00e4doyer w\u00e4re, dass man ohne ideologische Vorurteile einfach mal die Wissenschaft ermutigt, dass man auf breiterer Basis forscht, wie das ist. Und dass man dann noch erforscht, wie man den Frauen helfen kann.\u201c<\/p><\/blockquote>\n<h3><span style=\"color: #000000;\" data-darkreader-inline-color=\"\">Weitere Hinweise und Quellen<\/span><\/h3>\n<ul>\n<li>Originaltext (vergriffen):\u00a0Radio Vatikan, Artikel 465528<\/li>\n<li>Hinweis: <a title=\"P\u00e4pstliche Akademie f\u00fcr das Leben\" href=\"http:\/\/www.academyforlife.va\/content\/pav\/en.html\" target=\"_blank\" rel=\"noopener noreferrer\"><u><span style=\"color: #0066cc;\" data-darkreader-inline-color=\"\">P\u00e4pstliche Akademie f\u00fcr das Leben<\/span><\/u><\/a> (English)<\/li>\n<li>Gerhard Kardinal M\u00fcller: <a href=\"https:\/\/kath.net\/news\/77849\" target=\"_blank\" rel=\"noopener\">\u201eAbtreibung als Menschenrecht zu fordern ist im Zynismus nicht zu \u00fcberbieten\u201c<\/a> (kath.net)<\/li>\n<li>Wikipedia:\u00a0<a href=\"https:\/\/de.wikipedia.org\/wiki\/P%C3%A4pstliche_Akademie_f%C3%BCr_das_Leben\" target=\"_blank\" rel=\"noopener noreferrer\">P\u00e4pstliche Akademie f\u00fcr das Leben<\/a><\/li>\n<li><a title=\"Der Glaube ist eine der Bedingungen f\u00fcr die G\u00fcltigkeit der Ehe\" href=\"https:\/\/website.ifit.li\/?p=6212\" target=\"_blank\" rel=\"noopener noreferrer\"><u><span style=\"color: #0066cc;\" data-darkreader-inline-color=\"\">Der Glaube ist eine der Bedingungen f\u00fcr die G\u00fcltigkeit der Ehe<\/span><\/u><\/a><\/li>\n<\/ul>\n","protected":false},"excerpt":{"rendered":"<p>Im moralischen Gewissen spricht Gott zu jedem Menschen Zur Vollversammlung der P\u00e4pstlichen Akademie f\u00fcr das Leben hielt Papst Benedikt XVI. im Jahr 2011 im Vatikan eine Ansprache: \u201eAbtreibung l\u00f6st kein Problem \u2013 aber sie t\u00f6tet ein Kind, zerst\u00f6rt die Frau, blendet das Gewissen des Vaters und ruiniert h\u00e4ufig das Familienleben.\u201d Er appellierte an das Gewissen &hellip; <a href=\"https:\/\/website.ifit.li\/?p=6205\" class=\"more-link\"><span class=\"screen-reader-text\">Abtreibung l\u00f6st kein Problem, t\u00f6tet ein Kind, zerst\u00f6rt die Frau, blendet das Gewissen des Vaters<\/span> weiterlesen <span class=\"meta-nav\">&rarr;<\/span><\/a><\/p>\n","protected":false},"author":1,"featured_media":6211,"comment_status":"closed","ping_status":"open","sticky":false,"template":"","format":"standard","meta":{"footnotes":""},"categories":[68,2],"tags":[183,222,127,176,172,187,231,88,364,233,169,225,186],"class_list":["post-6205","post","type-post","status-publish","format-standard","has-post-thumbnail","hentry","category-ehe-und-familie","category-kirche","tag-abtreibung","tag-analogie","tag-ehesakrament","tag-familie","tag-gewissen","tag-glauben","tag-gotteskindschaft","tag-papst-benedikt-xvi","tag-paepstlicher-familienrat","tag-person","tag-relativismus","tag-vaterschaft-gottes","tag-wahrheit"],"_links":{"self":[{"href":"https:\/\/website.ifit.li\/index.php?rest_route=\/wp\/v2\/posts\/6205","targetHints":{"allow":["GET"]}}],"collection":[{"href":"https:\/\/website.ifit.li\/index.php?rest_route=\/wp\/v2\/posts"}],"about":[{"href":"https:\/\/website.ifit.li\/index.php?rest_route=\/wp\/v2\/types\/post"}],"author":[{"embeddable":true,"href":"https:\/\/website.ifit.li\/index.php?rest_route=\/wp\/v2\/users\/1"}],"replies":[{"embeddable":true,"href":"https:\/\/website.ifit.li\/index.php?rest_route=%2Fwp%2Fv2%2Fcomments&post=6205"}],"version-history":[{"count":7,"href":"https:\/\/website.ifit.li\/index.php?rest_route=\/wp\/v2\/posts\/6205\/revisions"}],"predecessor-version":[{"id":39121,"href":"https:\/\/website.ifit.li\/index.php?rest_route=\/wp\/v2\/posts\/6205\/revisions\/39121"}],"wp:featuredmedia":[{"embeddable":true,"href":"https:\/\/website.ifit.li\/index.php?rest_route=\/wp\/v2\/media\/6211"}],"wp:attachment":[{"href":"https:\/\/website.ifit.li\/index.php?rest_route=%2Fwp%2Fv2%2Fmedia&parent=6205"}],"wp:term":[{"taxonomy":"category","embeddable":true,"href":"https:\/\/website.ifit.li\/index.php?rest_route=%2Fwp%2Fv2%2Fcategories&post=6205"},{"taxonomy":"post_tag","embeddable":true,"href":"https:\/\/website.ifit.li\/index.php?rest_route=%2Fwp%2Fv2%2Ftags&post=6205"}],"curies":[{"name":"wp","href":"https:\/\/api.w.org\/{rel}","templated":true}]}}