{"id":6004,"date":"2015-10-14T23:21:25","date_gmt":"2015-10-14T21:21:25","guid":{"rendered":"https:\/\/website.ifit.li\/?p=6004"},"modified":"2021-10-22T11:53:40","modified_gmt":"2021-10-22T09:53:40","slug":"die-familie-zu-verteidigen-heisst-die-menschheit-zu-schuetzen","status":"publish","type":"post","link":"https:\/\/website.ifit.li\/?p=6004","title":{"rendered":"Die Familie zu verteidigen heisst die Menschheit zu sch\u00fctzen"},"content":{"rendered":"<h2>31. Katechese von Papst Franziskus \u00fcber Ehe und Familie (w\u00e4hrend der Synode)<\/h2>\n<p>Papst Franziskus hat am Mittwoch, 14. Oktober 2015, w\u00e4hrend der Synode zum Thema \u201eDie Berufung und Sendung der Familie in Kirche und Welt von heute\u201c eine weitere Generalaudienz\u00a0 auf dem Petersplatz vor Zehntausenden Gl\u00e4ubigen abgehalten. Die Lesung bezog sich auf einen Abschnitt aus dem Matth\u00e4usevangelium:<\/p>\n<blockquote><p>Wehe der Welt mit ihrer Verf\u00fchrung! Es muss zwar Verf\u00fchrung geben; doch wehe dem Menschen, der sie verschuldet.\u00a0Wenn dich deine Hand oder dein Fu\u00df zum B\u00f6sen verf\u00fchrt, dann hau sie ab und wirf sie weg! Es ist besser f\u00fcr dich, verst\u00fcmmelt oder lahm in das Leben zu gelangen, als mit zwei H\u00e4nden und zwei F\u00fc\u00dfen in das ewige Feuer geworfen zu werden.\u00a0Und wenn dich dein Auge zum B\u00f6sen verf\u00fchrt, dann rei\u00df es aus und wirf es weg! Es ist besser f\u00fcr dich, ein\u00e4ugig in das Leben zu gelangen, als mit zwei Augen in das Feuer der H\u00f6lle geworfen zu werden.\u00a0H\u00fctet euch davor, einen von diesen Kleinen zu verachten! Denn ich sage euch: Ihre Engel im Himmel sehen stets das Angesicht meines himmlischen Vaters. (<a href=\"http:\/\/www.bibleserver.com\/text\/EU\/Matth%C3%A4us18.7-10\" target=\"_blank\" rel=\"noopener\">Mt 18,7-10<\/a>)<\/p><\/blockquote>\n<p><!--more--><\/p>\n<h3>Zusammenfassung der Katechese vom 14. Oktober 2015 von Papst Franziskus<\/h3>\n<p>Liebe Br\u00fcder und Schwestern, gerne sprechen wir von den Kindern als eine Hoffnung f\u00fcr das Leben. Wir bezeichnen die jungen Menschen als unsere Zukunft. Gehen wir aber ernsthaft mit ihrer Zukunft um? Wir m\u00fcssen uns fragen, ob wir den Versprechen treu sind, die wir den Kindern geben und die entscheidend sind f\u00fcr ihre Erwartungen an das Leben, f\u00fcr ihr Vertrauen in die Menschen und f\u00fcr ihre F\u00e4higkeit, den Namen Gottes als Segen zu begreifen. Die grundlegenden Versprechen wie Aufnahme, F\u00fcrsorge, N\u00e4he, Vertrauen, Hoffnung lassen sich in einem zusammenfassen: Liebe. Kinder erwarten ganz vertrauensvoll und hilflos, dass dieses Versprechen bekr\u00e4ftigt wird. Wehe dem, der ihr Vertrauen verr\u00e4t! Ebenso darf ihr nat\u00fcrliches Vertrauen in Gott nicht verletzt werden. Sobald ein Kind zu sp\u00fcren vermag, dass es um seiner selbst willen geliebt wird, sp\u00fcrt es auch, dass es einen Gott gibt, der die Kinder liebt. Zusammen mit der Nahrung und F\u00fcrsorge empfangen die Kinder die geistigen Qualit\u00e4ten der Liebe als Geschenk: die Gabe des pers\u00f6nlichen Namens, die Mitteilung der Sprache, das Verstehen mit Blicken. So lernen sie, dass die Sch\u00f6nheit der Verbindung zwischen Menschen auf die Seele gerichtet ist, unsere Freiheit sucht, die Verschiedenheit des anderen akzeptiert und ihn als Gegen\u00fcber anerkennt. Ein wichtiges Versprechen, das Eltern ihrem Kind geben, hei\u00dft: Wir schenken uns dir, um dich dir selbst zu schenken. Diese Liebe bringt einen Funken der Liebe Gottes. Wenn wir die Kinder mit den Augen Jesu betrachten, verstehen wir: Die Familie zu verteidigen hei\u00dft die Menschheit zu sch\u00fctzen. \u00a9 Copyright &#8211; Libreria Editrice Vaticana<\/p>\n<h3>F\u00fcr die deutschsprachigen Pilger wurden folgende Gru\u00dfworte auf Italienisch verlesen:<\/h3>\n<p>Ein herzliches Willkommen sage ich den Pilgern aus den L\u00e4ndern deutscher Sprache. Ich begr\u00fc\u00dfe die Neupriester und die neugeweihten Diakone des Collegium Germanicum et Hungaricum mit ihren Angeh\u00f6rigen sowie die zahlreichen Schulgruppen, insbesondere das Gymnasium Ursulaschule in Osnabr\u00fcck. Betet weiterhin f\u00fcr die Bischofssynode. Wir wollen alle die Eltern darin unterst\u00fctzen, den Kindern eine Zukunft des Lebens und im Glauben zu sichern. Der Heilige Geist leite euch auf euren Wegen. \u00a9 Copyright &#8211; Libreria Editrice Vaticana<\/p>\n<h2 id=\"hinweise\"><strong>Weitere Hinweise und Quellen<\/strong><\/h2>\n<div>\n<ul>\n<li>Libreria Editrice Vaticana: <a href=\"http:\/\/w2.vatican.va\/content\/francesco\/de\/audiences\/2015\/documents\/papa-francesco_20151014_udienza-generale.html\" target=\"_blank\" rel=\"noopener\">Papst Franziskus\u00a0\u21d2 Audienzen\u00a0\u21d2 2015\u00a0\u21d2 14. Oktober<\/a><\/li>\n<li>Radio Horeb: <a href=\"http:\/\/www.horeb.org\/xyz\/podcast\/papstaudienz\/20151014audienz.mp3\" target=\"_blank\" rel=\"noopener\">Podcast zur Generalaudienz vom 14. Oktober 2015<\/a><\/li>\n<li>Agentur Zenit: Katechese von Papst Franziskus w\u00e4hrend der Generalaudienz am 14. Oktober 2015<\/li>\n<li>Katechese 30: <a href=\"https:\/\/website.ifit.li\/?p=5991\" target=\"_blank\" rel=\"noopener\">Zwischen Kirche und Familie besteht eine tiefe unaufl\u00f6sliche Beziehung<\/a><\/li>\n<li>Radio Vatikan: <a href=\"http:\/\/de.radiovaticana.va\/news\/2015\/10\/14\/papst_bitte_um_vergebung_f\u00fcr_skandale_im_vatikan\/1179128\" target=\"_blank\" rel=\"noopener\">Audiodokument 1179128 von Stefan von Kempis<\/a><\/li>\n<li>Fr\u00fchere Katechesen 1 bis 29:\u00a0<a href=\"https:\/\/website.ifit.li\/?p=5016\" target=\"_blank\" rel=\"noopener\">Katechesen von Papst Franziskus \u00fcber Ehe und Familie<strong><br \/>\n<\/strong><\/a><\/li>\n<\/ul>\n<\/div>\n","protected":false},"excerpt":{"rendered":"<p>31. Katechese von Papst Franziskus \u00fcber Ehe und Familie (w\u00e4hrend der Synode) Papst Franziskus hat am Mittwoch, 14. Oktober 2015, w\u00e4hrend der Synode zum Thema \u201eDie Berufung und Sendung der Familie in Kirche und Welt von heute\u201c eine weitere Generalaudienz\u00a0 auf dem Petersplatz vor Zehntausenden Gl\u00e4ubigen abgehalten. Die Lesung bezog sich auf einen Abschnitt aus &hellip; <a href=\"https:\/\/website.ifit.li\/?p=6004\" class=\"more-link\"><span class=\"screen-reader-text\">Die Familie zu verteidigen heisst die Menschheit zu sch\u00fctzen<\/span> weiterlesen <span class=\"meta-nav\">&rarr;<\/span><\/a><\/p>\n","protected":false},"author":1,"featured_media":5283,"comment_status":"closed","ping_status":"open","sticky":false,"template":"","format":"standard","meta":{"footnotes":""},"categories":[68,2],"tags":[266,176,125,104,58],"class_list":["post-6004","post","type-post","status-publish","format-standard","has-post-thumbnail","hentry","category-ehe-und-familie","category-kirche","tag-diakon","tag-familie","tag-jahr-der-familie","tag-katechese","tag-papst-franziskus"],"_links":{"self":[{"href":"https:\/\/website.ifit.li\/index.php?rest_route=\/wp\/v2\/posts\/6004","targetHints":{"allow":["GET"]}}],"collection":[{"href":"https:\/\/website.ifit.li\/index.php?rest_route=\/wp\/v2\/posts"}],"about":[{"href":"https:\/\/website.ifit.li\/index.php?rest_route=\/wp\/v2\/types\/post"}],"author":[{"embeddable":true,"href":"https:\/\/website.ifit.li\/index.php?rest_route=\/wp\/v2\/users\/1"}],"replies":[{"embeddable":true,"href":"https:\/\/website.ifit.li\/index.php?rest_route=%2Fwp%2Fv2%2Fcomments&post=6004"}],"version-history":[{"count":10,"href":"https:\/\/website.ifit.li\/index.php?rest_route=\/wp\/v2\/posts\/6004\/revisions"}],"predecessor-version":[{"id":38740,"href":"https:\/\/website.ifit.li\/index.php?rest_route=\/wp\/v2\/posts\/6004\/revisions\/38740"}],"wp:featuredmedia":[{"embeddable":true,"href":"https:\/\/website.ifit.li\/index.php?rest_route=\/wp\/v2\/media\/5283"}],"wp:attachment":[{"href":"https:\/\/website.ifit.li\/index.php?rest_route=%2Fwp%2Fv2%2Fmedia&parent=6004"}],"wp:term":[{"taxonomy":"category","embeddable":true,"href":"https:\/\/website.ifit.li\/index.php?rest_route=%2Fwp%2Fv2%2Fcategories&post=6004"},{"taxonomy":"post_tag","embeddable":true,"href":"https:\/\/website.ifit.li\/index.php?rest_route=%2Fwp%2Fv2%2Ftags&post=6004"}],"curies":[{"name":"wp","href":"https:\/\/api.w.org\/{rel}","templated":true}]}}