{"id":5085,"date":"2013-09-09T22:39:38","date_gmt":"2013-09-09T20:39:38","guid":{"rendered":"https:\/\/website.ifit.li\/?p=5085"},"modified":"2022-05-03T10:02:43","modified_gmt":"2022-05-03T08:02:43","slug":"ist-wieder-eine-wissenschaft-zum-spielball-der-maechte-und-gewalten-geworden","status":"publish","type":"post","link":"https:\/\/website.ifit.li\/?p=5085","title":{"rendered":"Ist wieder eine Wissenschaft zum Spielball der M\u00e4chte und Gewalten geworden?"},"content":{"rendered":"<h2>Hat die Ingenieurwissenschaft Informatik auf breiter Front versagt?<\/h2>\n<p><a href=\"https:\/\/ml2mintiuscj.i.optimole.com\/w:auto\/h:auto\/q:mauto\/f:best\/https:\/\/website.ifit.li\/wp-content\/uploads\/2013\/09\/Informatik-Ingenieur-ETH-Zürich-931x471.jpg\"><img data-opt-id=1182726124  fetchpriority=\"high\" decoding=\"async\" class=\"alignleft wp-image-11659\" src=\"https:\/\/ml2mintiuscj.i.optimole.com\/w:931\/h:471\/q:mauto\/f:best\/https:\/\/website.ifit.li\/wp-content\/uploads\/2013\/09\/Informatik-Ingenieur-ETH-Zürich-931x471.jpg\" alt=\"ethz.ch\" width=\"283\" height=\"143\" srcset=\"https:\/\/ml2mintiuscj.i.optimole.com\/w:931\/h:471\/q:mauto\/f:best\/https:\/\/website.ifit.li\/wp-content\/uploads\/2013\/09\/Informatik-Ingenieur-ETH-Z\u00fcrich-931x471.jpg 931w, https:\/\/ml2mintiuscj.i.optimole.com\/w:300\/h:152\/q:mauto\/f:best\/https:\/\/website.ifit.li\/wp-content\/uploads\/2013\/09\/Informatik-Ingenieur-ETH-Z\u00fcrich-931x471.jpg 300w, https:\/\/ml2mintiuscj.i.optimole.com\/w:768\/h:389\/q:mauto\/f:best\/https:\/\/website.ifit.li\/wp-content\/uploads\/2013\/09\/Informatik-Ingenieur-ETH-Z\u00fcrich-931x471.jpg 768w\" sizes=\"(max-width: 283px) 100vw, 283px\" \/><\/a>Als ich mich im Jahr 1977 entschieden hatte, das Studium der Biochemie an der Universit\u00e4t Fribourg aufzugeben und Informatik (Computer Science) zu studieren, war ich voll Enthusiasmus, nicht zuletzt inspiriert von der damaligen Flut von Science Fiction Romanen.\u00a0Doch als ich daf\u00fcr eine Ausbildungsst\u00e4tte suchte, wurde ich etwas\u00a0\u00fcberrascht, dass es noch keine einzige Schweizer Universit\u00e4t oder Technische Hochschule gab, die\u00a0ein solches Studium anbot. In der Schweiz gab es jedoch an einer\u00a0HTL ein Sonderstudium oder ein Fachstudium f\u00fcr Informatik, am Neu-Technikum Buchs SG, welches eine seltsame Tr\u00e4gerschaft hatte, n\u00e4mlich das deutsche Bundesland Baden-W\u00fcrttemberg, das \u00f6sterreichische Bundesland Vorarlberg, das F\u00fcrstentum Liechtenstein und die Schweizer Kantone St. Gallen und Graub\u00fcnden. Erstaunlich war auch, dass das damalige Schweizer Bundesamt f\u00fcr Industrie, Gewerbe und Arbeit (BIGA) f\u00fcr den Titel &#171;Bachelor of Computer Science&#187; noch die (eidgen\u00f6ssische) Matura voraussetzte.<!--more--><\/p>\n<p>Damals, also vor rund 40 Jahren,\u00a0waren\u00a0wir Absolventen noch &#171;etwas&#187; stolz,\u00a0diesen\u00a0Bachelor-Titel\u00a0zu holen, wenn es auch nur f\u00fcr ein paar Jahrg\u00e4nge dauern sollte.\u00a0Denn das Studium wurde 1980 sistiert, als die ETH Z\u00fcrich und andere das Informatikstudium lancierten. Aber in dieser \u00dcbergangszeit\u00a0kamen wir uns\u00a0etwas wie Pioniere vor, mussten (oder konnten) wir doch viele Tools wie Texteditor oder Compiler (Pascal-Parser) selber programmieren. Neben Assembler, Fortran, PL\/1 und anderen Exoten gab es gerade mal Programmiersprachen der dritten Generation wie Pascal, und die Betriebssysteme (Unix) waren noch kaum\u00a0windowsf\u00e4hig. Wir hatten\u00a0ein Bewusstsein, der Menschheit zu Diensten zu sein und uns f\u00fcr einen gewissen Fortschritt einsetzen zu k\u00f6nnen.<\/p>\n<figure id=\"attachment_11661\" aria-describedby=\"caption-attachment-11661\" style=\"width: 251px\" class=\"wp-caption alignleft\"><a href=\"https:\/\/website.ifit.li\/wp-content\/uploads\/2013\/09\/Neu-Technikum-Buchs-NTB-768x576.bmp\"><img data-opt-id=191480138  fetchpriority=\"high\" decoding=\"async\" class=\" wp-image-11661\" src=\"https:\/\/website.ifit.li\/wp-content\/uploads\/2013\/09\/Neu-Technikum-Buchs-NTB-768x576.bmp\" alt=\"https:\/\/www.ntb.ch\" width=\"251\" height=\"188\" \/><\/a><figcaption id=\"caption-attachment-11661\" class=\"wp-caption-text\">NTB Interstaatliche Hochschule f\u00fcr Technik Buchs<\/figcaption><\/figure>\n<p>Es ist hier aber nicht meine Absicht, eine chronologische Abfolge von historischen Ereignissen in den vergangenen rund 40 Jahren aufzulisten, sondern ich m\u00f6chte hier vielmehr versuchen darzulegen, neben all den vielen Freuden und Erfolgen,\u00a0jetzt eine tiefergehende Trag\u00f6die in der Informatik zum Ausdruck zu bringen, umso mehr, wenn\u00a0sie vielleicht nicht nur subjektiver Natur zu sein scheint, aber nat\u00fcrlich ohne die vielf\u00e4ltigen Verdienste dieser relativ jungen Ingenieurwissenschaft f\u00fcr die Menschheit zu vergessen. Ja, in all den Jahren sprach man gewiss immer auch von der sogenannten Softwarekrise, welche jedem, der mal Software entwickelt hat, ein Dorn im Auge war oder noch ist. Ja, die Trag\u00f6die, die ich hier meine, ist die, dass die <a href=\"https:\/\/de.wikipedia.org\/wiki\/Digitalisierung\" target=\"_blank\" rel=\"noopener\">Digitalisierung<\/a> nicht nur ungeahnte Fortschritte brachte, die heutzutage jedem vielfach bekannt sind und \u00fcber die ich hier wegen der Komplexit\u00e4t gar nicht reden will, sondern dass sie auch ungeahnte Vereinfachungen in den (teilweise noch) gesetzlosen \u00dcberwachungsm\u00f6glichkeiten brachte, die, wenn sie in\u00a0falsche H\u00e4nde geraten, erst mal ein paar Jahre gar nicht an die Oberfl\u00e4che gelangen, dann aber schubweise emporkommen. Einer dieser Empork\u00f6mmlinge wird nun sichtbar\u00a0mit der Tatsache, dass die NSA und Co. nicht nur Computer (gross und klein), jegliche Netzwerke, Telefone (fest und\u00a0mobil), Fax, eMail, Funk-, Satelliten-\u00a0und andere Kommunikationssysteme nun auch, allen Bem\u00fchungen zum Trotz, die Verschl\u00fcsselungstechnik im Griff haben.<\/p>\n<p>Ist das eine \u00dcberraschung? Nein, meines Wissens nicht. Es wurde nur jahrelang, vielleicht sogar Jahrzehnte unter Verschluss gehalten oder man konnte es nicht beweisen. Wir, damit meine ich die Menschheit,\u00a0wissen doch schon lange, dass\u00a0gewisse Staaten\u00a0Zugang \u00fcber Hintert\u00fcren haben, den sie gewaltsam erzwungen haben (siehe Phil Zimmermann mit PGP) und es ihnen erlaubt, g\u00e4ngige Verschl\u00fcsselungsmethoden wie SSL\/TLS und\u00a0SSH sowie ihre Verschl\u00fcsselungsalgorithmen zu &#171;knacken&#187;. Wer&#8217;s nicht glauben will, soll sich nur ein bisschen umsehen im &#171;Handbook of Applied Cryptography&#187;, Menezes, van Oorschot, Vanstone, CRC Press. Na dann viel Spass!<\/p>\n<p>Aber was mich am meisten entt\u00e4uscht, ist nicht, dass man nicht nur die M\u00f6glichkeiten breiten Kreisen verschwiegen hat, sondern dass die an sich n\u00fctzliche Ingenieurwissenschaft Informatik (wie\u00a0etwa auch Medizin, Biochemie und\u00a0Philosophie) nun auch immer mehr missbraucht wird, um diese unethischen Machenschaften zu tun. Das ist es: Unethische Machenschaften! Wenn dem Staat scheinbar alles erlaubt ist, und Mehrheiten irgendwelche Gesetze, sogar wie blind\u00a0gegen sich selbst, erlassen k\u00f6nnen, die eben diese Mehrheiten auch wollen, auch wenn sie nicht ethisch sind (z.B. Abtreibung), ist denn da nicht kausal eine entsprechende Schlussfolgerung m\u00f6glich, dass die Menschheit, wenn sie nicht aufpasst (mit ihren sogenannten demokratischen &#171;Prinzipien&#187;), sich selbst ein Schnippchen schl\u00e4gt und gar die Menschenrechte wieder abschafft?<\/p>\n<figure id=\"attachment_4317\" aria-describedby=\"caption-attachment-4317\" style=\"width: 172px\" class=\"wp-caption alignleft\"><a href=\"https:\/\/ml2mintiuscj.i.optimole.com\/w:auto\/h:auto\/q:mauto\/f:best\/https:\/\/website.ifit.li\/wp-content\/uploads\/2014\/12\/Konrad-Zuse-e1417865058226.png\"><img data-opt-id=181039883  fetchpriority=\"high\" decoding=\"async\" class=\"wp-image-4317\" src=\"https:\/\/ml2mintiuscj.i.optimole.com\/w:auto\/h:auto\/q:mauto\/f:best\/https:\/\/website.ifit.li\/wp-content\/uploads\/2014\/12\/Konrad-Zuse-e1417865058226.png\" alt=\"Konrad Zuse\" width=\"172\" height=\"129\" \/><\/a><figcaption id=\"caption-attachment-4317\" class=\"wp-caption-text\">Interview mit Konrad Zuse in Zeitschrift OUTPUT Nr. 1\/1992<\/figcaption><\/figure>\n<p>Doch wie sagte es der Erfinder des Computers, Konrad Zuse\u00a01992 in einem meiner Interviews, das ich mit ihm anl\u00e4sslich der Verleihung des sechsten Ehrendoktortitels an der ETH Z\u00fcrich f\u00fchren durfte:<\/p>\n<blockquote>\n<h4>\u00abWer immer strebend sich bem\u00fcht, den k\u00f6nnen wir erl\u00f6sen\u00bb<\/h4>\n<\/blockquote>\n<p style=\"text-align: right;\">Goethe&#8217;s Faust: Der Trag\u00f6die zweiter Teil<\/p>\n<h3>Weitere Hinweise und Quellen<\/h3>\n<ul>\n<li><a title=\"Konrad Zuse\" href=\"http:\/\/www.konrad-zuse.de\/\" target=\"_blank\" rel=\"noopener\"><span style=\"text-decoration: underline;\"><span style=\"color: #0066cc;\">Konrad Zuse<\/span><\/span><\/a> ist 1995 gestorben und w\u00e4re im Jahr 2010 100 Jahre alt geworden. Ich habe ihn als einen sehr bescheidenen und liebensw\u00fcrdigen Menschen kennenlernen d\u00fcrfen.<\/li>\n<li>Interviews:\u00a0<a title=\"Informatik-Pioniere der 90er Jahre in Wort, Bild und Ton\" href=\"https:\/\/website.ifit.li\/?p=4096\" target=\"_blank\" rel=\"noopener\">Informatik-Pioniere der 90er Jahre in Wort, Bild und Ton<\/a> (Die Gespr\u00e4che\u00a0insbesondere mit Konrad Zuse stehen auch\u00a0als MP4-Video zur Verf\u00fcgung.)<\/li>\n<li>Editorial: <a href=\"https:\/\/website.ifit.li\/wp-content\/uploads\/2015\/02\/OP-Nr.-11-1991-Editorial.pdf\" target=\"_blank\" rel=\"noopener\">OUTPUT Nr. 11 1991 Editorial von Louis A. Venetz<\/a><\/li>\n<li>CeBIT 2015: <a title=\"Ber\u00fchmtester Computer-Hacker der Welt kommt zur CeBIT\" href=\"http:\/\/www.cebit.de\/de\/presseservice\/pressemitteilungen\/pressemitteilungen-deutsche-messe\/?id=700737&amp;lang=D&amp;source=jnl_pm\" target=\"_blank\" rel=\"noopener\">Ber\u00fchmtester Computer-Hacker der Welt kommt zur CeBIT<\/a><\/li>\n<\/ul>\n","protected":false},"excerpt":{"rendered":"<p>Hat die Ingenieurwissenschaft Informatik auf breiter Front versagt? Als ich mich im Jahr 1977 entschieden hatte, das Studium der Biochemie an der Universit\u00e4t Fribourg aufzugeben und Informatik (Computer Science) zu studieren, war ich voll Enthusiasmus, nicht zuletzt inspiriert von der damaligen Flut von Science Fiction Romanen.\u00a0Doch als ich daf\u00fcr eine Ausbildungsst\u00e4tte suchte, wurde ich etwas\u00a0\u00fcberrascht, &hellip; <a href=\"https:\/\/website.ifit.li\/?p=5085\" class=\"more-link\"><span class=\"screen-reader-text\">Ist wieder eine Wissenschaft zum Spielball der M\u00e4chte und Gewalten geworden?<\/span> weiterlesen <span class=\"meta-nav\">&rarr;<\/span><\/a><\/p>\n","protected":false},"author":1,"featured_media":6210,"comment_status":"closed","ping_status":"open","sticky":false,"template":"","format":"standard","meta":{"footnotes":""},"categories":[11,18,6],"tags":[183,408,110,27,178,271],"class_list":["post-5085","post","type-post","status-publish","format-standard","has-post-thumbnail","hentry","category-kultur-und-gesellschaft","category-politik","category-wissenschaft-und-ethik","tag-abtreibung","tag-digitalisierung","tag-informatik","tag-konrad-zuse","tag-sicherheit","tag-trugschluss"],"_links":{"self":[{"href":"https:\/\/website.ifit.li\/index.php?rest_route=\/wp\/v2\/posts\/5085","targetHints":{"allow":["GET"]}}],"collection":[{"href":"https:\/\/website.ifit.li\/index.php?rest_route=\/wp\/v2\/posts"}],"about":[{"href":"https:\/\/website.ifit.li\/index.php?rest_route=\/wp\/v2\/types\/post"}],"author":[{"embeddable":true,"href":"https:\/\/website.ifit.li\/index.php?rest_route=\/wp\/v2\/users\/1"}],"replies":[{"embeddable":true,"href":"https:\/\/website.ifit.li\/index.php?rest_route=%2Fwp%2Fv2%2Fcomments&post=5085"}],"version-history":[{"count":11,"href":"https:\/\/website.ifit.li\/index.php?rest_route=\/wp\/v2\/posts\/5085\/revisions"}],"predecessor-version":[{"id":11682,"href":"https:\/\/website.ifit.li\/index.php?rest_route=\/wp\/v2\/posts\/5085\/revisions\/11682"}],"wp:featuredmedia":[{"embeddable":true,"href":"https:\/\/website.ifit.li\/index.php?rest_route=\/wp\/v2\/media\/6210"}],"wp:attachment":[{"href":"https:\/\/website.ifit.li\/index.php?rest_route=%2Fwp%2Fv2%2Fmedia&parent=5085"}],"wp:term":[{"taxonomy":"category","embeddable":true,"href":"https:\/\/website.ifit.li\/index.php?rest_route=%2Fwp%2Fv2%2Fcategories&post=5085"},{"taxonomy":"post_tag","embeddable":true,"href":"https:\/\/website.ifit.li\/index.php?rest_route=%2Fwp%2Fv2%2Ftags&post=5085"}],"curies":[{"name":"wp","href":"https:\/\/api.w.org\/{rel}","templated":true}]}}