{"id":5041,"date":"2013-11-09T16:28:14","date_gmt":"2013-11-09T15:28:14","guid":{"rendered":"https:\/\/website.ifit.li\/?p=5041"},"modified":"2024-02-18T15:52:19","modified_gmt":"2024-02-18T14:52:19","slug":"jahr-des-glaubens","status":"publish","type":"post","link":"https:\/\/website.ifit.li\/?p=5041","title":{"rendered":"Jahr des Glaubens"},"content":{"rendered":"<h2>Ereignisse, Katechesen und\u00a0Schreiben der r\u00f6misch-katholischen Kirche<\/h2>\n<p><a href=\"https:\/\/ml2mintiuscj.i.optimole.com\/w:auto\/h:auto\/q:mauto\/f:best\/https:\/\/website.ifit.li\/wp-content\/uploads\/2015\/01\/Jahr-des-Glaubens.jpg\"><img data-opt-id=1379517936  fetchpriority=\"high\" decoding=\"async\" class=\"alignleft wp-image-4980\" src=\"https:\/\/ml2mintiuscj.i.optimole.com\/w:auto\/h:auto\/q:mauto\/f:best\/https:\/\/website.ifit.li\/wp-content\/uploads\/2015\/01\/Jahr-des-Glaubens.jpg\" alt=\"Jahr des Glaubens\" width=\"269\" height=\"269\" \/><\/a>Das Jahr des Glaubens dauerte vom 11. Oktober 2012 bis zum 24. November, dem Christk\u00f6nigssonntag 2013. Der 11. Oktober war zugleich der 50. Jahrestag des Beginns des <a title=\"Zweiten Vatikanischen Konzils\" href=\"http:\/\/www.vatican.va\/archive\/hist_councils\/ii_vatican_council\/index_ge.htm\" target=\"_blank\" rel=\"noopener noreferrer\">Zweiten Vatikanischen Konzils<\/a> (1962) und ebenso der 20. Jahrestag des Erscheinens des Weltkatechismus (1992). Nach den Worten von Papst Benedikt XVI. ist die eigentliche Aufgabe der Kirche die Glaubensverk\u00fcndigung. Sie d\u00fcrfe sich durch die Abgrenzung von Politik und Staat nicht davon abbringen lassen. Ihr Wirken k\u00f6nne sich nicht allein darin ersch\u00f6pfen, den Menschen die \u201crechte Trennung\u201d von politischer und religi\u00f6ser Sph\u00e4re in Erinnerung zu rufen, sagte der Papst. \u201cDie Mission der Kirche ist wie jene Christi, wesentlich \u00fcber Gott zu sprechen\u201d, betonte Benedikt XVI. am Sonntag, 16. Oktober 2011 bei einer \u201cMesse zur Neuevangelisierung\u201d im Petersdom. Diesen Auftrag gelte in besonderer Weise gegen\u00fcber Christen, die ihre eigene Identit\u00e4t verloren h\u00e4tten. Die Aufforderung Jesu, dem Kaiser zu geben, was des Kaisers ist, und Gott zu geben, was Gott geh\u00f6rt, d\u00fcrfe nicht politisch reduziert werden, sondern sei in diesem gr\u00f6\u00dferen, anthropologischen Zusammenhang zu sehen. <!--more-->Zur gleichen Zeit k\u00fcndigte der Papst ein <a title=\"Apostolisches Schreiben &quot;Porta fidei&quot;\" href=\"http:\/\/www.vatican.va\/holy_father\/benedict_xvi\/motu_proprio\/documents\/hf_ben-xvi_motu-proprio_20111011_porta-fidei_ge.html\" target=\"_blank\" rel=\"noopener noreferrer\">Apostolisches Schreiben \u201cPorta fidei\u201d<\/a> \u00fcber die Beweggr\u00fcnde, die Ziele und die Leitlinien dieses Jahres an. Die folgenden blauen Links sind sog. Hotlinks, bei denen beim Dr\u00fcberfahren mit der Maus der Titel des Blog-Artikels eingeblendet wird.<\/p>\n<h3>Katechesen zum Jahr des Glaubens<\/h3>\n<p>Dies ersten siebzehn Katechesen zum Jahr des Glaubens h\u00f6ren und lesen Sie noch mit dem em. Papst Benedikt XVI. (bis und mit 3. Februar 2013), die restlichen f\u00fchrte Papst Franziskus weiter (vom 3. April bis 6. November 2013; vom 10. Juli bis 4. September war die Sommerpause). Um die Katechese zu lesen, klicken Sie auf das Datum und um zu h\u00f6ren\u00a0w\u00e4hlen Sie \u2013 im Blog-Artikel\u00a0\u2013 unten\u00a0auf\u00a0Radio Horeb Podcast.<\/p>\n<table>\n<caption><strong>Katechesen zum Jahr des Glaubens von Papst Benedikt XVI<\/strong>.\u00a0<\/caption>\n<tbody>\n<tr>\n<th><strong>\u00a0Datum<\/strong><\/th>\n<th><strong>\u00a0Thema<\/strong><\/th>\n<\/tr>\n<tr>\n<td>\u00a0<a title=\"Kirche ist Vermittler der Wahrheit\" href=\"https:\/\/website.ifit.li\/?p=4804\" target=\"_blank\" rel=\"noopener noreferrer\"><span style=\"text-decoration: underline;\"><span style=\"color: #0066cc;\">17.10.2012<\/span><\/span><\/a><\/td>\n<td>\u00a0Kirche ist Vermittler der Wahrheit<\/td>\n<\/tr>\n<tr>\n<td>\u00a0<a title=\"Glaube hei\u00dft, der Liebe Gottes zu trauen\" href=\"https:\/\/website.ifit.li\/?p=4810\" target=\"_blank\" rel=\"noopener noreferrer\"><span style=\"text-decoration: underline;\"><span style=\"color: #0066cc;\">24.10.2012<\/span><\/span><\/a><\/td>\n<td>\u00a0Glaube hei\u00dft, der Liebe Gottes zu trauen<\/td>\n<\/tr>\n<tr>\n<td>\u00a0<a title=\"Glaube ist nur pers\u00f6nlich, wenn er gemeinschaftlich ist\" href=\"https:\/\/website.ifit.li\/?p=4817\" target=\"_blank\" rel=\"noopener noreferrer\"><span style=\"text-decoration: underline;\"><span style=\"color: #0066cc;\">31.10.2012<\/span><\/span><\/a><\/td>\n<td>\u00a0Glaube ist nur pers\u00f6nlich, wenn er gemeinschaftlich ist<\/td>\n<\/tr>\n<tr>\n<td>\u00a0<a title=\"Die Erfahrung menschlicher Liebe \u00f6ffnet f\u00fcr Gott\" href=\"https:\/\/website.ifit.li\/?p=4825\" target=\"_blank\" rel=\"noopener noreferrer\"><span style=\"text-decoration: underline;\"><span style=\"color: #0066cc;\">07.11.2012<\/span><\/span><\/a><\/td>\n<td>\u00a0Die Erfahrung menschlicher Liebe \u00f6ffnet f\u00fcr Gott<\/td>\n<\/tr>\n<tr>\n<td>\u00a0<a title=\"Der Glaube ist eine Begegnung mit Gott, die den Menschen umwandelt\" href=\"https:\/\/website.ifit.li\/?p=4828\" target=\"_blank\" rel=\"noopener noreferrer\"><span style=\"text-decoration: underline;\"><span style=\"color: #0066cc;\">14.11.2012<\/span><\/span><\/a><\/td>\n<td>\u00a0Der Glaube ist eine Begegnung mit Gott, die den Menschen umwandelt<\/td>\n<\/tr>\n<tr>\n<td>\u00a0<a title=\"An Gott zu glauben, ist vern\u00fcnftig!\" href=\"https:\/\/website.ifit.li\/?p=4831\" target=\"_blank\" rel=\"noopener noreferrer\"><span style=\"text-decoration: underline;\"><span style=\"color: #0066cc;\">21.11.2012<\/span><\/span><\/a><\/td>\n<td>\u00a0An Gott zu glauben, ist vern\u00fcnftig!<\/td>\n<\/tr>\n<tr>\n<td>\u00a0<a title=\"Wie kann man im Heute zu seinen Mitmenschen von Gott sprechen?\" href=\"https:\/\/website.ifit.li\/?p=4834\" target=\"_blank\" rel=\"noopener noreferrer\"><span style=\"text-decoration: underline;\"><span style=\"color: #0066cc;\">28.11.2012<\/span><\/span><\/a><\/td>\n<td>\u00a0Wie kann man im Heute zu seinen Mitmenschen von Gott sprechen?<\/td>\n<\/tr>\n<tr>\n<td>\u00a0<a title=\"Festhalten an Gott ist Schutz vor der Beliebigkeit\" href=\"https:\/\/website.ifit.li\/?p=4837\" target=\"_blank\" rel=\"noopener noreferrer\"><span style=\"text-decoration: underline;\"><span style=\"color: #0066cc;\">05.12.2012<\/span><\/span><\/a><\/td>\n<td>\u00a0Festhalten an Gott ist Schutz vor der Beliebigkeit<\/td>\n<\/tr>\n<tr>\n<td>\u00a0<a title=\"Der gro\u00dfe Plan der Liebe Gottes erf\u00fcllt sich vor unseren Augen\" href=\"https:\/\/website.ifit.li\/?p=4840\" target=\"_blank\" rel=\"noopener noreferrer\"><span style=\"text-decoration: underline;\"><span style=\"color: #0066cc;\">12.12.2012<\/span><\/span><\/a><\/td>\n<td>\u00a0Der gro\u00dfe Plan der Liebe Gottes erf\u00fcllt sich vor unseren Augen<\/td>\n<\/tr>\n<tr>\n<td><a title=\"Wir wollen mithelfen, dass sich der Friede Christi auf der Erde ausbreite\" href=\"https:\/\/website.ifit.li\/?p=4844\" target=\"_blank\" rel=\"noopener noreferrer\"><span style=\"text-decoration: underline;\"><span style=\"color: #0066cc;\">19.12.2012<\/span><\/span><\/a><\/td>\n<td>Wir wollen mithelfen, dass sich der Friede Christi auf der Erde ausbreite<\/td>\n<\/tr>\n<tr>\n<td><a title=\"Menschwerdung des ewigen Wortes Gottes ist das Werk von Vater, Sohn und Heiligem Geist\" href=\"https:\/\/website.ifit.li\/?p=4847\" target=\"_blank\" rel=\"noopener noreferrer\"><span style=\"text-decoration: underline;\"><span style=\"color: #0066cc;\">02.01.2013<\/span><\/span><\/a><\/td>\n<td>Menschwerdung des ewigen Wortes Gottes ist das Werk von Vater, Sohn und Heiligem Geist<\/td>\n<\/tr>\n<tr>\n<td><a title=\"Gott wird Mensch, damit wir Kinder Gottes werden k\u00f6nnen\" href=\"https:\/\/website.ifit.li\/?p=4850\" target=\"_blank\" rel=\"noopener noreferrer\"><span style=\"text-decoration: underline;\"><span style=\"color: #0066cc;\">10.01.2013<\/span><\/span><\/a><\/td>\n<td>Gott wird Mensch, damit wir Kinder Gottes werden k\u00f6nnen<\/td>\n<\/tr>\n<tr>\n<td><a title=\"Wenn wir Gottes Antlitz sehen wollen, m\u00fcssen wir Christus nachfolgen\" href=\"https:\/\/website.ifit.li\/?p=4853\" target=\"_blank\" rel=\"noopener noreferrer\"><span style=\"text-decoration: underline;\"><span style=\"color: #0066cc;\">16.01.2013<\/span><\/span><\/a><\/td>\n<td>Wenn wir Gottes Antlitz sehen wollen, m\u00fcssen wir Christus nachfolgen<\/td>\n<\/tr>\n<tr>\n<td><a title=\"Glaube an Gott ist g\u00f6ttliche Gnade und die menschliche Antwort \u2013 beides ein Dialog der Liebe\" href=\"https:\/\/website.ifit.li\/?p=4856\" target=\"_blank\" rel=\"noopener noreferrer\"><span style=\"text-decoration: underline;\"><span style=\"color: #0066cc;\">23.01.2013<\/span><\/span><\/a><\/td>\n<td>Glaube an Gott ist g\u00f6ttliche Gnade und die menschliche Antwort \u2013 beides ein Dialog der Liebe<\/td>\n<\/tr>\n<tr>\n<td><a title=\"Gott ist ein Vater, der seine Kinder nie verl\u00e4sst, sondern sie in Liebe und Treue tr\u00e4gt und h\u00e4lt\" href=\"https:\/\/website.ifit.li\/?p=4859\" target=\"_blank\" rel=\"noopener noreferrer\"><span style=\"text-decoration: underline;\"><span style=\"color: #0066cc;\">30.01.2013<\/span><\/span><\/a><\/td>\n<td>Gott ist ein Vater, der seine Kinder nie verl\u00e4sst, sondern sie in Liebe und Treue tr\u00e4gt und h\u00e4lt<\/td>\n<\/tr>\n<tr>\n<td><a title=\"Christus hat durch die Erneuerung der Beziehung zu Gott das Sein des Menschen neu gestaltet\" href=\"https:\/\/website.ifit.li\/?p=4864\" target=\"_blank\" rel=\"noopener noreferrer\"><span style=\"text-decoration: underline;\"><span style=\"color: #0066cc;\">06.02.2013<\/span><\/span><\/a><\/td>\n<td>Christus hat durch die Erneuerung der Beziehung zu Gott das Sein des Menschen neu gestaltet<\/td>\n<\/tr>\n<tr>\n<td><a title=\"Dann kehren wir uns zu Gott hin, zu unserem Sch\u00f6pfer und der Quelle aller Liebe\" href=\"https:\/\/website.ifit.li\/?p=4867\" target=\"_blank\" rel=\"noopener noreferrer\"><span style=\"text-decoration: underline;\"><span style=\"color: #0066cc;\">13.02.2013<\/span><\/span><\/a><\/td>\n<td>Dann kehren wir uns zu Gott hin, zu unserem Sch\u00f6pfer und der Quelle aller Liebe<\/td>\n<\/tr>\n<\/tbody>\n<\/table>\n<table>\n<caption><strong>Katechesen zum Jahr des Glaubens von Papst Franziskus<\/strong>\u00a0<\/caption>\n<tbody>\n<tr>\n<th><strong>\u00a0Datum<\/strong><\/th>\n<th><strong>\u00a0Thema<\/strong><\/th>\n<\/tr>\n<tr>\n<td><a title=\"Ohne diesen Glauben an Tod und Auferstehung Christi ist unsere Hoffnung schwach, nicht einmal eine wirkliche Hoffnung\" href=\"https:\/\/website.ifit.li\/?p=4874\" target=\"_blank\" rel=\"noopener noreferrer\"><span style=\"text-decoration: underline;\"><span style=\"color: #0066cc;\">03.04.2013<\/span><\/span><\/a><\/td>\n<td>Ohne diesen Glauben an Tod und Auferstehung Christi ist unsere Hoffnung schwach, nicht einmal eine wirkliche Hoffnung<\/td>\n<\/tr>\n<tr>\n<td><a title=\"Christ sein hei\u00dft nicht blo\u00df die Gebote befolgen, sondern in Christus sein \u2013 denken, handeln, lieben wie ER\" href=\"https:\/\/website.ifit.li\/?p=4878\" target=\"_blank\" rel=\"noopener noreferrer\"><span style=\"text-decoration: underline;\"><span style=\"color: #0066cc;\">10.04.2013<\/span><\/span><\/a><\/td>\n<td>Christ sein hei\u00dft nicht blo\u00df die Gebote befolgen, sondern in Christus sein \u2013 denken, handeln, lieben wie ER<\/td>\n<\/tr>\n<tr>\n<td><a title=\"Wir sind nie allein: Mit Christus haben wir einen Anwalt im Himmel, der f\u00fcr uns eintritt\" href=\"https:\/\/website.ifit.li\/?p=4881\" target=\"_blank\" rel=\"noopener noreferrer\"><span style=\"text-decoration: underline;\"><span style=\"color: #0066cc;\">17.04.2013<\/span><\/span><\/a><\/td>\n<td>Wir sind nie allein: Mit Christus haben wir einen Anwalt im Himmel, der f\u00fcr uns eintritt<\/td>\n<\/tr>\n<tr>\n<td><a title=\"Aus dem Glaubensbekenntnis: Von dort wird er kommen, zu richten die Lebenden und die Toten\" href=\"https:\/\/website.ifit.li\/?p=4884\" target=\"_blank\" rel=\"noopener noreferrer\"><span style=\"text-decoration: underline;\"><span style=\"color: #0066cc;\">24.04.2013<\/span><\/span><\/a><\/td>\n<td>Aus dem Glaubensbekenntnis: Von dort wird er kommen, zu richten die Lebenden und die Toten<\/td>\n<\/tr>\n<tr>\n<td><a title=\"Nicht Sklavenarbeit, nicht egoistischer Profit, nein, Arbeit heisst vielmehr, am Plan der Sch\u00f6pfung teilzuhaben\" href=\"https:\/\/website.ifit.li\/?p=4887\" target=\"_blank\" rel=\"noopener noreferrer\"><span style=\"text-decoration: underline;\"><span style=\"color: #0066cc;\">01.05.2013<\/span><\/span><\/a><\/td>\n<td>Nicht Sklavenarbeit, nicht egoistischer Profit, nein, Arbeit heisst vielmehr, am Plan der Sch\u00f6pfung teilzuhaben<\/td>\n<\/tr>\n<tr>\n<td><a title=\"Der Heilige Geist ist wahrer Gott sowie es auch der Vater und der Sohn sind\" href=\"https:\/\/website.ifit.li\/?p=4892\" target=\"_blank\" rel=\"noopener noreferrer\"><span style=\"text-decoration: underline;\"><span style=\"color: #0066cc;\">08.05.2013<\/span><\/span><\/a><\/td>\n<td>Der Heilige Geist ist wahrer Gott sowie es auch der Vater und der Sohn sind<\/td>\n<\/tr>\n<tr>\n<td><a title=\"Beten wir t\u00e4glich daf\u00fcr, dass der Heilige Geist uns immer mit seiner Wahrheit erleuchte, auch im Alltag!\" href=\"https:\/\/website.ifit.li\/?p=4900\" target=\"_blank\" rel=\"noopener noreferrer\"><span style=\"text-decoration: underline;\"><span style=\"color: #0066cc;\">15.05.2013<\/span><\/span><\/a><\/td>\n<td>Beten wir t\u00e4glich daf\u00fcr, dass der Heilige Geist uns immer mit seiner Wahrheit erleuchte, auch im Alltag!<\/td>\n<\/tr>\n<tr>\n<td><a title=\"Wie kann ich mich vom Heiligen Geist so leiten lassen, dass mein Zeugnis f\u00fcr den Glauben eines f\u00fcr Einheit und Gemeinschaft ist?\" href=\"https:\/\/website.ifit.li\/?p=4903\" target=\"_blank\" rel=\"noopener noreferrer\"><span style=\"text-decoration: underline;\"><span style=\"color: #0066cc;\">22.05.2013<\/span><\/span><\/a><\/td>\n<td>Wie kann ich mich vom Heiligen Geist so leiten lassen, dass mein Zeugnis f\u00fcr den Glauben eines f\u00fcr Einheit und Gemeinschaft ist?<\/td>\n<\/tr>\n<tr>\n<td><a title=\"Gott l\u00e4dt uns ein, unseren Glauben gemeinsam als Familie in der Gemeinschaft der Kirche zu leben\" href=\"https:\/\/website.ifit.li\/?p=4906\" target=\"_blank\" rel=\"noopener noreferrer\"><span style=\"text-decoration: underline;\"><span style=\"color: #0066cc;\">29.05.2013<\/span><\/span><\/a><\/td>\n<td>Gott l\u00e4dt uns ein, unseren Glauben gemeinsam als Familie in der Gemeinschaft der Kirche zu leben<\/td>\n<\/tr>\n<tr>\n<td><a title=\"Es ist eine Trag\u00f6die, dass wir auch Menschen \u201awegwerfen\u2019, so behandeln wie Abfall\" href=\"https:\/\/website.ifit.li\/?p=4909\" target=\"_blank\" rel=\"noopener noreferrer\"><span style=\"text-decoration: underline;\"><span style=\"color: #0066cc;\">05.06.2013<\/span><\/span><\/a><\/td>\n<td>Es ist eine Trag\u00f6die, dass wir auch Menschen \u201awegwerfen\u2019, so behandeln wie Abfall<\/td>\n<\/tr>\n<tr>\n<td><a title=\"Das Gesetz des Volkes Gottes ist das Doppelgebot der Liebe: Gott lieben und den N\u00e4chsten lieben wie sich selbst\" href=\"https:\/\/website.ifit.li\/?p=4913\" target=\"_blank\" rel=\"noopener noreferrer\"><span style=\"text-decoration: underline;\"><span style=\"color: #0066cc;\">12.06.2013<\/span><\/span><\/a><\/td>\n<td>Das Gesetz des Volkes Gottes ist das Doppelgebot der Liebe: Gott lieben und den N\u00e4chsten lieben wie sich selbst<\/td>\n<\/tr>\n<tr>\n<td><a title=\"Wenn man das Haupt vom Leib trennt, dann kann die Person, die Leib und Haupt zusammen bildet, nicht \u00fcberleben\" href=\"https:\/\/website.ifit.li\/?p=4916\" target=\"_blank\" rel=\"noopener noreferrer\"><span style=\"text-decoration: underline;\"><span style=\"color: #0066cc;\">19.06.2013<\/span><\/span><\/a><\/td>\n<td>Wenn man das Haupt vom Leib trennt, dann kann die Person, die Leib und Haupt zusammen bildet, nicht \u00fcberleben<\/td>\n<\/tr>\n<tr>\n<td><a title=\"Die Kirche ist der Tempel, in dem der Heilige Geist wohnt, der sie beseelt, leitet und st\u00fctzt\" href=\"https:\/\/website.ifit.li\/?p=4919\" target=\"_blank\" rel=\"noopener noreferrer\"><span style=\"text-decoration: underline;\"><span style=\"color: #0066cc;\">26.06.2013<\/span><\/span><\/a><\/td>\n<td>Die Kirche ist der Tempel, in dem der Heilige Geist wohnt, der sie beseelt, leitet und st\u00fctzt<\/td>\n<\/tr>\n<tr>\n<td><a title=\"Wenn Christus nicht auferstanden ist, dann ist euer Glaube nutzlos und ihr seid immer noch in euren S\u00fcnden\" href=\"https:\/\/website.ifit.li\/?p=4170\" target=\"_blank\" rel=\"noopener noreferrer\"><span style=\"text-decoration: underline;\"><span style=\"color: #0066cc;\">03.07.2013<\/span><\/span><\/a><\/td>\n<td>Wenn Christus nicht auferstanden ist, dann ist euer Glaube nutzlos und ihr seid immer noch in euren S\u00fcnden<\/td>\n<\/tr>\n<tr>\n<td><a title=\"Wenn wir in Christus leben, dann sind wir wirklich frei und erhalten Kraft f\u00fcr die M\u00fchen des Alltags\" href=\"https:\/\/website.ifit.li\/?p=4176\" target=\"_blank\" rel=\"noopener noreferrer\"><span style=\"text-decoration: underline;\"><span style=\"color: #0066cc;\">10.07.2013<\/span><\/span><\/a><\/td>\n<td>Wenn wir in Christus leben, dann sind wir wirklich frei und erhalten Kraft f\u00fcr die M\u00fchen des Alltags<\/td>\n<\/tr>\n<tr>\n<td><a title=\"Nur mit Christus k\u00f6nnen wir das Evangelium zu den Menschen bringen\" href=\"https:\/\/website.ifit.li\/?p=4928\" target=\"_blank\" rel=\"noopener noreferrer\"><span style=\"text-decoration: underline;\"><span style=\"color: #0066cc;\">04.09.2013<\/span><\/span><\/a><\/td>\n<td>Nur mit Christus k\u00f6nnen wir das Evangelium zu den Menschen bringen<\/td>\n<\/tr>\n<tr>\n<td><a title=\"Lieben wir die Kirche wie die eigene Mutter \u2013 mit ihren Schw\u00e4chen und Fehlern?\" href=\"https:\/\/website.ifit.li\/?p=4932\" target=\"_blank\" rel=\"noopener noreferrer\"><span style=\"text-decoration: underline;\"><span style=\"color: #0066cc;\">11.09.2013<\/span><\/span><\/a><\/td>\n<td>Lieben wir die Kirche wie die eigene Mutter \u2013 mit ihren Schw\u00e4chen und Fehlern?<\/td>\n<\/tr>\n<tr>\n<td><a title=\"Die Kirche zeigt uns durch die Zehn Gebote den rechten Weg wie der liebende Ruf einer Mutter\" href=\"https:\/\/website.ifit.li\/?p=4936\" target=\"_blank\" rel=\"noopener noreferrer\"><span style=\"text-decoration: underline;\"><span style=\"color: #0066cc;\">18.09.2013<\/span><\/span><\/a><\/td>\n<td>Die Kirche zeigt uns durch die Zehn Gebote den rechten Weg wie der liebende Ruf einer Mutter<\/td>\n<\/tr>\n<tr>\n<td><a title=\"Die Mutter Kirche ist auf der ganzen Welt eine Einheit \u2013 mit all den vielen Sprachen und Kulturen\" href=\"https:\/\/website.ifit.li\/?p=4938\" target=\"_blank\" rel=\"noopener noreferrer\"><span style=\"text-decoration: underline;\"><span style=\"color: #0066cc;\">25.09.2013<\/span><\/span><\/a><\/td>\n<td>Die Mutter Kirche ist auf der ganzen Welt eine Einheit \u2013 mit all den vielen Sprachen und Kulturen<\/td>\n<\/tr>\n<tr>\n<td><a title=\"Hab keine Angst, dich als S\u00fcnder vom Heiligen Geist lieben, reinigen, heiligen und f\u00fchren zu lassen\" href=\"https:\/\/website.ifit.li\/?p=4941\" target=\"_blank\" rel=\"noopener noreferrer\"><span style=\"text-decoration: underline;\"><span style=\"color: #0066cc;\">02.10.2013<\/span><\/span><\/a><\/td>\n<td>Hab keine Angst, dich als S\u00fcnder vom Heiligen Geist lieben, reinigen, heiligen und f\u00fchren zu lassen<\/td>\n<\/tr>\n<tr>\n<td><a title=\"Wenn keine Harmonie ist, Kampf angesagt ist, das ist nicht Kirche \u2013 Kirche ist Einheit in Vielfalt\" href=\"https:\/\/website.ifit.li\/?p=4944\" target=\"_blank\" rel=\"noopener noreferrer\"><span style=\"text-decoration: underline;\"><span style=\"color: #0066cc;\">09.10.2013<\/span><\/span><\/a><\/td>\n<td>Wenn keine Harmonie ist, Kampf angesagt ist, das ist nicht Kirche \u2013 Kirche ist Einheit in Vielfalt<\/td>\n<\/tr>\n<tr>\n<td><a title=\"Apostolische Kirche \u2013 Berufung, Sendung, Frohbotschaft, Sakramente, Dienst und Zeugnis von Jesus Christus\" href=\"https:\/\/website.ifit.li\/?p=4946\" target=\"_blank\" rel=\"noopener noreferrer\"><span style=\"text-decoration: underline;\"><span style=\"color: #0066cc;\">16.10.2013<\/span><\/span><\/a><\/td>\n<td>Apostolische Kirche \u2013 Berufung, Sendung, Frohbotschaft, Sakramente, Dienst und Zeugnis von Jesus Christus<\/td>\n<\/tr>\n<tr>\n<td><a title=\"Maria ist Mutter der Kirche und Vorbild des Glaubens, der Liebe und der Einheit mit Christus\" href=\"https:\/\/website.ifit.li\/?p=4948\" target=\"_blank\" rel=\"noopener noreferrer\"><span style=\"text-decoration: underline;\"><span style=\"color: #0066cc;\">23.10.2013<\/span><\/span><\/a><\/td>\n<td>Maria ist Mutter der Kirche und Vorbild des Glaubens, der Liebe und der Einheit mit Christus<\/td>\n<\/tr>\n<tr>\n<td><a title=\"Dass alle eins seien, wie du, Vater, in mir und ich in dir; dass sie in uns eins seien \u2026 (Joh 17, 21)\" href=\"https:\/\/website.ifit.li\/?p=4952\" target=\"_blank\" rel=\"noopener noreferrer\"><span style=\"text-decoration: underline;\"><span style=\"color: #0066cc;\">30.10.2013<\/span><\/span><\/a><\/td>\n<td>Dass alle eins seien, wie du, Vater, in mir und ich in dir; dass sie in uns eins seien \u2026 (Joh 17, 21)<\/td>\n<\/tr>\n<tr>\n<td>\u00a0<a title=\"Ohne Liebe n\u00fctzen Sakramente und Charismen nichts, ohne Liebe des Heiligen Geistes keine Einheit\" href=\"https:\/\/website.ifit.li\/?p=4956\" target=\"_blank\" rel=\"noopener noreferrer\"><span style=\"text-decoration: underline;\"><span style=\"color: #0066cc;\">06.11.2013<\/span><\/span><\/a><\/td>\n<td>Ohne Liebe n\u00fctzen Sakramente und Charismen nichts, ohne Liebe des Heiligen Geistes keine Einheit<\/td>\n<\/tr>\n<\/tbody>\n<\/table>\n<h2>\u00a0Weitere Hinweise und Quellen<\/h2>\n<ul>\n<li>Originaltext und Audio (MP3 ev. vergriffen): <a title=\"Radio Vatikan\" href=\"https:\/\/www.vaticannews.va\/de.html\" target=\"_blank\" rel=\"noopener noreferrer\">Radio Vatikan<\/a><\/li>\n<li>Apostolisches Schreiben zum Jahr des Glaubens: <a title=\"Porta fidei\" href=\"http:\/\/www.vatican.va\/holy_father\/benedict_xvi\/motu_proprio\/documents\/hf_ben-xvi_motu-proprio_20111011_porta-fidei_ge.html\" target=\"_blank\" rel=\"noopener noreferrer\">Porta fidei<\/a><\/li>\n<li><a href=\"http:\/\/www.vatican.va\/special\/annus_fidei\/index_ge.htm\" target=\"_blank\" rel=\"noopener noreferrer\">Jahr des Glaubens 2012\/2013 &#8211; Annus fidei 2012\/2013<\/a><\/li>\n<\/ul>\n","protected":false},"excerpt":{"rendered":"<p>Ereignisse, Katechesen und\u00a0Schreiben der r\u00f6misch-katholischen Kirche Das Jahr des Glaubens dauerte vom 11. Oktober 2012 bis zum 24. November, dem Christk\u00f6nigssonntag 2013. Der 11. Oktober war zugleich der 50. Jahrestag des Beginns des Zweiten Vatikanischen Konzils (1962) und ebenso der 20. Jahrestag des Erscheinens des Weltkatechismus (1992). Nach den Worten von Papst Benedikt XVI. ist &hellip; <a href=\"https:\/\/website.ifit.li\/?p=5041\" class=\"more-link\"><span class=\"screen-reader-text\">Jahr des Glaubens<\/span> weiterlesen <span class=\"meta-nav\">&rarr;<\/span><\/a><\/p>\n","protected":false},"author":1,"featured_media":9634,"comment_status":"closed","ping_status":"open","sticky":false,"template":"","format":"standard","meta":{"footnotes":""},"categories":[292,2],"tags":[222,421,234,215,187,355,229,280,281,279,201,103,104,283,31,88,58,368,186,376],"class_list":["post-5041","post","type-post","status-publish","format-standard","has-post-thumbnail","hentry","category-jahr-des-glaubens","category-kirche","tag-analogie","tag-apostolisches-schreiben","tag-dreifaltigkeit","tag-friede","tag-glauben","tag-glaubensbekenntnis","tag-gnade","tag-gott-sohn-jesus-christus","tag-gott-vater","tag-gott-heiliger-geist","tag-hoffnung","tag-jahr-des-glaubens","tag-katechese","tag-kirche","tag-liebe","tag-papst-benedikt-xvi","tag-papst-franziskus","tag-vernunft","tag-wahrheit","tag-wort-gottes"],"_links":{"self":[{"href":"https:\/\/website.ifit.li\/index.php?rest_route=\/wp\/v2\/posts\/5041","targetHints":{"allow":["GET"]}}],"collection":[{"href":"https:\/\/website.ifit.li\/index.php?rest_route=\/wp\/v2\/posts"}],"about":[{"href":"https:\/\/website.ifit.li\/index.php?rest_route=\/wp\/v2\/types\/post"}],"author":[{"embeddable":true,"href":"https:\/\/website.ifit.li\/index.php?rest_route=\/wp\/v2\/users\/1"}],"replies":[{"embeddable":true,"href":"https:\/\/website.ifit.li\/index.php?rest_route=%2Fwp%2Fv2%2Fcomments&post=5041"}],"version-history":[{"count":15,"href":"https:\/\/website.ifit.li\/index.php?rest_route=\/wp\/v2\/posts\/5041\/revisions"}],"predecessor-version":[{"id":37378,"href":"https:\/\/website.ifit.li\/index.php?rest_route=\/wp\/v2\/posts\/5041\/revisions\/37378"}],"wp:featuredmedia":[{"embeddable":true,"href":"https:\/\/website.ifit.li\/index.php?rest_route=\/wp\/v2\/media\/9634"}],"wp:attachment":[{"href":"https:\/\/website.ifit.li\/index.php?rest_route=%2Fwp%2Fv2%2Fmedia&parent=5041"}],"wp:term":[{"taxonomy":"category","embeddable":true,"href":"https:\/\/website.ifit.li\/index.php?rest_route=%2Fwp%2Fv2%2Fcategories&post=5041"},{"taxonomy":"post_tag","embeddable":true,"href":"https:\/\/website.ifit.li\/index.php?rest_route=%2Fwp%2Fv2%2Ftags&post=5041"}],"curies":[{"name":"wp","href":"https:\/\/api.w.org\/{rel}","templated":true}]}}