{"id":5016,"date":"2015-10-22T10:30:39","date_gmt":"2015-10-22T08:30:39","guid":{"rendered":"https:\/\/website.ifit.li\/?p=5016"},"modified":"2023-01-05T11:02:25","modified_gmt":"2023-01-05T10:02:25","slug":"katechesen-ueber-die-familie-von-papst-franziskus","status":"publish","type":"post","link":"https:\/\/website.ifit.li\/?p=5016","title":{"rendered":"Katechesen von Papst Franziskus \u00fcber Ehe und Familie"},"content":{"rendered":"<h2 id=\"anfang\">Die Kirche\u00a0muss das Gottesvolk in Reflexion \u00fcber die Familie und Gebet begleiten<\/h2>\n<p>An seinem 78. Geburtstag empfing Papst Franziskus abertausende Gl\u00e4ubige unter strahlend blauem Himmel und Sonnenschein auf dem Petersplatz zur Generalaudienz. Er verwies auf die Familiensynode, die im Oktober 2014 im Vatikan stattgefunden hatte.\u00a0Auf dem Weg, den die Synodenv\u00e4ter beschritten, m\u00fcsse sie das ganze Gottesvolk in Reflexion und Gebet begleiten. In der ersten Katechese mit dem Thema Familie befasste sich der Heilige Vater mit der Familie von Nazareth. Das nahende Weihnachtsfest erinnere an die Fleischwerdung Jesu. Er sei wie ein Sohn in eine Familie, die Gott selbst geschaffen habe, geboren worden. 30 Jahre habe Jesus in Nazareth gelebt, ohne zu predigen oder Wunder zu wirken.\u00a0 Papst Franziskus beschrieb das famili\u00e4re Leben von Maria, Josef und Jesus. Jede christliche Familie, bekr\u00e4ftigte der Heilige Vater, k\u00f6nne Jesus in ihrer Mitte aufnehmen und so die Welt verbessern. Das sei die Mission der Familie.<!--more--><\/p>\n<table>\n<caption>\n<h3>\u00dcbersicht aller Katechesen<\/h3>\n<\/caption>\n<tbody>\n<tr>\n<td>\n<h3><strong>\u00a0Nr.<\/strong><\/h3>\n<\/td>\n<td>\n<h4><strong>\u00a0Datum<\/strong><\/h4>\n<\/td>\n<td>\n<h3><strong>\u00a0Thema\/Lesezeichen<\/strong><\/h3>\n<\/td>\n<\/tr>\n<tr>\n<td>01<\/td>\n<td>17.12.2014<\/td>\n<td><a href=\"#katechese1\">Nazareth &#8211; Der Weg Jesu begann in einer Familie<\/a><\/td>\n<\/tr>\n<tr>\n<td>02<\/td>\n<td>07.01.2015<\/td>\n<td><a href=\"#katechese2\">Die Mutter &#8211; Wir sind keine Waisen, sondern Kinder der Kirche<\/a><\/td>\n<\/tr>\n<tr>\n<td>03<\/td>\n<td>28.01.2015<\/td>\n<td><a href=\"#katechese3\">Der Vater (1) &#8211; Die Abwesenheit der Vaterfigur schafft Wunden, die sehr schwer sein k\u00f6nnen<\/a><\/td>\n<\/tr>\n<tr>\n<td>04<\/td>\n<td>04.02.2015<\/td>\n<td><a href=\"#katechese4\">Der Vater (2) &#8211; Ein guter Vater versteht es, zu warten und aus ganzem Herzen zu vergeben<\/a><\/td>\n<\/tr>\n<tr>\n<td>05<\/td>\n<td>11.02.2015<\/td>\n<td><a href=\"#katechese5\">Kinder sind kein Besitz der Eltern<\/a><\/td>\n<\/tr>\n<tr>\n<td>06<\/td>\n<td>18.02.2015<\/td>\n<td><a href=\"#katechese6\">Das Versprechen der Geschwisterlichkeit<\/a><\/td>\n<\/tr>\n<tr>\n<td>07<\/td>\n<td>04.03.2015<\/td>\n<td><a href=\"#katechese7\">Die Grosseltern &#8211; das Alter ist keine Krankheit<\/a><\/td>\n<\/tr>\n<tr>\n<td>08<\/td>\n<td>11.03.2015<\/td>\n<td><a href=\"#katechese8\">Das Gebet der Gro\u00dfeltern und \u00e4lteren Menschen ist ein grosses Geschenk f\u00fcr die Kirche<\/a><\/td>\n<\/tr>\n<tr>\n<td>09<\/td>\n<td>18.03.2015<\/td>\n<td><a href=\"#katechese9\">Kinder &#8211; Von den Kindern l\u00e4cheln und weinen lernen<\/a><\/td>\n<\/tr>\n<tr>\n<td>10<\/td>\n<td>25.03.2015<\/td>\n<td><a href=\"#katechese10\">Das Band zwischen Kirche und Familie ist heilig und unaufl\u00f6slich<\/a><\/td>\n<\/tr>\n<tr>\n<td>11<\/td>\n<td>08.04.2015<\/td>\n<td><a href=\"#katechese11\">Wir alle sind f\u00fcr Wohl der Kinder verantwortlich<\/a><\/td>\n<\/tr>\n<tr>\n<td>12<\/td>\n<td>15.04.2015<\/td>\n<td><a href=\"#katechese12\">Das Sakrament der Ehe &#8212; Mann und Frau als Ebenbild Gottes<\/a><\/td>\n<\/tr>\n<tr>\n<td>13<\/td>\n<td>22.04.2015<\/td>\n<td><a href=\"#katechese13\">Der Mann kann sich nur in der Frau wiedererkennen<\/a><\/td>\n<\/tr>\n<tr>\n<td>14<\/td>\n<td>29.04.2015<\/td>\n<td><a href=\"#katechese14\">Der Mann und die Frau, die lieben &#8211;\u00a0Das ist das Meisterwerk<\/a>!<\/td>\n<\/tr>\n<tr>\n<td>15<\/td>\n<td>06.05.2015<\/td>\n<td><a href=\"#katechese15\">Die Ehe, ein Akt gro\u00dfer Liebe und tiefen Glaubens, ist ein Sakrament<\/a><\/td>\n<\/tr>\n<tr>\n<td>16<\/td>\n<td>13.05.2015<\/td>\n<td><a href=\"#katechese16\">Beendet den Tag in eurer Familie nie, ohne euch wieder zu vers\u00f6hnen<\/a><\/td>\n<\/tr>\n<tr>\n<td>17<\/td>\n<td>20.05.2015<\/td>\n<td><a href=\"#katechese17\">Vater und Mutter sollen gut voneinander sprechen<\/a><\/td>\n<\/tr>\n<tr>\n<td>18<\/td>\n<td>27.05.2015<\/td>\n<td><a href=\"#katechese18\">Das B\u00fcndnis der Liebe zwischen Mann und Frau wird nicht aus dem Stegreif geschlossen<\/a><\/td>\n<\/tr>\n<tr>\n<td>19<\/td>\n<td>03.06.2015<\/td>\n<td><a href=\"#katechese19\" target=\"_blank\" rel=\"noopener noreferrer\">Der Krieg ist die Ursache aller Armut, dennoch gr\u00fcnden Menschen eine Familie als S\u00e4ule irdischen Lebens<\/a><\/td>\n<\/tr>\n<tr>\n<td>20<\/td>\n<td>10.06.2015<\/td>\n<td><a href=\"#katechese20\" target=\"_blank\" rel=\"noopener noreferrer\">F\u00fcrsorge f\u00fcr Kranke in der Familie ist heldenhaft<\/a><\/td>\n<\/tr>\n<tr>\n<td>21<\/td>\n<td>17.06.2015<\/td>\n<td><a href=\"#katechese21\" target=\"_blank\" rel=\"noopener noreferrer\">Der Verlust eines Kindes ist eine herzzerrei\u00dfende, ersch\u00fctternde Erfahrung<\/a><\/td>\n<\/tr>\n<tr>\n<td>22<\/td>\n<td>24.06.2015<\/td>\n<td><a href=\"#katechese22\" target=\"_blank\" rel=\"noopener noreferrer\"><span id=\"testo-articolo\">Familie ist nicht automatisch heile Welt &#8211; Verletzung und Beleidigung<\/span><\/a><\/td>\n<\/tr>\n<tr>\n<td><\/td>\n<td><\/td>\n<td>\u00a0<a href=\"http:\/\/de.radiovaticana.va\/news\/2015\/06\/30\/keine_generalaudienzen_und_morgenmessen_im_juli\/1154991\" target=\"_blank\" rel=\"noopener noreferrer\">SOMMERPAUSE<\/a><\/td>\n<\/tr>\n<tr>\n<td>23<\/td>\n<td>05.08.2015<\/td>\n<td><a href=\"#katechese23\" target=\"_blank\" rel=\"noopener noreferrer\">Sie sind nicht exkommuniziert, sie sind ein Teil der Kirche<\/a><\/td>\n<\/tr>\n<tr>\n<td>24<\/td>\n<td>12.08.2015<\/td>\n<td><a href=\"#katechese24\" target=\"_blank\" rel=\"noopener noreferrer\">Feiertag ist nicht faul herumh\u00e4ngen, sondern dankbar sein<\/a><\/td>\n<\/tr>\n<tr>\n<td>25<\/td>\n<td>19.08.2015<\/td>\n<td><a href=\"#katechese25\" target=\"_blank\" rel=\"noopener noreferrer\">Arbeit ist heilig, Arbeit gibt einer Familie W\u00fcrde<\/a><\/td>\n<\/tr>\n<tr>\n<td>26<\/td>\n<td>26.08.2015<\/td>\n<td><a href=\"#katechese26\" target=\"_blank\" rel=\"noopener noreferrer\">Das Gebet sprudelt aus der Vertrautheit mit dem Wort Gottes<\/a><\/td>\n<\/tr>\n<tr>\n<td>27<\/td>\n<td>02.09.2015<\/td>\n<td><a href=\"#katechese27\" target=\"_blank\" rel=\"noopener noreferrer\">Der Geist Gottes l\u00e4sst Blumen in der W\u00fcste entstehen<\/a><\/td>\n<\/tr>\n<tr>\n<td>28<\/td>\n<td>09.09.2015<\/td>\n<td><a href=\"#katechese28\" target=\"_blank\" rel=\"noopener noreferrer\">Kirche muss stets ein offenes Haus sein<\/a><\/td>\n<\/tr>\n<tr>\n<td>29<\/td>\n<td>16.09.2015<\/td>\n<td><a href=\"#katechese29\" target=\"_blank\" rel=\"noopener noreferrer\">F\u00fcr einen neuen Bund zwischen Mann und Frau<\/a><\/td>\n<\/tr>\n<tr>\n<td>30<\/td>\n<td>07.10.2015<\/td>\n<td><a href=\"https:\/\/website.ifit.li\/?p=5991\" target=\"_blank\" rel=\"noopener noreferrer\">Zwischen Kirche und Familie besteht eine tiefe unaufl\u00f6sliche Beziehung<\/a><\/td>\n<\/tr>\n<tr>\n<td>31<\/td>\n<td>14.10.2015<\/td>\n<td><a href=\"https:\/\/website.ifit.li\/?p=6004\" target=\"_blank\" rel=\"noopener noreferrer\">Die Familie zu verteidigen hei\u00dft die Menschheit zu sch\u00fctzen<\/a><\/td>\n<\/tr>\n<tr>\n<td>32<\/td>\n<td>21.10.2015<\/td>\n<td><a href=\"https:\/\/website.ifit.li\/?p=6011\" target=\"_blank\" rel=\"noopener noreferrer\">Keine andere Schule kann uns die Wahrheit der Liebe besser vermitteln als die Familie<\/a><\/td>\n<\/tr>\n<tr>\n<td>33<\/td>\n<td>04.11.2015<\/td>\n<td><a href=\"https:\/\/website.ifit.li\/?p=6136\" target=\"_blank\" rel=\"noopener noreferrer\">Die Familie ist eine Schule f\u00fcr das gegenseitige Geben und Verzeihen<\/a><\/td>\n<\/tr>\n<tr>\n<td>34<\/td>\n<td>11.11.2015<\/td>\n<td><a href=\"https:\/\/website.ifit.li\/?p=6236\" target=\"_blank\" rel=\"noopener noreferrer\">Die Familie bringt ihre Liebesgemeinschaft in der Feier der Eucharistie mit ein<\/a><\/td>\n<\/tr>\n<\/tbody>\n<\/table>\n<h3><a title=\"Zu den Hinweisen\" href=\"#hinweise\">Zu den Hinweisen<\/a><\/h3>\n<h2 id=\"katechese1\">1. Katechese: Nazareth &#8211; Der Weg Jesu begann in einer Familie<\/h2>\n<p><span id=\"testo-articolo\">Gebet und Reflexion sollen die ordentliche Generalversammlung der Bischofssynode begleiten, die im Herbst 2015 im Vatikan zum Thema Ehe und Familie stattfinden soll. In seiner Katechese ging der Papst auf das nahende Weihnachtsfest und die Menschwerdung Gottes ein. Die Heilige Familie sei ein Modell f\u00fcr Familie heute.<\/span><\/p>\n<ul>\n<li>Libreria Editrice Vaticana: <a href=\"http:\/\/w2.vatican.va\/content\/francesco\/de\/audiences\/2014\/documents\/papa-francesco_20141217_udienza-generale.html\" target=\"_blank\" rel=\"noopener noreferrer\">Papst Franziskus\u00a0\u21d2 Audienzen\u00a0\u21d2 2014\u00a0\u21d2 17. Dezember<\/a><\/li>\n<li>Radio Horeb: <a title=\"Podcast zur Generalaudienz vom 17. Dezember 2014\" href=\"http:\/\/www.horeb.org\/xyz\/podcast\/papstaudienz\/20141217audienz.mp3\" target=\"_blank\" rel=\"noopener noreferrer\">Podcast zur Generalaudienz vom 17. Dezember 2014<\/a><\/li>\n<li>Agentur Zenit: Katechese von Papst Franziskus w\u00e4hrend der Generalaudienz am 17. Dezember 2014<\/li>\n<li>Radio Vatikan (Link vergriffen): <a href=\"http:\/\/de.radiovaticana.va\/news\/2014\/12\/17\/papst_bei_der_generalaudienz_%E2%80%9Ejesus_kam_als_sohn%E2%80%9C\/1115072\" target=\"_blank\" rel=\"noopener noreferrer\">Audiodokument 1115072 von Anne Preckel<\/a><\/li>\n<\/ul>\n<h2 id=\"katechese2\">2. Katechese: Die Mutter &#8211; Wir sind keine Waisen, sondern Kinder der Kirche<\/h2>\n<p><span id=\"testo-articolo\">So zentral die Rolle der Mutter in der Gesellschaft ist: Sie wird wenig wertgesch\u00e4tzt und wenig gef\u00f6rdert. Darauf hat Papst Franziskus an dieser Generalaudienz hingewiesen. M\u00fctter seien andauernder Doppelbelastung ausgesetzt, sie erlebten ein fortw\u00e4hrendes \u201em\u00fctterliches Martyrium\u201c, zitierte Franziskus den salvadorianischen Erzbischof Oscar Arnulfo Romero. Am Ende seiner Katechese bedankte sich Franziskus bei allen M\u00fcttern f\u00fcr ihr Wirken in der Familie, in der Kirche und in der Welt.<\/span><\/p>\n<ul>\n<li>Libreria Editrice Vaticana: <a href=\"http:\/\/w2.vatican.va\/content\/francesco\/de\/audiences\/2015\/documents\/papa-francesco_20150107_udienza-generale.html\" target=\"_blank\" rel=\"noopener noreferrer\">Papst Franziskus\u00a0\u21d2 Audienzen\u00a0\u21d2 2015\u00a0\u21d2 7. Januar<\/a><\/li>\n<li>Radio Horeb: <a title=\"Podcast zur Generalaudienz vom 7. Januar 2015\" href=\"http:\/\/www.horeb.org\/xyz\/podcast\/papstaudienz\/20150107audienz.mp3\" target=\"_blank\" rel=\"noopener noreferrer\">Podcast zur Generalaudienz vom 7. Januar 2015<\/a><\/li>\n<li>Agentur Zenit: Katechese von Papst Franziskus w\u00e4hrend der Generalaudienz am 7. Januar 2015<\/li>\n<li>Radio Vatikan (Link vergriffen): <a title=\"Audiodokument 1117183 von Gudrun Sailer\" href=\"http:\/\/de.radiovaticana.va\/news\/2015\/01\/07\/franziskus_beklagt_zu_wenig_wertsch\u00e4tzung_f\u00fcr_m\u00fctter\/1117183\" target=\"_blank\" rel=\"noopener noreferrer\">Audiodokument 1117183 von Gudrun Sailer<\/a><\/li>\n<\/ul>\n<h2 id=\"katechese3\">\u00a03. Katechese: Der Vater (1) &#8211; Die Abwesenheit der Vaterfigur schafft Wunden, die sehr schwer sein k\u00f6nnen<\/h2>\n<p><span id=\"testo-articolo\">Die Abwesenheit der V\u00e4ter ist eines der schlimmsten Probleme unserer Zeit. Darauf verwies der Papst an dieser Generalaudienz in der Aula Paolo VI im Vatikan. Vor tausenden Pilgern und Besuchern ging Franziskus in seiner Katechese auf die Rolle der V\u00e4ter in der Familie ein. Diesmal wolle er die Probleme aufzeigen, n\u00e4chste Woche werde er dann die \u201esch\u00f6nen Seiten\u201c der Vaterschaft pr\u00e4sentieren, k\u00fcndigte er an.<\/span><\/p>\n<ul>\n<li>Libreria Editrice Vaticana: <a href=\"http:\/\/w2.vatican.va\/content\/francesco\/de\/audiences\/2015\/documents\/papa-francesco_20150128_udienza-generale.html\" target=\"_blank\" rel=\"noopener noreferrer\">Papst Franziskus\u00a0\u21d2 Audienzen\u00a0\u21d2 2015\u00a0\u21d2 28. Januar<\/a><\/li>\n<li>Radio Horeb: <a title=\"Podcast zur Generalaudienz vom 28. Januar 2015\" href=\"http:\/\/www.horeb.org\/xyz\/podcast\/papstaudienz\/20150128audienz.mp3\" target=\"_blank\" rel=\"noopener noreferrer\">Podcast zur Generalaudienz vom 28. Januar 2015<\/a><\/li>\n<li>Agentur Zenit: Katechese von Papst Franziskus w\u00e4hrend der Generalaudienz am 28. Januar 2015<\/li>\n<li>Radio Vatikan (Link vergriffen): <a title=\"Audiodokument 1120336 von Mario Galgano\" href=\"http:\/\/de.radiovaticana.va\/news\/2015\/01\/28\/papst_%E2%80%9Eliebe_v%C3%A4ter,_seid_aufmerksamer!%E2%80%9C\/1120336\" target=\"_blank\" rel=\"noopener noreferrer\">Audiodokument 1120336 von Mario Galgano<\/a><\/li>\n<\/ul>\n<h2 id=\"katechese4\">\u00a04. Katechese: Der Vater (2) &#8211; Ein guter Vater versteht es, zu warten und aus ganzem Herzen zu vergeben<\/h2>\n<p><span id=\"testo-articolo\">Papst Franziskus hat bei der dieser Generalaudienz dort angesetzt, wo er bei der letzten endete: mit der Reflexion \u00fcber die Relevanz der Vaterrolle. Letzte Woche hatte er die Abwesenheit der V\u00e4ter als eines der gr\u00f6\u00dften Probleme unserer heutigen Gesellschaft bezeichnet. Ein guter Vater solle pr\u00e4sent, aufmerksam sein, vergeben und belehren k\u00f6nnen, ohne die Kinder zu erniedrigen.<\/span><\/p>\n<ul>\n<li>Libreria Editrice Vaticana: <a href=\"http:\/\/w2.vatican.va\/content\/francesco\/de\/audiences\/2015\/documents\/papa-francesco_20150204_udienza-generale.html\" target=\"_blank\" rel=\"noopener noreferrer\">Papst Franziskus\u00a0\u21d2 Audienzen\u00a0\u21d2 2015\u00a0\u21d2 4. Februar<\/a><\/li>\n<li>Radio Horeb: <a title=\"Podcast zur Generalaudienz vom 4. Februar 2015\" href=\"http:\/\/www.horeb.org\/xyz\/podcast\/papstaudienz\/20150204audienz.mp3\" target=\"_blank\" rel=\"noopener noreferrer\">Podcast zur Generalaudienz vom 4. Februar 2015<\/a><\/li>\n<li>Agentur Zenit: Katechese von Papst Franziskus w\u00e4hrend der Generalaudienz am 4. Februar 2015<\/li>\n<li>katholisch1.tv: <a title=\"Papst Franziskus: Jede Familie braucht einen Vater\" href=\"https:\/\/www.youtube.com\/watch?v=KtMZN5bgFRc\" target=\"_blank\" rel=\"noopener noreferrer\">Papst Franziskus: Jede Familie braucht einen Vater<\/a>\u00a0(YouTube-Video vom 4. Februar 2015)<\/li>\n<li>Radio Vatikan (Link vergriffen): <a title=\"Audiodokument 1121452 von N. Oetzelt\" href=\"http:\/\/de.radiovaticana.va\/news\/2015\/02\/04\/generalaudienz_%E2%80%9Ejede_familie_braucht_einen_vater%E2%80%9C\/1121452\" target=\"_blank\" rel=\"noopener noreferrer\">Audiodokument 1121452 von N. Oetzelt<\/a><\/li>\n<\/ul>\n<h2 id=\"katechese5\">5. Katechese: Kinder sind kein Besitz der Eltern<\/h2>\n<p>Kinder sind ein Geschenk, kein Problem der Reproduktionsbiologie, und auch kein Mittel zur Selbstverwirklichung. Das hat Papst Franziskus bei der Generalaudienz gesagt. In seiner Katechesenreihe zur Familie ging der Papst in dieser Woche vom Thema der Elternschaft auf das der Nachkommenschaft \u00fcber.<\/p>\n<ul>\n<li>Libreria Editrice Vaticana: <a href=\"http:\/\/w2.vatican.va\/content\/francesco\/de\/audiences\/2015\/documents\/papa-francesco_20150211_udienza-generale.html\" target=\"_blank\" rel=\"noopener noreferrer\">Papst Franziskus\u00a0\u21d2 Audienzen\u00a0\u21d2 2015\u00a0\u21d2 11. Februar<\/a><\/li>\n<li>Radio Horeb: <a title=\"Podcast zur Generalaudienz vom 11. Februar 2015\" href=\"http:\/\/www.horeb.org\/xyz\/podcast\/papstaudienz\/20150211audienz.mp3\" target=\"_blank\" rel=\"noopener noreferrer\">Podcast zur Generalaudienz vom 11. Februar 2015<\/a><\/li>\n<li>Agentur Zenit: Katechese von Papst Franziskus w\u00e4hrend der Generalaudienz am 11. Februar 2015<\/li>\n<li>Radio Vatikan (Link vergriffen): <a title=\"Audiodokument 1122735 von Gudrun Sailer\" href=\"http:\/\/de.radiovaticana.va\/news\/2015\/02\/11\/generalaudienz_kinder_sind_kein_besitz_der_eltern\/1122735\" target=\"_blank\" rel=\"noopener noreferrer\">Audiodokument 1122735 von Gudrun Sailer<\/a><\/li>\n<\/ul>\n<h2 id=\"katechese6\">6. Katechese: Das Versprechen der Geschwisterlichkeit<\/h2>\n<p>In seiner in italienischer Sprache gehaltenen Rede setzte Papst Franziskus seine Katechesenreihe \u00fcber die Familie fort und sprach \u00fcber die Bedeutung des Geschwisterseins. Nach einer Zusammenfassung seiner Worte in verschiedenen Sprachen rief der Papst die Pilger zum Gebet f\u00fcr die in Libyen ermordeten koptischen Christen und den Frieden im Mittleren Osten und Nordafrika auf. Die Generalaudienz endete mit dem Gesang des \u201eVater Unser\u201c und dem Apostolischen Segen.<\/p>\n<ul>\n<li>Libreria Editrice Vaticana: <a href=\"http:\/\/w2.vatican.va\/content\/francesco\/de\/audiences\/2015\/documents\/papa-francesco_20150218_udienza-generale.html\" target=\"_blank\" rel=\"noopener noreferrer\">Papst Franziskus\u00a0\u21d2 Audienzen\u00a0\u21d2 2015\u00a0\u21d2 18. Februar<\/a><\/li>\n<li>Radio Horeb: <a title=\"Podcast zur Generalaudienz vom 18. Februar 2015\" href=\"http:\/\/www.horeb.org\/xyz\/podcast\/papstaudienz\/20150218audienz.mp3\" target=\"_blank\" rel=\"noopener noreferrer\">Podcast zur Generalaudienz vom 18. Februar 2015<\/a><\/li>\n<li>Agentur Zenit: Katechese von Papst Franziskus w\u00e4hrend der Generalaudienz am 18. Februar 2015<\/li>\n<li>Radio Vatikan (Link vergriffen): <a title=\"Audiodokument 1124103\" href=\"http:\/\/de.radiovaticana.va\/news\/2015\/02\/18\/generalaudienz_das_versprechen_der_geschwisterlichkeit\/1124103\" target=\"_blank\" rel=\"noopener noreferrer\">Audiodokument 1124103<\/a><\/li>\n<\/ul>\n<h2 id=\"katechese7\">7. Katechese: Die Grosseltern &#8211; das Alter ist keine Krankheit<\/h2>\n<p>Papst Franziskus widmete die Generalaudienz an diesem Mittwoch, 4. M\u00e4rz 2015\u00a0den Gro\u00dfeltern und den Senioren. Er appellierte an die Gesellschaft, Platz zu schaffen f\u00fcr die \u00e4lteren Menschen, die er als \u201eWeisheitsreserve\u201c bezeichnete. Auch kritisierte Franziskus die sich immer versch\u00e4rfende Mentalit\u00e4t des Wegwerfens, die gerade die Schutzbed\u00fcrftigen ausschlie\u00dfe; viele Menschen verhielten sich so, weil sie selbst Angst davor h\u00e4tten, eines Tages schutzbed\u00fcrftig zu werden.<\/p>\n<ul>\n<li>Libreria Editrice Vaticana: <a href=\"http:\/\/w2.vatican.va\/content\/francesco\/de\/audiences\/2015\/documents\/papa-francesco_20150304_udienza-generale.html\" target=\"_blank\" rel=\"noopener noreferrer\">Papst Franziskus\u00a0\u21d2 Audienzen\u00a0\u21d2 2015\u00a0\u21d2 4. M\u00e4rz<\/a><\/li>\n<li>Radio Horeb: <a title=\"Podcast zur Generalaudienz vom 4. M\u00e4rz 2015\" href=\"http:\/\/www.horeb.org\/xyz\/podcast\/papstaudienz\/20150304audienz.mp3\" target=\"_blank\" rel=\"noopener noreferrer\">Podcast zur Generalaudienz vom 4.\u00a0M\u00e4rz 2015<\/a><\/li>\n<li>Agentur Zenit: Katechese von Papst Franziskus w\u00e4hrend der Generalaudienz am 4.\u00a0M\u00e4rz 2015<\/li>\n<li>Radio Vatikan (Link vergriffen): <a title=\"Audiodokument 1126931 von N. Oetzelt\" href=\"http:\/\/de.radiovaticana.va\/news\/2015\/03\/04\/papst_franziskus_alter_ist_keine_krankheit\/1126931\" target=\"_blank\" rel=\"noopener noreferrer\">Audiodokument 1126931 von N. Oetzelt<\/a><\/li>\n<\/ul>\n<h2 id=\"katechese8\">8. Katechese: Das Gebet der Gro\u00dfeltern und \u00e4lteren Menschen ist ein gro\u00dfes Geschenk f\u00fcr die Kirche<\/h2>\n<p>Papst Franziskus hat die alte Prophetin Anna als \u201eerste Predigerin \u00fcber Jesus\u201c gew\u00fcrdigt. In seiner Katechese bei der Generalaudienz \u00fcber den spirituellen Reichtum alter Menschen erinnerte Franziskus an diesem Mittwoch an die Stelle aus dem Lukas-Evangelium (<a title=\"Lk 2,29-32\" href=\"http:\/\/www.bibleserver.com\/text\/EU\/Lukas2.29-32\" target=\"_blank\" rel=\"noopener noreferrer\">Lk 2,29-32<\/a>), als die beiden Alten Simeon und Anna im Jerusalemer Tempel dem neugeborenen Jesus begegnen. Die beiden hatten \u201ekeine wichtigeren Aufgaben als diese: auf den Herrn warten und beten\u201c, so der Papst. Simeon sei in dieser Begegnung zum Dichter geworden, Anna zur \u201eersten Predigerin\u201c \u00fcber Jesus: Sie \u201esprach \u00fcber das Kind zu allen, die auf die Erl\u00f6sung Jerusalems warteten\u201c, zitierte Franziskus die Schrift.<\/p>\n<ul>\n<li>Libreria Editrice Vaticana: <a href=\"http:\/\/w2.vatican.va\/content\/francesco\/de\/audiences\/2015\/documents\/papa-francesco_20150311_udienza-generale.html\" target=\"_blank\" rel=\"noopener noreferrer\">Papst Franziskus\u00a0\u21d2 Audienzen\u00a0\u21d2 2015\u00a0\u21d2 11. M\u00e4rz<\/a><\/li>\n<li>Radio Horeb: <a title=\"Podcast zur Generalaudienz vom 11. M\u00e4rz 2015\" href=\"http:\/\/www.horeb.org\/xyz\/podcast\/papstaudienz\/20150311audienz.mp3\" target=\"_blank\" rel=\"noopener noreferrer\">Podcast zur Generalaudienz vom 11.\u00a0M\u00e4rz 2015<\/a><\/li>\n<li>Agentur Zenit: Katechese von Papst Franziskus w\u00e4hrend der Generalaudienz am 11.\u00a0M\u00e4rz 2015<\/li>\n<li>Radio Vatikan (Link vergriffen): <a title=\"Audiodokument 1128608 von Gudrun Sailer\" href=\"http:\/\/de.radiovaticana.va\/news\/2015\/03\/11\/franziskus_der_erste_prediger_%C3%BCber_jesus_-_eine_frau_\/1128608\" target=\"_blank\" rel=\"noopener noreferrer\">Audiodokument\u00a01128608 von Gudrun Sailer<\/a><\/li>\n<\/ul>\n<h2 id=\"katechese9\">9. Katechese: Kinder &#8211; Von den Kindern l\u00e4cheln und weinen lernen<\/h2>\n<p>Kinder erinnern uns daran, dass jeder von uns in jedem Augenblick auch Sohn oder Tochter Gottes ist. Das hat Papst Franziskus am Mittwoch, 18. M\u00e4rz 2015\u00a0bei der Generalaudienz vor Tausenden Gl\u00e4ubigen auf dem Petersplatz gesagt. \u201eAuch wenn jemand selbst Mutter oder Vater wird, wenn er \u2013 oder sie \u2013 alt wird, oder eine Stelle mit viel Verantwortung \u00fcbernimmt: die Identit\u00e4t als Sohn oder Tochter liegt allem zugrunde\u201c, so der Papst. Mitunter lebten wir, als seien wir Herren unserer Existenz, \u201eaber in Wirklichkeit sind wir radikal abh\u00e4ngig\u201c \u2013 und das sei sch\u00f6n, fuhr Papst Franziskus fort: \u201eEs ist Anlass zu gro\u00dfer Freude, wenn wir sp\u00fcren, dass wir in jedem Lebensalter, in jeder Situation, S\u00f6hne und T\u00f6chter sind und bleiben.\u201c<\/p>\n<ul>\n<li>Libreria Editrice Vaticana: <a href=\"http:\/\/w2.vatican.va\/content\/francesco\/de\/audiences\/2015\/documents\/papa-francesco_20150318_udienza-generale.html\" target=\"_blank\" rel=\"noopener noreferrer\">Papst Franziskus\u00a0\u21d2 Audienzen\u00a0\u21d2 2015\u00a0\u21d2 18. M\u00e4rz<\/a><\/li>\n<li>Radio Horeb: <a title=\"Podcast zur Generalaudienz vom 18. M\u00e4rz 2015\" href=\"http:\/\/www.horeb.org\/xyz\/podcast\/papstaudienz\/20150318audienz.mp3\" target=\"_blank\" rel=\"noopener noreferrer\">Podcast zur Generalaudienz vom 18.\u00a0M\u00e4rz 2015<\/a><\/li>\n<li>Agentur Zenit: Katechese von Papst Franziskus w\u00e4hrend der Generalaudienz am 18.\u00a0M\u00e4rz 2015<\/li>\n<li>Radio Vatikan (Link vergriffen): <a title=\"Audiodokument 1130220 von Gudrun Sailer\" href=\"http:\/\/de.radiovaticana.va\/news\/2015\/03\/18\/franziskus_%E2%80%9Evon_den_kindern_l%C3%A4cheln_und_weinen_lernen%E2%80%9C\/1130220\" target=\"_blank\" rel=\"noopener noreferrer\">Audiodokument\u00a01130220 von Gudrun Sailer<\/a><\/li>\n<\/ul>\n<h2 id=\"katechese10\">10. Katechese: Das Band zwischen Kirche und Familie ist heilig und unaufl\u00f6slich<\/h2>\n<p>\u201eAlle sollen wir f\u00fcr die Bischofssynode beten. Denn weiter hilft uns nicht das Gerede, sondern das Gebet.\u201c Das betonte der Papst am Mittwoch, 25. M\u00e4rz 2015\u00a0bei seiner Generalaudienz auf dem Petersplatz. Franziskus rief zu einer Gebetsinitiative bis zum n\u00e4chsten Oktober auf. Vor mehreren tausend Menschen, die im str\u00f6menden Regen ausharrten, erinnerte er zun\u00e4chst an das Fest Verk\u00fcndigung Jesu an Maria, das die Kirche an diesem 25. M\u00e4rz \u2013 genau neun Monate vor Weihnachten \u2013 begeht. \u201eDer Erzengel Gabriel besucht das dem\u00fctige M\u00e4dchen von Nazareth und k\u00fcndigt ihm an, dass es empfangen und den Sohn Gottes geb\u00e4ren wird&#8230; Das ist sehr sch\u00f6n: Es zeigt uns, auf wie tiefe Weise das Geheimnis der Inkarnation, so wie Gott sie gewollt hat, nicht nur die Empf\u00e4ngnis im Bauch der Mutter, sondern auch die Aufnahme in eine echte Familie bedeutet.\u201c<\/p>\n<ul>\n<li>Libreria Editrice Vaticana: <a href=\"http:\/\/w2.vatican.va\/content\/francesco\/de\/audiences\/2015\/documents\/papa-francesco_20150325_udienza-generale.html\" target=\"_blank\" rel=\"noopener noreferrer\">Papst Franziskus\u00a0\u21d2 Audienzen\u00a0\u21d2 2015\u00a0\u21d2 25. M\u00e4rz<\/a><\/li>\n<li>Radio Horeb: <a title=\"Podcast zur Generalaudienz vom 25. M\u00e4rz 2015\" href=\"http:\/\/www.horeb.org\/xyz\/podcast\/papstaudienz\/20150325audienz.mp3\" target=\"_blank\" rel=\"noopener noreferrer\">Podcast zur Generalaudienz vom 25. M\u00e4rz 2015<\/a><\/li>\n<li>Agentur Zenit: Katechese von Papst Franziskus w\u00e4hrend der Generalaudienz am 25. M\u00e4rz 2015<\/li>\n<li>Radio Vatikan (Link vergriffen): <a title=\"Audiodokument 1132000 von Stefan von Kempis\" href=\"http:\/\/de.radiovaticana.va\/news\/2015\/03\/25\/papst_bittet_um_gebet_f%C3%BCr_synode_%E2%80%9Egerede_hilft_nicht_weiter\/1132000\" target=\"_blank\" rel=\"noopener noreferrer\">Audiodokument 1132000 von Stefan von Kempis<\/a><\/li>\n<\/ul>\n<h2 id=\"katechese11\">11. Katechese: Wir alle sind f\u00fcr Wohl der Kinder verantwortlich<\/h2>\n<p>Ein ausgesto\u00dfenes und auf der Stra\u00dfe lebendes Kind ist \u201eeine Beleidung gegen Gott\u201c. In seiner Mittwochskatechese bei der Generalaudienz ging Franziskus in seiner Reihe \u00fcber die Familie auf die Rolle der Kinder in der Gesellschaft ein. Franziskus sprach vor allem \u00fcber die Verantwortung aller gegen\u00fcber \u201eden j\u00fcngsten Mitgliedern\u201c der Gesellschaft. Jeder sei f\u00fcr sie verantwortlich. Niemand d\u00fcrfe Kinder \u201eablehnen\u201c. \u201eEs gibt sogar Eltern, die es bereuen, Kinder zu haben. Solche Worte sind eine Schande!\u201c, so der Papst. Politik und Gesellschaft m\u00fcssten Eltern und allgemein Familien so gut es geht unterst\u00fctzen, rief der Papst auf. Konkret hei\u00dft das: Eltern m\u00fcssen auch Erholungsmomente haben.<\/p>\n<ul>\n<li>Libreria Editrice Vaticana: <a href=\"http:\/\/w2.vatican.va\/content\/francesco\/de\/audiences\/2015\/documents\/papa-francesco_20150408_udienza-generale.html\" target=\"_blank\" rel=\"noopener noreferrer\">Papst Franziskus\u00a0\u21d2 Audienzen\u00a0\u21d2 2015\u00a0\u21d2 8. April<\/a><\/li>\n<li>Radio Horeb: <a title=\"Podcast zur Generalaudienz vom 8. April 2015\" href=\"http:\/\/www.horeb.org\/xyz\/podcast\/papstaudienz\/20150408audienz.mp3\" target=\"_blank\" rel=\"noopener noreferrer\">Podcast zur Generalaudienz vom 8. April 2015<\/a><\/li>\n<li>Agentur Zenit: Katechese von Papst Franziskus w\u00e4hrend der Generalaudienz am 8. April 2015<\/li>\n<li>Radio Vatikan (Link vergriffen): <a title=\"Audiodokument 1135209 von Mario Galgano\" href=\"http:\/\/de.radiovaticana.va\/news\/2015\/04\/08\/generalaudienz_%E2%80%9Ewir_alle_sind_f%C3%BCr_wohl_der_kinder_verantwor\/1135209\" target=\"_blank\" rel=\"noopener noreferrer\">Audiodokument 1135209 von Mario Galgano<\/a><\/li>\n<\/ul>\n<h2 id=\"katechese12\">12. Katechese: Das Sakrament der Ehe &#8212; Mann und Frau als Ebenbild Gottes<\/h2>\n<p>Der Papst setzte in seiner heutigen Katechese die Themenreihe \u201eFamilie\u201c fort und befasste sich mit dem Thema der Ehe, das er auch w\u00e4hrend der n\u00e4chsten Generalaudienz behandeln wird. Der Herr habe mit der Sch\u00f6pfung des Menschen ein Meisterwerk geschaffen. Von allen Gesch\u00f6pfen seien allein Mann und Frau nach dem Ebenbild Gottes geschaffen, so Papst Franziskus. Die moderne Kultur habe neue Freiheiten, aber auch gleichzeitig viele Zweifel und Unsicherheiten geschaffen. Die Aufhebung des Unterschieds zwischen Mann und Frau f\u00fchre zu Problemen. Mann und Frau seien einander erg\u00e4nzende Wesen, sie m\u00fcssten miteinander sprechen, sich besser kennenlernen und einander zuh\u00f6ren. Gott habe seine Sch\u00f6pfung Mann und Frau anvertraut. Es stehe au\u00dfer Frage, dass mehr f\u00fcr die Rechte der Frau getan werden m\u00fcsse. Bereits zu Zeiten Jesu sei die Frau als \u201em\u00e4chtiges Licht\u201c betrachtet worden.<\/p>\n<ul>\n<li>Libreria Editrice Vaticana: <a href=\"http:\/\/w2.vatican.va\/content\/francesco\/de\/audiences\/2015\/documents\/papa-francesco_20150415_udienza-generale.html\" target=\"_blank\" rel=\"noopener noreferrer\">Papst Franziskus\u00a0\u21d2 Audienzen\u00a0\u21d2 2015\u00a0\u21d2 15. April<\/a><\/li>\n<li>Radio Horeb: <a title=\"Podcast zur Generalaudienz vom 15. April 2015\" href=\"http:\/\/www.horeb.org\/xyz\/podcast\/papstaudienz\/20150415audienz.mp3\" target=\"_blank\" rel=\"noopener noreferrer\">Podcast zur Generalaudienz vom 15. April 2015<\/a><\/li>\n<li>Agentur Zenit: Katechese von Papst Franziskus w\u00e4hrend der Generalaudienz am 15. April 2015<\/li>\n<li>Radio Vatikan (Link vergriffen): <a title=\"Audiodokument 1136889 von Anne Preckel\" href=\"http:\/\/de.radiovaticana.va\/news\/2015\/04\/15\/papst_bei_generalaudienz_mehr_mut_bei_der_frauenf%C3%B6rderung\/1136889\" target=\"_blank\" rel=\"noopener noreferrer\">Audiodokument 1136889 von\u00a0Anne Preckel<\/a><\/li>\n<\/ul>\n<h2 id=\"katechese13\">13. Katechese: Der Mann kann sich nur in der Frau wiedererkennen<\/h2>\n<p>Papst Franziskus f\u00fchrte aus, dass der Mann sich nur in der Frau wiederspiegeln und wiedererkennen k\u00f6nne. Vor der Erschaffung der Frau sei der Mann einsam gewesen. Mann und Frau erg\u00e4nzten sich. Die Frau sei wie der Mann eine Erschaffung Gottes. Um die Liebe in einer Frau zu finden, um eine Frau zu finden, m\u00fcsse der Mann erst von ihr tr\u00e4umen, erkl\u00e4rte der Papst unter dem Applaus der Gl\u00e4ubigen. Die S\u00fcnde schaffe Misstrauen und Trennung von Mann und Frau. Papst Franziskus sprach sich gegen patriarchalische Gesellschaftsstrukturen und den Frauenhandel aus. Anschlie\u00dfend ging der Papst auf die Bedeutung der Ehe ein und forderte dazu auf, wieder Ehe und Familie wertzusch\u00e4tzen. Gott sei voller Z\u00e4rtlichkeit f\u00fcr Mann und Frau, die er wie ein Vater besch\u00fctze. Abschlie\u00dfend bat Papst Franziskus alle um Gebete f\u00fcr die Familien in schwierigen Situationen, da die Familie das Fundament der Gesellschaft bilde.<\/p>\n<ul>\n<li>Libreria Editrice Vaticana: <a href=\"http:\/\/w2.vatican.va\/content\/francesco\/de\/audiences\/2015\/documents\/papa-francesco_20150422_udienza-generale.html\" target=\"_blank\" rel=\"noopener noreferrer\">Papst Franziskus\u00a0\u21d2 Audienzen\u00a0\u21d2 2015\u00a0\u21d2 22. April<\/a><\/li>\n<li>Radio Horeb: <a title=\"Podcast zur Generalaudienz vom 22. April 2015\" href=\"http:\/\/www.horeb.org\/xyz\/podcast\/papstaudienz\/20150422audienz.mp3\" target=\"_blank\" rel=\"noopener noreferrer\">Podcast zur Generalaudienz vom 22. April 2015<\/a><\/li>\n<li>Agentur Zenit: Katechese von Papst Franziskus w\u00e4hrend der Generalaudienz am 22. April 2015<\/li>\n<li>Radio Vatikan (Link vergriffen): <a title=\"Audiodokument 1138666 von N. Oetzelt\" href=\"http:\/\/de.radiovaticana.va\/news\/2015\/04\/22\/papst_franziskus_mann_und_frau_brauchen_sich\/1138666\" target=\"_blank\" rel=\"noopener noreferrer\">Audiodokument 1138666 von\u00a0N. Oetzelt<\/a><\/li>\n<\/ul>\n<h2 id=\"katechese14\">14. Katechese: Der Mann und die Frau, die lieben &#8211;\u00a0Das ist das Meisterwerk!<\/h2>\n<p>Gott habe mit der Erschaffung von Mann und Frau ein Meisterwerk geschaffen. Jesus habe seine ersten Wunder anl\u00e4sslich der Hochzeit von Kanaan vollbracht und somit gezeigt, dass die Familie das Meisterwerk der Gesellschaft sei. Papst Franziskus ging anschlie\u00dfend auf die Entwicklung unserer Gesellschaft ein, in der immer weniger Menschen, vor allem junge, bereit seien zu heiraten, die Zahl der Trennungen und Scheidungen steige und die Geburtenzahlen r\u00fcckl\u00e4ufig seien. Man m\u00fcsse vor allem der Frage nachgehen, weshalb gerade junge Menschen sich vor einer dauerhaften Bindung wie der Ehe scheuten und stattdessen eine Lebensgemeinschaft vorz\u00f6gen. Der Papst f\u00fchrte wirtschaftliche Probleme als m\u00f6glichen Grund an und kritisierte scharf das Argument, die Frauen seien zu emanzipiert. Man d\u00fcrfe den Frauen nicht die Schuld geben, sondern m\u00fcsse sie vielmehr verteidigen. In Wirklichkeit halte die meisten die Angst vor dem Scheitern davon ab, eine Ehe einzugehen. Das Sakrament der Ehe sch\u00fctze das Band zwischen Mann und Frau, die gleichberechtigt seien und sich gegenseitig erg\u00e4nzten. Papst Franziskus sprach das Thema der Gleichberechtigung der Frau in der Arbeitswelt an und kritisierte die Ungleichbehandlung der Frau. Abschlie\u00dfend erkl\u00e4rte der Papst, Christen heirateten nicht nur f\u00fcr sich, sondern zum Wohl der ganzen Gesellschaft.<\/p>\n<ul>\n<li>Libreria Editrice Vaticana: <a href=\"http:\/\/w2.vatican.va\/content\/francesco\/de\/audiences\/2015\/documents\/papa-francesco_20150429_udienza-generale.html\" target=\"_blank\" rel=\"noopener noreferrer\">Papst Franziskus\u00a0\u21d2 Audienzen\u00a0\u21d2 2015\u00a0\u21d2 29. April<\/a><\/li>\n<li>Radio Horeb: <a title=\"Podcast zur Generalaudienz vom 29. April 2015\" href=\"http:\/\/www.horeb.org\/xyz\/podcast\/papstaudienz\/20150429audienz.mp3\" target=\"_blank\" rel=\"noopener noreferrer\">Podcast zur Generalaudienz vom 29. April 2015<\/a><\/li>\n<li>Agentur Zenit: Katechese von Papst Franziskus w\u00e4hrend der Generalaudienz am 29. April 2015<\/li>\n<li>Radio Vatikan (Link vergriffen): <a title=\"Audiodokument 1140425 von N. Oetzelt\" href=\"http:\/\/de.radiovaticana.va\/news\/2015\/04\/29\/papst_die_liebe,_ein_meisterwerk_der_gesellschaft\/1140425\" target=\"_blank\" rel=\"noopener noreferrer\">Audiodokument 1140425 von N. Oetzelt<\/a><\/li>\n<\/ul>\n<h2 id=\"katechese15\">15. Katechese: Die Ehe, ein Akt gro\u00dfer Liebe und tiefen Glaubens, ist ein Sakrament<\/h2>\n<p>Die Ehe ist nicht nur etwas, was in der Kirche geschlossen wird, sie macht in gewisser Weise erst die Kirche. Das sagte Papst Franziskus am Mittwoch, 6. Mai 2015\u00a0bei der Generalaudienz auf dem Petersplatz. In seiner Katechesenreihe \u00fcber das Thema Familie ging Franziskus ein weiteres Mal auf das Sakrament der Ehe ein.<\/p>\n<blockquote><p>\u201eEs ist nicht einfach eine Zeremonie in einer Kirche, mit Blumen, schicker Kleidung, Fotos \u2026 <strong><span style=\"color: #ff0000;\">Die christliche Ehe ist ein Sakrament in der Kirche<\/span><\/strong>, aber es macht auch die Kirche, es beginnt eine neue Familien-Gemeinschaft.\u201c<\/p><\/blockquote>\n<p>Dazu komme das, was der Apostel Paulus lehre: die Liebe der Eheleute sei ein Zeichen der Liebe zwischen Christus und seiner Kirche. Ein \u201eundenkbares\u201c Bild, aber eingeschrieben in die Sch\u00f6pfung, wie der Papst betonte, \u201emit der Gnade Christi leben das unz\u00e4hlige christliche Paare und lassen es bei aller ihrer Schwachheit wirklich werden.\u201c<\/p>\n<ul>\n<li>Libreria Editrice Vaticana: <a href=\"http:\/\/w2.vatican.va\/content\/francesco\/de\/audiences\/2015\/documents\/papa-francesco_20150506_udienza-generale.html\" target=\"_blank\" rel=\"noopener noreferrer\">Papst Franziskus\u00a0\u21d2 Audienzen\u00a0\u21d2 2015\u00a0\u21d2 6. Mai<\/a><\/li>\n<li>Radio Horeb: <a title=\"Podcast zur Generalaudienz vom 6. Mai 2015\" href=\"http:\/\/www.horeb.org\/xyz\/podcast\/papstaudienz\/20150506audienz.mp3\" target=\"_blank\" rel=\"noopener noreferrer\">Podcast zur Generalaudienz vom 6. Mai 2015<\/a><\/li>\n<li>Agentur Zenit: Katechese von Papst Franziskus w\u00e4hrend der Generalaudienz am 6. Mai 2015<\/li>\n<li>Radio Vatikan (Link vergriffen): <a title=\"Audiodokument 1141993\" href=\"http:\/\/de.radiovaticana.va\/news\/2015\/05\/06\/generalaudienz_das_%E2%80%9Eundenkbare%E2%80%9C_bild_der_liebe\/1141993\" target=\"_blank\" rel=\"noopener noreferrer\">Audiodokument 1141993<\/a><\/li>\n<\/ul>\n<h2 id=\"katechese16\">16. Katechese: Beendet den Tag in eurer Familie nie, ohne euch wieder zu vers\u00f6hnen<\/h2>\n<p>\u201eDarf ich?\u201c, \u201eDanke\u201c und \u201eEntschuldigung\u201c, diese Worte z\u00e4hle man gew\u00f6hnlich zum Bereich der guten Erziehung, \u00fcberlegte der Papst. Das sei ja auch ganz richtig so; allerdings k\u00f6nne gute Erziehung auch zu einem blo\u00dfen \u201eFormalismus der guten Manieren\u201c und damit zu einer \u201eMaske\u201c werden, \u201ehinter der sich die Trockenheit der Seele und das Desinteresse am anderen verstecken\u201c. \u201eNoch nicht einmal die Religion ist vor diesem Risiko gefeit, das die formale Observanz in spirituelle Weltlichkeit abrutschen l\u00e4sst. Der Teufel, der Jesus versucht, zeigt gute Manieren, er ist ein richtiger Herr, ein Ritter! Und er zitiert auch die Heilige Schrift, sodass man ihn glatt f\u00fcr einen Theologen halten k\u00f6nnte. Sein Stil scheint korrekt, aber seine Absicht ist es, von der Wahrheit der Liebe Gottes wegzulocken.\u201c<\/p>\n<p>Zur\u00fcck zur Familie, zur\u00fcck zu den drei Zauberworten. \u201eDarf ich?\u201c, zun\u00e4chst: Das stehe daf\u00fcr, dass man nicht einfach in das Leben eines anderen eindringen und dar\u00fcber verf\u00fcgen k\u00f6nne. Jesus selbst sage ja in aller Diskretion in der Offenbarung des Johannes: \u201eIch stehe vor der T\u00fcr und klopfe an&#8230;\u201c (Offb 3,20). \u201eSogar der Herr bittet um die Erlaubnis, hereinkommen zu d\u00fcrfen! Vergessen wir das nicht, und halten wir es in der Familie ebenso. Mit einer wirklich gut erzogenen Sprache, die aber voller Liebe ist. Das tut den Familien so gut!\u201c<\/p>\n<p>Zweites Zauberwort: \u201eDanke\u201c. Vielen gelte es als Schw\u00e4che, sich bedanken zu m\u00fcssen, dabei sei eigentlich das Gegenteil der Fall, so Papst Franziskus. \u201eWir sollten bei der Erziehung zur Dankbarkeit nicht mit uns reden lassen, denn die Menschenw\u00fcrde und die soziale Gerechtigkeit gehen beide von hier aus! Wenn das Familienleben diesen Stil vernachl\u00e4ssigt, dann wird er auch im sozialen Leben verloren gehen. Au\u00dferdem geh\u00f6rt die Dankbarkeit f\u00fcr einen Gl\u00e4ubigen ins Herz seines Glaubens: Ein Christ, der sich nicht bedankt, ist jemand, der die Sprache Gottes vergessen hat.\u201c<\/p>\n<p>Das dritte Wort: \u201eEntschuldigung\u201c. Auch dieses legte der Papst nicht nur den Familien von heute ans Herz, sondern brachte es auch mit dem Glauben in Verbindung. \u201eNicht von ungef\u00e4hr finden wir im Gebet, das Jesus uns gelehrt hat, dem Vaterunser, diesen Ausdruck: \u201aUnd vergib uns unsere Schuld, wie auch wir vergeben unseren Schuldigern\u2019 (Mt 6,12). Zugeben, dass man einen Fehler gemacht hat, und bereit sein, neu anzufangen, das macht einen der Vergebung w\u00fcrdig, und so wird die Infektion gebremst. Wenn wir nicht imstande sind, um Entschuldigung zu bitten, dann sind wir auch nicht f\u00e4hig, (selbst anderen) zu vergeben.\u201c<\/p>\n<ul>\n<li>Libreria Editrice Vaticana: <a href=\"http:\/\/w2.vatican.va\/content\/francesco\/de\/audiences\/2015\/documents\/papa-francesco_20150513_udienza-generale.html\" target=\"_blank\" rel=\"noopener noreferrer\">Papst Franziskus\u00a0\u21d2 Audienzen\u00a0\u21d2 2015\u00a0\u21d2 13. Mai<\/a><\/li>\n<li>Radio Horeb: <a title=\"Podcast zur Generalaudienz vom 13. Mai 2015\" href=\"http:\/\/www.horeb.org\/xyz\/podcast\/papstaudienz\/20150513audienz.mp3\" target=\"_blank\" rel=\"noopener noreferrer\">Podcast zur Generalaudienz vom 13. Mai 2015<\/a><\/li>\n<li>Agentur Zenit: Katechese von Papst Franziskus w\u00e4hrend der Generalaudienz am 13. Mai 2015<\/li>\n<li>Radio Vatikan (Link vergriffen): <a title=\"Audiodokument 1143700 von Stefan von Kempis\" href=\"http:\/\/de.radiovaticana.va\/news\/2015\/05\/13\/bitte,_danke,_entschuldigung_wie_man_gut_zusammenlebt\/1143700\" target=\"_blank\" rel=\"noopener noreferrer\">Audiodokument 1143700 von Stefan von Kempis<\/a><\/li>\n<\/ul>\n<h2 id=\"katechese17\">17. Katechese: Vater und Mutter sollen gut voneinander sprechen<\/h2>\n<p>Mit den Worten \u201eGuten Morgen an all die vielen Familien am Petersplatz!\u201c begann Papst Franziskus am Mittwoch, 20. Mai 2015 seine Generalaudienz f\u00fcr rund 40.000 Gl\u00e4ubige im Vatikan. Im Rahmen seiner Katechesenreihe \u00fcber die Familie ging er diesmal auf den Aspekt der Erziehung ein; der fr\u00fchere Lehrer an Jesuitenschulen betonte drei Punkte, die aus seiner Sicht f\u00fcr eine gute Erziehung n\u00f6tig sind: Liebe, Feingef\u00fchl und Geduld. In unseren Zeiten sei Erziehen nicht einfach, r\u00e4umte er ein: Viele Eltern bek\u00e4men ihre Kinder erst am Abend zu Gesicht, und dann seien sie allesamt m\u00fcde. Kinder von getrennten Eltern h\u00e4tten mit noch mehr Problemen zu k\u00e4mpfen. Papst Franziskus bat getrennte Eltern eindringlich, ihre Kinder nicht in ihrem Streit zu instrumentalisieren: \u201eIhr seid aus vielen Gr\u00fcnden getrennt. Das Leben hat euch vor diese Herausforderung gestellt. Aber es sind nicht die Kinder, die Schwierigkeiten in diese getrennte Lebenssituation bringen! Die Kinder sollten nicht als Geiseln benutzt werden, um den anderen Partner zu erpressen! Die Kinder sollen die Mutter und den Vater gut \u00fcber den anderen Partner sprechen h\u00f6ren, auch wenn diese nicht mehr zusammen sind!\u201c<\/p>\n<ul>\n<li>Libreria Editrice Vaticana: <a href=\"http:\/\/w2.vatican.va\/content\/francesco\/de\/audiences\/2015\/documents\/papa-francesco_20150520_udienza-generale.html\" target=\"_blank\" rel=\"noopener noreferrer\">Papst Franziskus\u00a0\u21d2 Audienzen\u00a0\u21d2 2015\u00a0\u21d2 20. Mai<\/a><\/li>\n<li>Radio Horeb: <a title=\"Podcast zur Generalaudienz vom 20. Mai 2015\" href=\"http:\/\/www.horeb.org\/xyz\/podcast\/papstaudienz\/20150520audienz.mp3\" target=\"_blank\" rel=\"noopener noreferrer\">Podcast zur Generalaudienz vom\u00a020. Mai 2015<\/a><\/li>\n<li>Agentur Zenit: Katechese von Papst Franziskus w\u00e4hrend der Generalaudienz am 20. Mai 2015<\/li>\n<li>EWTN:\u00a0<a title=\"Papst Franziskus setzt seine Katechese zu Ehe und Familie fort und fordert die Eltern auf die Erziehung der Kinder selbst in die Hand zu nehmen\" href=\"https:\/\/www.youtube.com\/watch?v=O7Qp4hnXblw\" target=\"_blank\" rel=\"noopener noreferrer\">Papst Franziskus setzt seine Katechese zu Ehe und Familie fort und fordert die Eltern auf die Erziehung der Kinder selbst in die Hand zu nehmen<\/a> (YouTube-Video vom 20. Mai. 2015)<\/li>\n<li>Radio Vatikan (Link vergriffen): <a title=\"Audiodokument 1145373 von N. Oetzelt\" href=\"http:\/\/de.radiovaticana.va\/news\/2015\/05\/20\/papst_franziskus_fordert_liebe,_feingef\u00fchl_und_geduld_f\u00fcr_di\/1145373\" target=\"_blank\" rel=\"noopener noreferrer\">Audiodokument 1145373 von N. Oetzelt<\/a><\/li>\n<\/ul>\n<h2 id=\"katechese18\">18. Katechese: Das B\u00fcndnis der Liebe zwischen Mann und Frau wird nicht aus dem Stegreif geschlossen<\/h2>\n<p>Fr\u00fcher war nicht alles besser, auch beim Thema Ehe nicht. Bereits zum 16. Mal sprach der Papst bei einer Generalaudienz zum Thema Familie, und er erteilte en passant den arrangierten Ehen unserer Vorfahren eine Absage: \u201eEs ist doch etwas Sch\u00f6nes, dass die jungen Leute heute ihren Ehepartner auf der Basis gegenseitiger Liebe ausw\u00e4hlen.\u201c Allerdings geh\u00f6re dazu eine gewisse Reife der Entscheidung, \u201enicht nur Anziehungskraft oder Gef\u00fchl eines Moments\u201c. Es brauche, kurz gesagt, \u201eeinen Weg\u201c.<\/p>\n<p>\u201eDie Verlobungszeit ist sozusagen die Zeit, in der die zwei Partner dazu aufgerufen sind, an ihrer Liebe zu arbeiten, gemeinsam und in die Tiefe gehend. Da lernt man sich allm\u00e4hlich immer besser kennen\u2026 Untersch\u00e4tzen wir nicht die Wichtigkeit dieser Lehrzeit, sie ist eine sch\u00f6ne Aufgabe, die die Liebe selbst von uns verlangt, um nicht einfach nur gedankenloses Gl\u00fcck, emotionale Verzauberung zu sein. Der biblische Sch\u00f6pfungsbericht stellt die ganze Sch\u00f6pfung als ein sch\u00f6nes Werk der Liebe Gottes dar: \u201aGott sah\u2018 \u2013 so hei\u00dft es im Buch Genesis -, \u201awas er gemacht hatte, und siehe, es war sehr gut\u2018 (Gen 1,31). Erst am Schluss \u201aruhte\u2018 sich Gott dann aus. Aus diesem Bild verstehen wir, dass die Liebe Gottes, die am Ursprung der Welt steht, keine spontane Sache war, nein! Da steckt eine sch\u00f6ne Arbeit dahinter. Die Liebe Gottes schuf die konkreten Bedingungen f\u00fcr einen unwiderruflichen, soliden, zur Dauer bestimmten Bund.\u201c<\/p>\n<ul>\n<li>Libreria Editrice Vaticana: <a href=\"http:\/\/w2.vatican.va\/content\/francesco\/de\/audiences\/2015\/documents\/papa-francesco_20150527_udienza-generale.html\" target=\"_blank\" rel=\"noopener noreferrer\">Papst Franziskus\u00a0\u21d2 Audienzen\u00a0\u21d2 2015\u00a0\u21d2 27. Mai<\/a><\/li>\n<li>Radio Horeb: <a title=\"Podcast zur Generalaudienz vom 27. Mai 2015\" href=\"http:\/\/www.horeb.org\/xyz\/podcast\/papstaudienz\/20150527audienz.mp3\" target=\"_blank\" rel=\"noopener noreferrer\">Podcast zur Generalaudienz vom\u00a027. Mai 2015<\/a><\/li>\n<li>Agentur Zenit: Katechese von Papst Franziskus w\u00e4hrend der Generalaudienz am 27. Mai 2015<\/li>\n<li>EWTN: <a title=\"Papst Franziskus setzt seine Katechese zu Ehe und Familie fort\" href=\"https:\/\/www.youtube.com\/watch?v=y4SyY3XA0CM\" target=\"_blank\" rel=\"noopener noreferrer\">Papst Franziskus setzt seine Katechese zu Ehe und Familie fort<\/a> (YouTube-Video vom 27. Mai. 2015)<\/li>\n<li>Radio Vatikan (Link vergriffen): <a title=\"Audiodokument 1147018 von Stefan von Kempis\" href=\"http:\/\/de.radiovaticana.va\/news\/2015\/05\/27\/generalaudienz_\u201eunsere_gef\u00fchls-koordinaten_sind_etwas_ver\/1147018\" target=\"_blank\" rel=\"noopener noreferrer\">Audiodokument 1147018 von Stefan von Kempis<\/a><\/li>\n<\/ul>\n<h2 id=\"katechese19\">19. Katechese: Der Krieg ist die Ursache aller Armut, dennoch gr\u00fcnden Menschen eine Familie als S\u00e4ule irdischen Lebens<\/h2>\n<p>Politik und Wirtschaft sind meistens geizig, wenn es darum geht, Familien zu unterst\u00fctzen. Dies sei bemerkenswert, da sowohl die Gesellschaft als auch die Wirtschaft von der Existenz von Familien doch sehr profierten. Diese Kritik \u00e4u\u00dferte der Papst bei seiner Generalaudienz auf dem Petersplatz. Am Mittwoch, am 3. Juni 2015 ging der Papst in seiner Katechsenreihe nochmals auf das bisherige Thema \u201eFamilie\u201c ein, schlug aber zugleich einen Bogen zu einer neuen Reihe, in der es um Armut gehen wird: \u201eDie Familie hat schon viele Probleme, die ihr zu schaffen machen &#8211; und eine davon ist die Armut. Denken wir an die vielen Familien, die an der Peripherie der Metropolen leben, oder an jene, die in l\u00e4ndlichen Gebieten wohnen. So viel Elend, so eine Misere! Und dann kommen noch Kriege hinzu, die oft in jenen armen Gegenden gef\u00fchrt werden. Der Krieg ist die Mutter aller Armut!\u201c Dennoch seien oft arme Familie jene, die mit W\u00fcrde versuchten, einen geregelten Alltag zu leben.<\/p>\n<ul>\n<li>Libreria Editrice Vaticana: <a href=\"http:\/\/w2.vatican.va\/content\/francesco\/de\/audiences\/2015\/documents\/papa-francesco_20150603_udienza-generale.html\" target=\"_blank\" rel=\"noopener noreferrer\">Papst Franziskus\u00a0\u21d2 Audienzen\u00a0\u21d2 2015\u00a0\u21d2 3. Juni<\/a><\/li>\n<li>Radio Horeb: <a title=\"Podcast zur Generalaudienz vom 3. Juni 2015\" href=\"http:\/\/www.horeb.org\/xyz\/podcast\/papstaudienz\/20150603audienz.mp3\" target=\"_blank\" rel=\"noopener noreferrer\">Podcast zur Generalaudienz vom\u00a03. Juni 2015<\/a><\/li>\n<li>Agentur Zenit: Katechese von Papst Franziskus w\u00e4hrend der Generalaudienz am 3. Juni 2015<\/li>\n<li>Radio Vatikan (Link vergriffen): <a title=\"Audiodokument 1148707 von Mario Galgano\" href=\"http:\/\/de.radiovaticana.va\/news\/2015\/06\/03\/papst_%E2%80%9Epolitik_und_wirtschaft_ist_mit_familien_geizig%E2%80%9C\/1148707\" target=\"_blank\" rel=\"noopener noreferrer\">Audiodokument 1148707 von Mario Galgano<\/a><\/li>\n<\/ul>\n<h2 id=\"katechese20\">20. Katechese: F\u00fcrsorge f\u00fcr Kranke in der Familie ist heldenhaft<\/h2>\n<p>Die Pflege f\u00fcr kranke Angeh\u00f6rige in der Familie ist eine heroische Tat und geht oft mit gro\u00dfen Opfern einher. Das hat Papst Franziskus am Mittwoch, 10. Juni 2015\u00a0bei der Generalaudienz betont. Er rief Politik und Gesellschaft dazu auf, diese Arbeit zu w\u00fcrdigen und empfahl Eltern, ihre Kinder zu F\u00fcrsorge und Solidarit\u00e4t zu erziehen.\u00a0 Eltern sollten ihren Kindern auch die \u201eWelt der Kranken und des Leids\u201c zeigen, so der Papst in seiner Katechese auf dem Petersplatz. Franziskus ging auf das Thema \u201eFamilie und Krankheit\u201c ein, wobei es ihm um das Verh\u00e4ltnis von Familienangeh\u00f6rigen zu Kranken ging. Es sei wichtig, dass auch die Kirche dabei helfe, \u201eohne viele Worte\u201c ganz konkret und gezielt Kranke zu unterst\u00fctzen.<\/p>\n<ul>\n<li>Libreria Editrice Vaticana: <a href=\"http:\/\/w2.vatican.va\/content\/francesco\/de\/audiences\/2015\/documents\/papa-francesco_20150610_udienza-generale.html\" target=\"_blank\" rel=\"noopener noreferrer\">Papst Franziskus\u00a0\u21d2 Audienzen\u00a0\u21d2 2015\u00a0\u21d2 10. Juni<\/a><\/li>\n<li>Radio Horeb: <a title=\"Podcast zur Generalaudienz vom 10. Juni 2015\" href=\"http:\/\/www.horeb.org\/xyz\/podcast\/papstaudienz\/20150610audienz.mp3\" target=\"_blank\" rel=\"noopener noreferrer\">Podcast zur Generalaudienz vom 10. Juni 2015<\/a><\/li>\n<li>Agentur Zenit: Katechese von Papst Franziskus w\u00e4hrend der Generalaudienz am 10. Juni 2015<\/li>\n<li>Radio Vatikan (Link vergriffen): <a title=\"Audiodokument 1150436 von Mario Galgano\" href=\"http:\/\/de.radiovaticana.va\/news\/2015\/06\/10\/papst_%E2%80%9Ef%C3%BCrsorge_f%C3%BCr_kranke_in_der_familie_ist_heldenhaft%E2%80%9C\/1150436\" target=\"_blank\" rel=\"noopener noreferrer\">Audiodokument 1150436 von Mario Galgano<\/a><\/li>\n<\/ul>\n<h2 id=\"katechese21\">21. Katechese: Der Verlust eines Kindes ist eine herzzerrei\u00dfende, ersch\u00fctternde Erfahrung<\/h2>\n<p>Der Umgang mit Verlust und Trauer in der Familie stand am Mittwoch, 17. Juni 2015\u00a0im Zentrum der p\u00e4pstlichen Generalaudienz. Das Lukasevangelium erz\u00e4hlt vom Tod eines jungen Mannes aus Nain und von Jesu Mitleid f\u00fcr dessen Mutter, eine Witwe (vgl. <a title=\"Lukas 7, 11-15\" href=\"http:\/\/www.bibleserver.com\/text\/EU\/Lukas7.11-15\" target=\"_blank\" rel=\"noopener noreferrer\">Lukas 7, 11-15<\/a>). Davon ausgehend f\u00fchrte Franziskus in seiner Katechese aus, was es bedeutet, \u201eden Tod nicht das letzte Wort haben zu lassen\u201c.<\/p>\n<p>In der Familie erscheine der Tod eines Kindes oder Elternteils oftmals als \u201eschwarzes Loch\u201c, so Papst Franziskus. Wenn Eltern ihre Kinder \u00fcberlebten, werde dies wie ein Widerspruch zum tiefsten Sinn der Familie selbst empfunden, als etwas Unnat\u00fcrliches: \u201eDer Verlust eines Sohnes oder einer Tochter ist, wie wenn die Zeit stehenbleibt: Es \u00f6ffnet sich ein Schlund, der die Vergangenheit und die Zukunft verschlingt. Der Tod, der das kleine Kind mit sich nimmt, ist ein Schlag f\u00fcr die mit Freude gemachten Versprechungen, die Gaben und Opfer der Liebe an das Leben, das wir geboren haben. (\u2026) Die ganze Familie ist wie gel\u00e4hmt und zum Schweigen gebracht.\u201c<\/p>\n<ul>\n<li>Libreria Editrice Vaticana: <a href=\"http:\/\/w2.vatican.va\/content\/francesco\/de\/audiences\/2015\/documents\/papa-francesco_20150617_udienza-generale.html\" target=\"_blank\" rel=\"noopener noreferrer\">Papst Franziskus\u00a0\u21d2 Audienzen\u00a0\u21d2 2015\u00a0\u21d2 17. Juni<\/a><\/li>\n<li>Radio Horeb: <a title=\"Podcast zur Generalaudienz vom 17. Juni 2015\" href=\"http:\/\/www.horeb.org\/xyz\/podcast\/papstaudienz\/20150617audienz.mp3\" target=\"_blank\" rel=\"noopener noreferrer\">Podcast zur Generalaudienz vom 17. Juni 2015<\/a><\/li>\n<li>Agentur Zenit: Katechese von Papst Franziskus w\u00e4hrend der Generalaudienz am 17. Juni 2015<\/li>\n<li>Radio Vatikan (Link vergriffen): <a title=\"Audiodokument 1152090 von Anne Preckel\" href=\"http:\/\/de.radiovaticana.va\/news\/2015\/06\/17\/papst_%E2%80%9Eliebe_ist_st%C3%A4rker_als_der_tod%E2%80%9C\/1152090\" target=\"_blank\" rel=\"noopener noreferrer\">Audiodokument 1152090 von Anne Preckel<\/a><\/li>\n<\/ul>\n<h2 id=\"katechese22\">22. Katechese: <span id=\"testo-articolo\">Familie ist nicht automatisch heile Welt &#8211; Verletzung und Beleidigung<\/span><\/h2>\n<p>Familie ist nicht automatisch heile Welt: \u201eVerletzungen\u201c\u00a0gibt es hier und\u00a0\u201eBeleidigungen\u201c. Davon sprach Papst Franziskus am Mittwoch, 24. Juni 2015,\u00a0bei seiner Generalaudienz. Viele Kinder litten darunter, wie ihre Eltern untereinander Bosheiten austauschten. Das sollten die Paare bei ihrer Zankerei bitte bedenken: Bosheiten, die man untereinander austausche, belasteten die ganze Familie.\u00a0 Einander Schmerzen innerhalb einer Familie zuzuf\u00fcgen, sei \u201eleider eine weitverbreitete Krankheit\u201c, so der Papst.<\/p>\n<blockquote><p>\u201eWir wissen gut, dass in keiner Familiengeschichte diese Momente fehlen. Anstatt Liebe weiterzugeben, geschieht mit Wort, Tat oder Unterlassung das Gegenteil. Oder sogar noch schlimmer, man dem\u00fctigt einander. Wenn diese Verletzungen, Beleidigungen vernachl\u00e4ssigt werden, solange man sie noch wieder gutmachen k\u00f6nnte, verschlimmert sich die Situation: Die Beleidigungen werden r\u00fccksichtloser, feindlicher und verachtend.\u201c<\/p><\/blockquote>\n<p>Diese Spirale zerst\u00f6re schlie\u00dflich die Verbindung zwischen Mann und Frau, betonte der Papst \u2013 sie zerst\u00f6re zudem die Seele der Kinder.\u00a0 Oft werde der Fehler begangen, Kinder in solchen F\u00e4llen mit Geschenken zu bezirzen, aber so einfach sei das nicht, erkl\u00e4rte Franziskus. &#8230;<\/p>\n<ul>\n<li>Libreria Editrice Vaticana: <a href=\"http:\/\/w2.vatican.va\/content\/francesco\/de\/audiences\/2015\/documents\/papa-francesco_20150624_udienza-generale.html\" target=\"_blank\" rel=\"noopener noreferrer\">Papst Franziskus\u00a0\u21d2 Audienzen\u00a0\u21d2 2015\u00a0\u21d2 24. Juni<\/a><\/li>\n<li>Radio Horeb: <a title=\"Podcast zur Generalaudienz vom 24. Juni 2015\" href=\"http:\/\/www.horeb.org\/xyz\/podcast\/papstaudienz\/20150624audienz.mp3\" target=\"_blank\" rel=\"noopener noreferrer\">Podcast zur Generalaudienz vom 24. Juni 2015<\/a><\/li>\n<li>Agentur Zenit: Katechese von Papst Franziskus w\u00e4hrend der Generalaudienz am 24. Juni 2015<\/li>\n<li>Radio Vatikan (Link vergriffen): <a title=\"Audiodokument 1153689 von N. Oetzelt\" href=\"http:\/\/de.radiovaticana.va\/news\/2015\/06\/24\/papst_das_leiden_der_kinderseelen_durch_die_trennung\/1153689\" target=\"_blank\" rel=\"noopener noreferrer\">Audiodokument 1153689 von N. Oetzelt<\/a><\/li>\n<\/ul>\n<h2 id=\"katechese23\">23. Katechese: Sie sind nicht exkommuniziert, sie sind ein Teil der Kirche<\/h2>\n<p>Papst Franziskus empfing\u00a0nach der Sommerpause die Gl\u00e4ubigen am Mittwoch, 5. August 2015, erstmals wieder zur Generalaudienz, die nicht unter der sengenden Sonne auf dem Petersplatz, sondern in der Aula Paolo VI stattfand. Vor der Sommerpause hatte sich der Papst in seinen Katechesen intensiv mit den unterschiedlichen Aspekten der Familie befasst. Heute setzte er den Themenkreis fort und setzte sich mit dem Thema der Geschiedenen und Wiederverheirateten auseinander.<\/p>\n<p>Er betonte, dass die Menschen, deren Ehe gescheitert sei und die schmerzliche Erfahrungen h\u00e4tten machen m\u00fcssen, unserer br\u00fcderlichen Aufnahme bed\u00fcrften. \u201eSie sind nicht exkommuniziert\u201c, stellte der Papst klar. Sie seien immer Teil der Kirche. Damit widersprach Papst Franziskus einigen anderslautenden Stimmen. Der Papst wies deutlich auf das Schicksal der Kinder hin, die besonders unter der Trennung der Eltern litten. Weitere Belastungen seien von den Kindern fernzuhalten. Es sei wichtig, so Papst Franziskus, dass die Kinder die Kirche als eine Mutter wahrn\u00e4hmen, die zum Zuh\u00f6ren und zum Dialog bereit ist.<\/p>\n<div>Papst Franziskus erkl\u00e4rte, dass die Kirche sich dessen bewusst sei, dass diese Lebenssituationen dem Sakrament der Ehe widerspr\u00e4chen, doch sei sich die Kirche ihrer Aufgabe bewusst, wie eine Mutter die Menschen anzunehmen, das Gute und die Erl\u00f6sung der Menschen zu suchen. Daher sprach Papst Franziskus an die Pfarrer die Einladung aus, eine entsprechende Haltung an den Tag zu legen und die T\u00fcren allen Menschen zu \u00f6ffnen. In der Kirche sei f\u00fcr jeden Platz. Den christlichen Familien komme die Aufgabe zu, den \u201everletzten\u201c Familien beizustehen.<\/div>\n<div><\/div>\n<ul>\n<li>Libreria Editrice Vaticana: <a href=\"http:\/\/w2.vatican.va\/content\/francesco\/de\/audiences\/2015\/documents\/papa-francesco_20150805_udienza-generale.html\" target=\"_blank\" rel=\"noopener noreferrer\">Papst Franziskus\u00a0\u21d2 Audienzen\u00a0\u21d2 2015\u00a0\u21d2 5. August<\/a><\/li>\n<li>Radio Horeb: <a href=\"http:\/\/www.horeb.org\/xyz\/podcast\/papstaudienz\/20150805audienz.mp3\" target=\"_blank\" rel=\"noopener noreferrer\">Podcast zur Generalaudienz vom 5. August 2015<\/a><\/li>\n<li>Agentur Zenit: Katechese von Papst Franziskus w\u00e4hrend der Generalaudienz am 5. August 2015<\/li>\n<li>Radio Vatikan (Link vergriffen): <a href=\"http:\/\/de.radiovaticana.va\/news\/2015\/08\/05\/papst_\u201ewiederverheiratete_nicht_wie_exkommunizierte_behande\/1163102\" target=\"_blank\" rel=\"noopener noreferrer\">Audiodokument 1163102 von Stefan von Kempis<\/a><\/li>\n<\/ul>\n<h2 id=\"katechese24\">24. Katechese: Feiertag ist nicht faul herumh\u00e4ngen, sondern dankbar sein<\/h2>\n<p>Papst Franziskus beharrt auf dem arbeitsfreien Sonntag. Feste und Feiertage seien Erfindungen Gottes und m\u00fcssen viel mehr gesch\u00e4tzt und vor allem genutzt werden. Dazu hat Papst Franziskus an diesem Mittwoch w\u00e4hrend der Generalaudienz aufgerufen.\u00a0Dabei ging es aber weniger um die Party und das rauschhafte feiern, Franziskus hat sich vielmehr das zur Ruhe kommen im Alltagsstress bezogen. Denn nicht nur die Arbeit, sondern auch das Gebet und das Fest sollen das Tempo des Familienlebens ausmachen.<\/p>\n<blockquote><p>\u201eAlso ein Feiertag bedeutet nicht faul in einem Stuhl herumzuh\u00e4ngen oder einen Rausch eines albernen Ausbruchs zu erleben. Das Fest ist vor allem ein liebevoller und dankbarer Blick auf die geleistete Arbeit- Es ist die Zeit die Kinder oder die Enkelkinder aufwachsen zu sehen und zu denken: wie sch\u00f6n! Es ist auch die Zeit, unser Zuhause anzuschauen, unsere Freunde, die wir bewirten, die Gesellschaft, die uns umgibt und zu denken: wie sch\u00f6n!\u201c<\/p><\/blockquote>\n<p>Auch w\u00e4hrend der Arbeit k\u00f6nnten mal Feste dazwischen kommen. Da w\u00e4ren Geburtstage, Hochzeiten, Geburten oder auch Urlaube. Diese seien aber wichtig, sagt der Papst. Denn sie bringen Verschnaufpausen mit der Familie im Getriebe des Alltags. Das sei auch gut so, sagt Franziskus.<\/p>\n<blockquote><p>\u201eDie echte Zeit des Feierns unterbricht die Arbeit und ist heilig, denn erinnert euch, dass Mann und Frau nach dem Ebenbild Gottes und nicht als Sklaven f\u00fcr die Arbeit gemacht wurden. Deshalb m\u00fcssen wir nie Sklaven, sondern Herren der Arbeit sein. Das ist ein Gebot, ein Gebot, das jeden betrifft und niemanden ausschlie\u00dft.\u201c<\/p><\/blockquote>\n<ul>\n<li>Libreria Editrice Vaticana: <a href=\"http:\/\/w2.vatican.va\/content\/francesco\/de\/audiences\/2015\/documents\/papa-francesco_20150812_udienza-generale.html\" target=\"_blank\" rel=\"noopener noreferrer\">Papst Franziskus\u00a0\u21d2 Audienzen\u00a0\u21d2 2015\u00a0\u21d2 12. August<\/a><\/li>\n<li>Radio Horeb: <a href=\"http:\/\/www.horeb.org\/xyz\/podcast\/papstaudienz\/20150812audienz.mp3\" target=\"_blank\" rel=\"noopener noreferrer\">Podcast zur Generalaudienz vom 12. August 2015<\/a><\/li>\n<li>Agentur Zenit: Katechese von Papst Franziskus w\u00e4hrend der Generalaudienz am 12. August 2015 fehlt!<\/li>\n<li>Radio Vatikan (Link vergriffen): <a href=\"http:\/\/de.radiovaticana.va\/news\/2015\/08\/12\/\u201efeiertag_ist_nicht_faul_herum_h\u00e4ngen,_sondern_dankbar_sein\/1164540\" target=\"_blank\" rel=\"noopener noreferrer\">Audiodokument 1164540 von pdy<\/a><\/li>\n<\/ul>\n<h2 id=\"katechese25\">25. Katechese: Arbeit ist heilig, Arbeit gibt einer Familie W\u00fcrde<\/h2>\n<p>Die Arbeit ist heilig und die Basis des Gemeinwohls: Das war der Kern der Ansprache von Papst Franziskus an diesem Mittwoch in einer mehr als \u00fcberf\u00fcllten Audienzhalle Paolo VI. Die Arbeit sei ein wichtiger Aspekt der Erhaltung der Familie und der Menschenw\u00fcrde. Der Papst wolle sich w\u00e4hrend seiner Katechesereihe \u00fcber die Familie vor allem diesem Themengebiet \u2013 der Arbeit \u2013 widmen. Jede Form von Arbeit, angefangen von der Hausarbeit, sorge auch f\u00fcr das Gemeinwohl:<\/p>\n<blockquote><p>\u201e\u00dcber eine ernsthafte und ehrliche Person gibt es Nichts Sch\u00f6neres zu sagen, als \u201aer ist ein Arbeiter\u201c, einer der arbeitet, ist einer der nicht auf die Kosten der anderen lebt. Heute sind viele Argentinier versammelt, und wir Argentinier sagen dazu: \u201aNo vive de arriba\u2018 [er lebt nicht von Geschenken].\u201c<\/p><\/blockquote>\n<p>Den Stil eines arbeitsamen Lebens lerne man in erster Linie in der Familie, von Vater und Mutter, betonte der Papst. Der Apostel Paulus mahne ebenso dazu, von der eigenen Arbeit und nicht auf Kosten anderer zu leben. \u201eWer nicht arbeiten will, soll auch nicht essen\u201c (<a href=\"http:\/\/www.bibleserver.com\/text\/EU\/2.Thessalonicher3.10\" target=\"_blank\" rel=\"noopener noreferrer\">2. Thess 3,10<\/a>). Das sei auch ein gutes Rezept zum Abnehmen, scherzte der Papst. Im christlichen Verst\u00e4ndnis bilden Arbeit und geistliches Leben keinen Gegensatz. Gebet und Arbeit st\u00fcnden in Einklang &#8230;<\/p>\n<ul>\n<li>Libreria Editrice Vaticana: <a href=\"http:\/\/w2.vatican.va\/content\/francesco\/de\/audiences\/2015\/documents\/papa-francesco_20150819_udienza-generale.html\" target=\"_blank\" rel=\"noopener noreferrer\">Papst Franziskus\u00a0\u21d2 Audienzen\u00a0\u21d2 2015\u00a0\u21d2 19. August<\/a><\/li>\n<li>Radio Horeb: <a href=\"http:\/\/www.horeb.org\/xyz\/podcast\/papstaudienz\/20150819audienz.mp3\" target=\"_blank\" rel=\"noopener noreferrer\">Podcast zur Generalaudienz vom 19. August 2015<\/a><\/li>\n<li>Agentur Zenit: Katechese von Papst Franziskus w\u00e4hrend der Generalaudienz am 19. August 2015<\/li>\n<li>Radio Vatikan (Link vergriffen): <a href=\"http:\/\/de.radiovaticana.va\/news\/2015\/08\/19\/\u201earbeit_ist_heilig,_arbeit_gibt_einer_familie_w\u00fcrde\/1166007\" target=\"_blank\" rel=\"noopener noreferrer\">Audiodokument 1166007 von N. Oetzelt<\/a><\/li>\n<\/ul>\n<h2 id=\"katechese26\">26. Katechese: Das Gebet sprudelt aus der Vertrautheit mit dem Wort Gottes<\/h2>\n<p>Nach der Reflexion dar\u00fcber, wie die Familie die Zeiten der Feier und der Arbeit erlebt, wollen wir nun die \u201eZeit des Gebetes\u201c betrachten. Der von den Christen am h\u00e4ufigsten beklagte Aspekt betrifft gerade die Zeit: \u201eIch m\u00fcsste mehr beten\u2026 ich m\u00f6chte es auch tun, doch oft fehlt mir die Zeit dazu\u201c. Diese Worte vernehmen wir st\u00e4ndig. Das Bedauern ist sicherlich aufrichtig, denn das menschliche Herz ist stets auf der Suche nach dem Gebet, auch unbewusst; wenn es dieses nicht zu finden vermag, hat es keinen Frieden. Damit eine Begegnung m\u00f6glich wird, muss im menschlichen Herzen jedoch die \u201eW\u00e4rme\u201c der Liebe zu Gott bewahrt werden; eine von Zuneigung gepr\u00e4gte Liebe. Wir k\u00f6nnen uns eine sehr einfache Frage stellen. Es ist in Ordnung, mit dem ganzen Herzen an Gott zu glauben, auf seine Unterst\u00fctzung in Schwierigkeiten zu hoffen, eine Verpflichtung zum Dank an ihn zu empfinden. Aber versp\u00fcren wir dem Herrn gegen\u00fcber auch ein wenig Zuneigung? Sind wir beim Gedanken an Gott bewegt, verwundert, ger\u00fchrt? Denken wir an den Wortlaut des gro\u00dfen Gebotes, das die Grundlage aller anderen darstellt:<\/p>\n<blockquote><p>\u201eDarum sollst du den Herrn, deinen Gott, lieben mit ganzem Herzen, mit ganzer Seele und mit ganzer Kraft\u201c (<a href=\"http:\/\/www.bibleserver.com\/text\/EU\/5.Mose6.5\" target=\"_blank\" rel=\"noopener noreferrer\">Dtn 6,5; vgl. <\/a><a href=\"http:\/\/www.bibleserver.com\/text\/EU\/Matth%C3%A4us22.37\" target=\"_blank\" rel=\"noopener noreferrer\">Mt 22,37<\/a>).<\/p><\/blockquote>\n<p>In diesen Worten wird die innige Sprache der Liebe verwendet und auf Gott ausgegossen. Der Geist des Gebetes wohnt vor allem dort. Und wenn er dort wohnt, so verweilt er die gesamte Zeit und geht niemals fort&#8230;<\/p>\n<ul>\n<li>Libreria Editrice Vaticana: <a href=\"http:\/\/w2.vatican.va\/content\/francesco\/de\/audiences\/2015\/documents\/papa-francesco_20150826_udienza-generale.html\" target=\"_blank\" rel=\"noopener noreferrer\">Papst Franziskus\u00a0\u21d2 Audienzen\u00a0\u21d2 2015\u00a0\u21d2 26. August<\/a><\/li>\n<li>Radio Horeb: <a href=\"http:\/\/www.horeb.org\/xyz\/podcast\/papstaudienz\/20150826audienz.mp3\" target=\"_blank\" rel=\"noopener noreferrer\">Podcast zur Generalaudienz vom 26. August 2015<\/a><\/li>\n<li>Agentur Zenit: Katechese von Papst Franziskus w\u00e4hrend der Generalaudienz am 26. August 2015<\/li>\n<li>Radio Vatikan (Link vergriffen): <a href=\"http:\/\/de.radiovaticana.va\/news\/2015\/08\/26\/100_generalaudienz_eltern_verdienen_den_nobelpreis\/1167514\" target=\"_blank\" rel=\"noopener noreferrer\">Audiodokument 1167514 von Mario Galgano <\/a>(100. Generalaudienz)<\/li>\n<\/ul>\n<h2 id=\"katechese27\">27. Katechese: Der Geist Gottes l\u00e4sst Blumen in der W\u00fcste entstehen<\/h2>\n<p>In seiner Katechese sprach der Papst in der Generalaudienz vom 2. September 2015 \u00fcber die Weitergabe des Glaubens. Die Familie sei daf\u00fcr der zentrale Ort: Die famili\u00e4ren Bindungen w\u00fcrden durch die Erfahrung des Glaubens und der Liebe Gottes verwandelt und mit einem gr\u00f6\u00dferen Sinn erf\u00fcllt. Die Familie weise \u00fcber sich hinaus auf eine umfassendere Vater- und Mutterschaft hin:<\/p>\n<blockquote><p>\u201eWer den Willen Gottes erf\u00fcllt, der ist f\u00fcr mich Bruder und Schwester und Mutter\u201c (<a href=\"http:\/\/www.bibleserver.com\/text\/EU\/Markus3.35\" target=\"_blank\" rel=\"noopener noreferrer\">Mk 3,35<\/a>).<\/p><\/blockquote>\n<p>Die famili\u00e4ren Bindungen in den Bereich des Gehorsams des Glaubens und des Bundes mit dem Herrn zu stellen, beschneide sie nicht, sondern sch\u00fctze sie und befreie sie vom Egoismus. Ein famili\u00e4rer Stil in den mitmenschlichen Beziehungen sei ein Segen f\u00fcr die Welt. Franziskus sprach in seinen Ausf\u00fchrungen insbesondere \u00fcber die Rolle von Familien in modernen Gro\u00dfst\u00e4dten:<\/p>\n<blockquote><p>\u201eDer Bund der Familie mit Gott ist heute berufen, dem Vordringen der gemeinschaftlichen W\u00fcsten in der modernen Gesellschaft entgegenzuwirken. Unsere St\u00e4dte sind zu W\u00fcsten geworden. Es fehlt an Liebe und L\u00e4cheln. Es gibt viele Unterhaltungsm\u00f6glichkeiten, viele M\u00f6glichkeiten, die Zeit zu vertreiben und Spa\u00df zu haben. Aber es fehlt die Liebe. Wir m\u00fcssen aus den T\u00fcrmen und Kammern, in denen die Eliten sich verbarrikadiert haben, ausbrechen. Und wieder die H\u00e4user und R\u00e4ume der Vielheit aufsuchen, die offen f\u00fcr die Liebe der Familie sind.\u201c<\/p><\/blockquote>\n<p>Wenn sich die Zuneigung in der Familie in ein Zeugnis f\u00fcr das Evangelium verwandeln lie\u00dfe, werde Unvorstellbares m\u00f6glich, und man k\u00f6nne Gottes Wirken mit der Hand greifen, so Franziskus.<\/p>\n<blockquote><p>\u201eDas L\u00e4cheln einer Familie ist in der Lage, diese W\u00fcste in unseren St\u00e4dten zu besiegen. Das ist der Sieg der famili\u00e4ren Liebe. Verlieren wir nicht die Hoffnung. Wo es Familien mit Liebe gibt, sind sie f\u00e4hig, mit ihrem Zeugnis f\u00fcr die Liebe das Herz einer ganzen Stadt aufzuw\u00e4rmen.\u201c<\/p><\/blockquote>\n<ul>\n<li>Libreria Editrice Vaticana: <a href=\"http:\/\/w2.vatican.va\/content\/francesco\/de\/audiences\/2015\/documents\/papa-francesco_20150902_udienza-generale.html\" target=\"_blank\" rel=\"noopener noreferrer\">Papst Franziskus\u00a0\u21d2 Audienzen\u00a0\u21d2 2015\u00a0\u21d2 2. September<\/a><\/li>\n<li>Radio Horeb: <a href=\"http:\/\/www.horeb.org\/xyz\/podcast\/papstaudienz\/20150902audienz.mp3\" target=\"_blank\" rel=\"noopener noreferrer\">Podcast zur Generalaudienz vom 2. September 2015<\/a><\/li>\n<li>Agentur Zenit: Katechese von Papst Franziskus w\u00e4hrend der Generalaudienz am 2. September 2015<\/li>\n<li>Radio Vatikan (Link vergriffen): <a href=\"http:\/\/de.radiovaticana.va\/news\/2015\/09\/02\/papst_familienliebe_kann_das_herz_einer_ganzen_stadt_w\u00e4rmen\/1169007\" target=\"_blank\" rel=\"noopener noreferrer\">Audiodokument 1169007 von Claudia Zeisel<\/a><\/li>\n<\/ul>\n<div>\n<h2 id=\"katechese28\">28. Katechese: Kirche muss stets ein offenes Haus sein<\/h2>\n<p>Papst Franziskus hat in seiner Generalaudienz vom Mittwoch, 9. September 2015, die Verbindung zwischen der Familie und der christlichen Gemeinde betrachtet. Es bestehe gleichsam eine \u201enat\u00fcrliche\u201c Verbindung, da die Kirche eine gro\u00dfe geistliche Familie sei und die Familie eine Kirche im Kleinen. Die christliche Gemeinde begleite die Menschen durch die Jahrhunderte hindurch und schreibe sie so direkt dem Herzen Gottes ein. Die Familie sei der Beginn dieser unausl\u00f6schlichen Heilsgeschichte. Auch Jesus wurde in eine Familie geboren und teilte das Los der Menschen. Verwurzelt in der Gemeinschaft mit Gott rief er sp\u00e4ter selber eine Gemeinschaft zusammen. Darin liege auch die Bedeutung des Wortes \u201eKirche\u201c. Christus forme die Kirche als einladende Gemeinschaft, die f\u00fcr alle Menschen offen sei, ohne Ansehen der Person. Ganz konkret sollten die beiden Orte, in denen sich unser christliches Leben vor allem vollziehe, Familie und Pfarrei, die Gestalt eines einladenden Hauses haben, so Franziskus.<\/p>\n<blockquote><p>\u201eDie Gemeinschaft Jesu hat in den Evangelien die Gestalt einer gastfreundlichen Familie, nicht etwa einer exklusiven Sekte: Hier finden wir Petrus und Johannes, aber auch den Hungrigen und Durstigen, den Fremden und den Verfolgten, die S\u00fcnderin, die Pharis\u00e4er und die Verr\u00fcckten. Jesus h\u00f6rt nicht auf, alle aufzunehmen und mit allen zu sprechen, auch mit jenen, die nicht mehr darauf hoffen, Gott zu treffen. Dies ist eine wichtige Lehre f\u00fcr die Kirche! Die J\u00fcnger selbst sind auserw\u00e4hlt, f\u00fcr diese Gemeinschaft Sorge zu tragen, f\u00fcr diese Familie aus G\u00e4sten Gottes.\u201c &#8230;<\/p><\/blockquote>\n<ul>\n<li>Libreria Editrice Vaticana: <a href=\"http:\/\/w2.vatican.va\/content\/francesco\/de\/audiences\/2015\/documents\/papa-francesco_20150909_udienza-generale.html\" target=\"_blank\" rel=\"noopener noreferrer\">Papst Franziskus\u00a0\u21d2 Audienzen\u00a0\u21d2 2015\u00a0\u21d2 9. September<\/a><\/li>\n<li>Radio Horeb: <a href=\"http:\/\/www.horeb.org\/xyz\/podcast\/papstaudienz\/20150909audienz.mp3\" target=\"_blank\" rel=\"noopener noreferrer\">Podcast zur Generalaudienz vom 9. September 2015<\/a><\/li>\n<li>Agentur Zenit: Katechese von Papst Franziskus w\u00e4hrend der Generalaudienz am 9. September 2015<\/li>\n<li>Radio Vatikan (Link vergriffen): <a href=\"http:\/\/de.radiovaticana.va\/news\/2015\/09\/09\/papst_kirche_muss_stets_ein_offenes_haus_sein\/1170544\" target=\"_blank\" rel=\"noopener noreferrer\">Audiodokument 1170544 von Claudia Zeisel<\/a><\/li>\n<\/ul>\n<h2 id=\"katechese29\">29. Katechese: F\u00fcr einen neuen Bund zwischen Mann und Frau<\/h2>\n<p>Die Familie ist der \u201egoldene Knoten\u201c f\u00fcr die Gesellschaft. Das sagte Papst Franziskus am Mittwoch, 16. September 2015 bei seiner Generalaudienz. Ein letztes Mal kreiste seine Mittwochskatechese um das Thema Ehe und Familie. Franziskus betonte die besondere Zeit, in der sich die Kirche momentan befindet: kurz vor dem Welttreffen der Familien in Philadelphia, und kurz vor der Bischofssynode in Rom. Beide werden die Bedeutung der Familie als Grundzelle jeder menschlichen Gemeinschaft unterstreichen. Der Papst hofft, damit einen Gegenakzent zur vorherrschenden Kultur zu setzen:<\/p>\n<blockquote><p>\u201eDie Unterordnung der Ethik unter die Logik des Profits wird in diesem System mit enormen Mitteln und dem R\u00fcckhalt der Medien betrieben. Vor diesem Hintergrund wird ein neuer Bund zwischen Mann und Frau auch zur strategischen Frage f\u00fcr die Emanzipation der V\u00f6lker von der Kolonisierung durch das Geld. Diese Allianz soll neue Kraft erhalten, um die Politik, die Wirtschaft und das Zusammenleben neu auszurichten. Sie entscheidet \u00fcber die Bewohnbarkeit der Erde, \u00fcber die Weitergabe des Lebensgef\u00fchls und \u00fcber die Bindung an Erinnerungen und Hoffnung.\u201c<\/p><\/blockquote>\n<p>Aus dem Glauben bezieht der Bund zwischen Mann und Frau nach den Worten des Papstes die Weisheit der Sch\u00f6pfung Gottes: \u201eTats\u00e4chlich steht die Familie am Anfang, an der Basis der Weltkultur, sie rettet uns, bewahrt uns vor vielen, vielen Angriffen, viel Zerst\u00f6rung, vielen Kolonisierungen, wie die durch Geld oder jene Ideologien, die die Welt so sehr bedrohen. Die Familie ist die Basis, um sich zu wehren!\u201c Familie und Ehe als Bollwerk sozusagen gegen die negativen Einfl\u00fcsse in der Gesellschaft.<\/p>\n<p>Die Ehe zwischen Mann und Frau steht am Anfang der Welt, und davor steht \u2013 nat\u00fcrlich \u2013 die Sch\u00f6pfung. Auf diese kam Papst Franziskus zur\u00fcck, denn sie war die grundlegende Inspiration seiner Meditation zu dieser Katechese. Gottes Zusage durch die Sch\u00f6pfung sei nicht nur eine philosophische Pr\u00e4misse, sondern zugleich der Horizont f\u00fcr Leben und Glauben.<\/p>\n<blockquote><p>\u201eDie geschaffene Erde ist dem Mann und der Frau anvertraut: was da zwischen diesen geschieht, pr\u00e4gt alles und jeden. Ihre Ablehnung des g\u00f6ttlichen Segens f\u00fchrt fatalerweise in einen Gr\u00f6\u00dfenwahn, der alles ruiniert. Genauer nennen wir das die \u201eErbs\u00fcnde\u201c. Wir alle sind in dieses Erbe hineingeboren.\u201c &#8230;<\/p><\/blockquote>\n<ul>\n<li>Libreria Editrice Vaticana: <a href=\"http:\/\/w2.vatican.va\/content\/francesco\/de\/audiences\/2015\/documents\/papa-francesco_20150916_udienza-generale.html\" target=\"_blank\" rel=\"noopener noreferrer\">Papst Franziskus\u00a0\u21d2 Audienzen\u00a0\u21d2 2015\u00a0\u21d2 16. September<\/a><\/li>\n<li>Radio Horeb: <a href=\"http:\/\/www.horeb.org\/xyz\/podcast\/papstaudienz\/20150916audienz.mp3\" target=\"_blank\" rel=\"noopener noreferrer\">Podcast zur Generalaudienz vom 16. September 2015<\/a><\/li>\n<li>Agentur Zenit: Katechese von Papst Franziskus w\u00e4hrend der Generalaudienz am 16. September 2015<\/li>\n<li>Radio Vatikan (Link vergriffen): <a href=\"http:\/\/de.radiovaticana.va\/news\/2015\/09\/16\/franziskus_familie_als_goldener_knoten_der_gesellschaft\/1172170\" target=\"_blank\" rel=\"noopener noreferrer\">Audiodokument 1172170 von Pia Dyckmans<\/a><\/li>\n<\/ul>\n<h2><a href=\"https:\/\/website.ifit.li\/?p=5991\">30. Katechese von Papst Franziskus \u00fcber Ehe und Familie (w\u00e4hrend der Synode)<\/a><\/h2>\n<h2><a href=\"https:\/\/website.ifit.li\/?p=6004\">31. Katechese von Papst Franziskus \u00fcber Ehe und Familie (w\u00e4hrend der Synode)<\/a><\/h2>\n<\/div>\n<h2><a href=\"https:\/\/website.ifit.li\/?p=6011\">32. Katechese von Papst Franziskus \u00fcber Ehe und Familie (w\u00e4hrend der Synode)<\/a><\/h2>\n<h2><a href=\"https:\/\/website.ifit.li\/?p=6136\" target=\"_blank\" rel=\"noopener noreferrer\">33. Katechese von Papst Franziskus \u00fcber Ehe und Familie (nach der Synode)<\/a><\/h2>\n<h2><a href=\"https:\/\/website.ifit.li\/?p=6236\" target=\"_blank\" rel=\"noopener noreferrer\">34. Katechese von Papst Franziskus \u00fcber Ehe und Familie (nach der Synode)<\/a><\/h2>\n<h3><a title=\"An den Anfang\" href=\"#anfang\">An den Anfang<\/a><\/h3>\n<h2 id=\"hinweise\"><strong>Hinweise<\/strong><\/h2>\n<ul>\n<li><a title=\"Berufung und Sendung der Familie in Kirche und Welt von heute\" href=\"http:\/\/www.vatican.va\/roman_curia\/synod\/documents\/rc_synod_doc_20150623_instrumentum-xiv-assembly_ge.html\" target=\"_blank\" rel=\"noopener noreferrer\">Berufung und Sendung der Familie in Kirche und Welt von heute<\/a> (Instrumentum Laboris auf Deutsch)<\/li>\n<li>Radio Vatikan: <a title=\"Audiodokument 1153560 von Pater Lombardi: &quot;Instrumentum Laboris&quot; als Ausgangspunkt\" href=\"http:\/\/de.radiovaticana.va\/news\/2015\/06\/23\/pater_lombardi_%E2%80%9Einstrumentum_laboris%E2%80%9C_ist_die_basis_der_fam\/1153560\" target=\"_blank\" rel=\"noopener noreferrer\">Audiodokument 1153560 von Pater Lombardi: &#171;Instrumentum Laboris&#187; als Ausgangspunkt<\/a><\/li>\n<li>EWTN YouTube Kanal: <a title=\"Vaticano - Vademecum f\u00fcr die Synode \" href=\"https:\/\/www.youtube.com\/watch?v=yt9MCmg4WTY\" target=\"_blank\" rel=\"noopener noreferrer\">Vaticano &#8211; Vademecum f\u00fcr die Synode <\/a>(YouTube-Video vom 10. Juni 2015)<\/li>\n<li><a title=\"Ehe und Familie als Realit\u00e4t geh\u00f6ren nicht irgendeiner Gruppe!\" href=\"https:\/\/website.ifit.li\/?p=5328\" target=\"_blank\" rel=\"noopener noreferrer\">Ehe und Familie als Realit\u00e4t geh\u00f6ren nicht irgendeiner Gruppe!<\/a> (13. Januar 2013)<\/li>\n<li><a title=\"W\u00fcrde und Sinn von Ehe und Familie\" href=\"https:\/\/website.ifit.li\/?p=5339\" target=\"_blank\" rel=\"noopener noreferrer\">W\u00fcrde und Sinn von Ehe und Familie<\/a> (Brief vom hl. Papst Johannes Paul II. an die Familien, 1994)<\/li>\n<li><a title=\"\u25feUnaufl\u00f6slichkeit der sakramentalen Ehe im Raum des Christusmysteriums\" href=\"https:\/\/website.ifit.li\/?p=5347\" target=\"_blank\" rel=\"noopener noreferrer\">Unaufl\u00f6slichkeit der sakramentalen Ehe im Raum des Christusmysteriums<\/a><\/li>\n<li><a href=\"https:\/\/website.ifit.li\/?p=5707\" target=\"_blank\" rel=\"noopener noreferrer\">Gender leugnet die von Gott gewollte menschliche Natur<\/a>\u00a0(Weihnachtsansprache vom emerit. Papst Benedikt XVI. am 21. Dezember 2012)<\/li>\n<\/ul>\n","protected":false},"excerpt":{"rendered":"<p>Die Kirche\u00a0muss das Gottesvolk in Reflexion \u00fcber die Familie und Gebet begleiten An seinem 78. Geburtstag empfing Papst Franziskus abertausende Gl\u00e4ubige unter strahlend blauem Himmel und Sonnenschein auf dem Petersplatz zur Generalaudienz. Er verwies auf die Familiensynode, die im Oktober 2014 im Vatikan stattgefunden hatte.\u00a0Auf dem Weg, den die Synodenv\u00e4ter beschritten, m\u00fcsse sie das ganze &hellip; <a href=\"https:\/\/website.ifit.li\/?p=5016\" class=\"more-link\"><span class=\"screen-reader-text\">Katechesen von Papst Franziskus \u00fcber Ehe und Familie<\/span> weiterlesen <span class=\"meta-nav\">&rarr;<\/span><\/a><\/p>\n","protected":false},"author":1,"featured_media":9346,"comment_status":"closed","ping_status":"open","sticky":false,"template":"","format":"standard","meta":{"footnotes":""},"categories":[68,2],"tags":[222,145,129,123,143,187,104,167,225,219],"class_list":["post-5016","post","type-post","status-publish","format-standard","has-post-thumbnail","hentry","category-ehe-und-familie","category-kirche","tag-analogie","tag-arbeit","tag-barmherzigkeit","tag-bischofssynode","tag-evangelisation","tag-glauben","tag-katechese","tag-suende","tag-vaterschaft-gottes","tag-weisheit"],"_links":{"self":[{"href":"https:\/\/website.ifit.li\/index.php?rest_route=\/wp\/v2\/posts\/5016","targetHints":{"allow":["GET"]}}],"collection":[{"href":"https:\/\/website.ifit.li\/index.php?rest_route=\/wp\/v2\/posts"}],"about":[{"href":"https:\/\/website.ifit.li\/index.php?rest_route=\/wp\/v2\/types\/post"}],"author":[{"embeddable":true,"href":"https:\/\/website.ifit.li\/index.php?rest_route=\/wp\/v2\/users\/1"}],"replies":[{"embeddable":true,"href":"https:\/\/website.ifit.li\/index.php?rest_route=%2Fwp%2Fv2%2Fcomments&post=5016"}],"version-history":[{"count":151,"href":"https:\/\/website.ifit.li\/index.php?rest_route=\/wp\/v2\/posts\/5016\/revisions"}],"predecessor-version":[{"id":38630,"href":"https:\/\/website.ifit.li\/index.php?rest_route=\/wp\/v2\/posts\/5016\/revisions\/38630"}],"wp:featuredmedia":[{"embeddable":true,"href":"https:\/\/website.ifit.li\/index.php?rest_route=\/wp\/v2\/media\/9346"}],"wp:attachment":[{"href":"https:\/\/website.ifit.li\/index.php?rest_route=%2Fwp%2Fv2%2Fmedia&parent=5016"}],"wp:term":[{"taxonomy":"category","embeddable":true,"href":"https:\/\/website.ifit.li\/index.php?rest_route=%2Fwp%2Fv2%2Fcategories&post=5016"},{"taxonomy":"post_tag","embeddable":true,"href":"https:\/\/website.ifit.li\/index.php?rest_route=%2Fwp%2Fv2%2Ftags&post=5016"}],"curies":[{"name":"wp","href":"https:\/\/api.w.org\/{rel}","templated":true}]}}