{"id":4946,"date":"2013-10-16T19:52:44","date_gmt":"2013-10-16T17:52:44","guid":{"rendered":"https:\/\/website.ifit.li\/?p=4946"},"modified":"2021-10-20T15:12:59","modified_gmt":"2021-10-20T13:12:59","slug":"apostolische-kirche-berufung-sendung-frohbotschaft-sakramente-dienst-und-zeugnis-von-jesus-christus","status":"publish","type":"post","link":"https:\/\/website.ifit.li\/?p=4946","title":{"rendered":"Apostolische Kirche &#8211; Berufung, Sendung, Frohbotschaft, Sakramente, Dienst und Zeugnis von Jesus Christus"},"content":{"rendered":"<h2>39. Katechese zum Jahr des Glaubens von Papst Franziskus<\/h2>\n<p><a href=\"https:\/\/ml2mintiuscj.i.optimole.com\/w:auto\/h:auto\/q:mauto\/f:best\/https:\/\/website.ifit.li\/wp-content\/uploads\/2015\/11\/Genealaudienz-mit-Papst-Franziskus.jpg\"><img data-opt-id=268388314  fetchpriority=\"high\" decoding=\"async\" class=\"alignleft size-full wp-image-6273\" src=\"https:\/\/ml2mintiuscj.i.optimole.com\/w:auto\/h:auto\/q:mauto\/f:best\/https:\/\/website.ifit.li\/wp-content\/uploads\/2015\/11\/Genealaudienz-mit-Papst-Franziskus.jpg\" alt=\"Bild: L'Osservatore Romano\" width=\"266\" height=\"189\" \/><\/a>Im Namen des Vaters und Sohnes und des Heiligen Geistes. Amen. Der Friede sei mit euch. Und mit deinem Geiste. Zu Beginn einer Generalaudienz wird immer eine Stelle aus der Heiligen Schrift vorgelesen, heute aus dem Brief des hl. Apostels Paulus an die Epheser (vgl. <a title=\"Eph 2,19-20\" href=\"http:\/\/www.bibleserver.com\/text\/EU\/Epheser2.19-20\" target=\"_blank\" rel=\"noopener\"><span style=\"text-decoration: underline;\"><span style=\"color: #0066cc;\">Eph 2,19-20<\/span><\/span><\/a>): <strong><span style=\"color: #ff0000;\">Br\u00fcder und Schwestern! Ihr seid also jetzt nicht mehr Fremde ohne B\u00fcrgerrecht, sondern Mitb\u00fcrger der Heiligen und Hausgenossen Gottes. Ihr seid auf das Fundament der Apostel und Propheten gebaut; der Schlussstein ist Christus Jesus selbst.<\/span><\/strong> Evangelium unseres Herrn Jesus Christus. Es folgt zuerst eine Zusammenfassung der Katechese des Heiligen Vaters in deutscher Sprache: Liebe Br\u00fcder und Schwestern, im Glaubensbekenntnis bezeugen wir, dass die Kirche apostolisch ist. Damit bringen wir ihre tiefe, urs\u00e4chliche Verbindung mit den Aposteln zum Ausdruck, jenen zw\u00f6lf J\u00fcngern, die Jesus zu sich gerufen, die er bei ihren Namen genannt und zur Verk\u00fcndigung des Evangeliums ausgesandt hat.<\/p>\n<audio class=\"wp-audio-shortcode\" id=\"audio-4946-1\" preload=\"none\" style=\"width: 100%;\" controls=\"controls\"><source type=\"audio\/mpeg\" src=\"https:\/\/website.ifit.li\/wp-content\/uploads\/2013\/10\/2013-10-16-23.-Generalaudienz-mit-Papst-Franziskus-in-der-28.-Woche-im-Jahreskreis-Horeb-1.mp3?_=1\" \/><a href=\"https:\/\/website.ifit.li\/wp-content\/uploads\/2013\/10\/2013-10-16-23.-Generalaudienz-mit-Papst-Franziskus-in-der-28.-Woche-im-Jahreskreis-Horeb-1.mp3\">https:\/\/website.ifit.li\/wp-content\/uploads\/2013\/10\/2013-10-16-23.-Generalaudienz-mit-Papst-Franziskus-in-der-28.-Woche-im-Jahreskreis-Horeb-1.mp3<\/a><\/audio>\n<p><!--more-->Die Kirche ist apostolisch, weil sie auf die Predigt der Apostel gegr\u00fcndet ist, weil sie auf ihrem Zeugnis vom Leben, Tod und Auferstehung Jesu Christi aufbaut. Die Kirche bewahrt dieses Zeugnis und gibt es weiter. Auch deshalb nennen wir sie apostolisch. Der Schatz, der ununterbrochen weitergegeben wird, besteht vor allen Dingen in der Heiligen Schrift, im Glaubensbekenntnis, in den Sakramenten und im Dienst der Hirten. Schliesslich ist die Kirche apostolisch, weil alle ihre Glieder ausgesandt sind, das Evangelium in der Welt bekannt zu machen. Christus l\u00e4dt uns alle ein, zu den Menschen zu gehen und ihnen die Freude der Frohen Botschaft zu bringen. &#8230; Der Heilige Vater hat die Anwesenden mit folgenden Worten begr\u00fcsst: Von Herzen gr\u00fcsse ich alle Br\u00fcder und Schwestern deutscher Sprache, besonders die vielen Jugendlichen, wie zum Beispiel die Sch\u00fcler der Liebfrauenschule in M\u00fchlhausen. Ihr, die ihr in eurer Ausbildung seid, lernt vom hl. Augustinus, der einmal gesagt hat: &#171;Glaube, um zu verstehen, und verstehe, um zu glauben.&#187; Der Heilige Geist geleite euch auf eurem Lebensweg.<\/p>\n<h3>Live-\u00dcbersetzung der Ansprache von Papst Franziskus\u00a0bei der Generalaudienz<\/h3>\n<p>Liebe Br\u00fcder und Schwestern, guten Tag! Wenn wir das Credo rezitieren, sagen wir: &#171;Ich glaube die Kirche, die eine heilige katholische und apostolische Kirche.&#187; Ich weiss nicht, ob ihr jemals \u00fcber die Bedeutung des Ausdrucks &#171;die Kirche ist apostolisch&#187; nachgedacht habt? Vielleicht manchmal, wenn ihr nach Rom gekommen seid, habt ihr an die Bedeutung der Apostel Petrus und Paulus nachgedacht, die hier ihr Leben hingegeben haben, um das Evangelium zu verk\u00fcnden. Aber es geht um mehr. Zu verk\u00fcnden, dass die Kirche apostolisch ist, bedeutet die aufbauende Verbindung zu unterstreichen, welche die Kirche mit den Aposteln hat. Mit jener kleinen Gruppe von zw\u00f6lf M\u00e4nnern, die Jesus eines Tages zu sich gerufen hat, sie mit ihrem Namen gerufen hat, damit sie bei ihm bleiben w\u00fcrden und um sie dazu auszusenden zu predigen. Apostel ist ein griechisches Wort, das &#171;Gesandter&#187; heisst. Ein Apostel ist ein Mensch, der gerufen ist und ausgesendet ist, etwas zu tun. Das ist ein starkes Wort. Und die Apostel sind ausgew\u00e4hlt und von Christus gesandt worden, um sein Werk fortzusetzen. Das heisst beten, das ist die prim\u00e4re Arbeit des Apostels, also beten, und das zweite ist das Evangelium zu verk\u00fcnden. Das Evangelium verk\u00fcnden, das ist sehr wichtig. Denn, wenn wir an die Apostel denken, denken wir oft, dass sie nur ausgegangen sind, um das Evangelium zu verk\u00fcnden und viele Dinge zu tun. Aber in den ersten Zeiten der Kirche gab es ein Problem, denn sie haben sehr viel getan, die mit der Zeit nicht weiter tun konnten, z.B. waren sie Diakone und sie hatten dann nicht mehr so viel Zeit, um zu beten und zu verk\u00fcnden. Und wenn wir an die Nachfolger der Apostel denken, die Bisch\u00f6fe, alle Bisch\u00f6fe, auch der Papst ist Bischof, m\u00fcssen wir uns fragen, ob diese Nachfolger, die Apostel, als allererstes beten und das Evangelium verk\u00fcnden? Und das bedeutet. dass die Kirche apostolisch ist. [Der Papst spricht jetzt die ganze Zeit frei und die Menschen freuen sich \u00fcber seine Worte.] Und alle m\u00fcssen wir uns das fragen, frage ich mich: Bete ich f\u00fcr die Rettung der Welt und verk\u00fcndige ich das Evangelium? Denn auch ich geh\u00f6re zur apostolischen Kirche. Das ist also eine tiefe Verbindung, die wir da haben.<\/p>\n<p>Ich m\u00f6chte noch drei Elemente des Adjektivs &#171;apostolisch&#187; unterstreichen. Die Kirche ist apostolisch, weil sie auf dem Fundament und der Verk\u00fcndigung der Apostel gegr\u00fcndet ist, auf der Autorit\u00e4t, die ihnen von Christus selbst gegeben wurde. Der hl. Paulus schreibt an die Christen von Ephesus: Ihr seid Mitb\u00fcrger der Heiligen und Verwandte sozusagen Gottes geworden. Ihr seid auf dem Fundament der Apostel und der Propheten gebaut. Wir finden das im zweiten Kapitel des Epheserbriefs, die Verse 19 bis 20. Wir stehen also auf dem Geb\u00e4ude, das auf die Apostel und dem Eckstein Christus selbst gebaut wurde. Die Apostel haben mit Christus Jesus gelebt und auf seine Worte geh\u00f6rt. Versteht ihr das? Jesus Christus ist die Basis dieser Kirche. Die Apostel haben mit Jesus gelebt, haben auf seine Worte geh\u00f6rt, haben ihr Leben mit ihm geteilt. Sie sind vor allem Zeugen seines Todes und seiner Auferstehung gewesen. Und unser Glaube, die Kirche, die Christus gewollt hat, basiert nicht auf einer Idee, nicht auf einer Philosophie, sondern sie steht auf Jesus Christus. Die Kirche ist auch wie eine Pflanze, die \u00fcber die Jahrhunderte gewachsen ist, sich entwickelt hat, Fr\u00fcchte getragen hat, aber ihre Wurzeln sind fest in IHM verwurzelt und auf der fundamentalen Erfahrung von Christus, die die Apostel gehabt haben. Von damals bis heute gilt das.<\/p>\n<p>Aber fragen wir uns: Wie k\u00f6nnen wir uns mit diesem Zeugnis der Apostel verbinden? Wie kann das, was die Apostel mit Jesus erlebt haben, bis zu uns gelangen? Das, was sie von IHM geh\u00f6rt haben? Und das ist die zweite Bedeutung des Ausdrucks &#171;Apostolizit\u00e4t&#187;. Der Katechismus der Katholischen Kirche best\u00e4tigt, dass die Kirche apostolisch ist, weil sie mit der Hilfe des Heiligen Geistes bewahrt und vermittelt die Lehre, die von den Aposteln geh\u00f6rt wurden. Die Kirche bewahrt \u00fcber lange Jahrhunderte diesen kostbaren Schatz, der die Heilige Schrift ist, die Doktrin (Lehre), die Sakramente, so dass wir Christus treu sein k\u00f6nnen und an seinem Leben Anteil haben k\u00f6nnen, Es ist wie ein Fluss, der durch die Geschichte fliesst, sich entwickelt, manchmal auch etwas trocknet, der bew\u00e4ssert, aber das Wasser ist immer das Gleiche, das aus dieser Quelle kommt, die Christus selber ist. Denn ER geht nicht vorbei, ER lebt. Er h\u00f6rt uns, wenn wir mit ihm sprechen. Er ist in unserem Herzen. Jesus ist mit uns heute. Und das ist die Sch\u00f6nheit der Kirche: die Gegenwart Jesu Christi unter uns. Christus ist lebendig, denn er ist auferstanden! Denken wir daran, wie kostbarbar diese Gabe ist, die Christus uns durch die Kirche gemacht hat? Denken wir daran, wie die Kirche auf ihrem Weg durch die Jahrhunderte nicht nur gepr\u00e4gt ist von unseren S\u00fcnden, von der Schwachheit, von den Problemen, dass sie uns aber auch authentische Botschaft Christi weitergibt, dass sie uns die Sicherheit gibt, dass das, was wir glauben, wirklich das ist, was Christus uns mitgegeben hat. Denken wir manchmal dar\u00fcber nach.<\/p>\n<p>Und nun der dritte Gedanke: Die Kirche ist apostolisch, weil sie gesandt ist, das Evangelium der ganzen Welt zu bringen. Die Mission, die Jesus seinen Aposteln anvertraut hat, setzt sich im Lauf der Geschichte fort (vgl. <a title=\"Mt 18, 19-20\" href=\"http:\/\/www.bibleserver.com\/text\/EU\/Matth\u00e4us28.19-20\" target=\"_blank\" rel=\"noopener\"><span style=\"text-decoration: underline;\"><span style=\"color: #0066cc;\">Mt 18, 19-20<\/span><\/span><\/a>): Geht also hin und macht zu J\u00fcngern alle V\u00f6lker, indem ihr sie tauft im Namen des Vaters und des Sohnes und des Heiligen Geistes. Und bringt ihnen bei, alles zu beachten, was ich euch gesagt habe. Und: Seht, ich bin bei euch bis zum Ende aller Tage, bis zum Ende der Welt. Und das hat er uns aufgetragen zu tun. Ich bestehe auf diesen Aspekt der Missionarit\u00e4t, weil Christus alle dazu auffordert zu gehen, den anderen entgegen, er sendet uns, er bittet uns, uns zu bewegen, um die Freude des Evangeliums weiterzugeben. Und noch einmal, fragen wir uns: Sind wir missionarisch mit unserem Wort, aber vor allem mit unserem christlichen Leben, mit unserem Zeugnis? Oder sind wir verschlossene Christen, in unserem Herzen, in unseren Kirchen eingeschlossen? Sakristei-Christen sozusagen? Christen nur mit dem Wort, die aber leben wie Heiden? Das ist kein Vorwurf, ich sag mir das auch selbst zu mir: Wie bin ich denn Christ? Mit dem Zeugnis, wirklich? Die Kirche hat ihre Wurzeln in der Lehre der Apostel, den authentischen Zeugen Christi. Die Kirche schaut auch in die Zukunft und hat den festen Vorsatz oder das feste Wissen, gesandt und missionarisch zu sein. Eine Kirche, die sich in sich selbst verschliesst und in ihrer Vergangenheit, oder eine Kirche, die auf die kleinen Regeln schaut, oder auf die Angewohnheiten? Das ist ein Kirche, die ihre eigene Identit\u00e4t verr\u00e4t. Also eine in sich verschlossene Kirche verr\u00e4t ihre eigene Identit\u00e4t. Entdecken wir heute neu die Sch\u00f6nheit und die Verantwortung, die wir haben, wenn wir eine apostolische Kirche sind. Also erstens beten und dann verk\u00fcnden, mit dem Leben und auch mit den Worten. Amen.<\/p>\n<h3>Weitere Hinweise und Quellen<\/h3>\n<ul>\n<li>Libreria Editrice Vaticana: <a href=\"http:\/\/w2.vatican.va\/content\/francesco\/de\/audiences\/2013\/documents\/papa-francesco_20131016_udienza-generale.html\" target=\"_blank\" rel=\"noopener\">Generalaudienz mit Papst Franziskus am 16. Oktober 2013<\/a><\/li>\n<li>Radio Vatikan Audiodokument Artikel 737672 von Anne Preckel:\u00a0<a href=\"http:\/\/de.radiovaticana.va\/news\/2013\/10\/16\/generalaudienz:_apostolisch_sein_hei\u00dft_beten_und_verk\u00fcndigen\/ted-737672\" target=\"_blank\" rel=\"noopener\"><span id=\"content\">Generalaudienz: Apostolisch sein hei\u00dft beten und verk\u00fcndigen<\/span><\/a><\/li>\n<li>Radio Horeb: <a title=\"Podcast zur Generalaudienz vom 16. Oktober 2013\" href=\"http:\/\/www.horeb.org\/xyz\/podcast\/papstaudienz\/audienz_2013-10-16.mp3\" target=\"_blank\" rel=\"noopener\">Podcast zur Generalaudienz vom 16. Oktober 2013<\/a><\/li>\n<li>ZENIT (Link vergriffen): Katechese von Papst Franziskus w\u00e4hrend der Generalaudienz am 16. Oktober 2013<\/li>\n<li>\u21d2 <a href=\"https:\/\/website.ifit.li\/?p=5041\" target=\"_blank\" rel=\"noopener\">Jahr des Glaubens<\/a><\/li>\n<\/ul>\n","protected":false},"excerpt":{"rendered":"<p>39. Katechese zum Jahr des Glaubens von Papst Franziskus Im Namen des Vaters und Sohnes und des Heiligen Geistes. Amen. Der Friede sei mit euch. Und mit deinem Geiste. Zu Beginn einer Generalaudienz wird immer eine Stelle aus der Heiligen Schrift vorgelesen, heute aus dem Brief des hl. Apostels Paulus an die Epheser (vgl. Eph &hellip; <a href=\"https:\/\/website.ifit.li\/?p=4946\" class=\"more-link\"><span class=\"screen-reader-text\">Apostolische Kirche &#8211; Berufung, Sendung, Frohbotschaft, Sakramente, Dienst und Zeugnis von Jesus Christus<\/span> weiterlesen <span class=\"meta-nav\">&rarr;<\/span><\/a><\/p>\n","protected":false},"author":1,"featured_media":12138,"comment_status":"closed","ping_status":"open","sticky":false,"template":"","format":"standard","meta":{"footnotes":""},"categories":[292,2],"tags":[188,407,246,418,367,266,235,264,215,389,187,355,280,281,279,365,103,104,283,208,58,286,128,254,189],"class_list":["post-4946","post","type-post","status-publish","format-standard","has-post-thumbnail","hentry","category-jahr-des-glaubens","category-kirche","tag-apostel","tag-apostolizitaet-der-kirche","tag-auferstehung-jesu","tag-berufung-zur-heiligkeit","tag-credo","tag-diakon","tag-dienst","tag-evangelium","tag-friede","tag-generalaudienz","tag-glauben","tag-glaubensbekenntnis","tag-gott-sohn-jesus-christus","tag-gott-vater","tag-gott-heiliger-geist","tag-heiligkeit-des-menschen","tag-jahr-des-glaubens","tag-katechese","tag-kirche","tag-leben","tag-papst-franziskus","tag-predigt","tag-sakrament","tag-sendung","tag-tod"],"_links":{"self":[{"href":"https:\/\/website.ifit.li\/index.php?rest_route=\/wp\/v2\/posts\/4946","targetHints":{"allow":["GET"]}}],"collection":[{"href":"https:\/\/website.ifit.li\/index.php?rest_route=\/wp\/v2\/posts"}],"about":[{"href":"https:\/\/website.ifit.li\/index.php?rest_route=\/wp\/v2\/types\/post"}],"author":[{"embeddable":true,"href":"https:\/\/website.ifit.li\/index.php?rest_route=\/wp\/v2\/users\/1"}],"replies":[{"embeddable":true,"href":"https:\/\/website.ifit.li\/index.php?rest_route=%2Fwp%2Fv2%2Fcomments&post=4946"}],"version-history":[{"count":7,"href":"https:\/\/website.ifit.li\/index.php?rest_route=\/wp\/v2\/posts\/4946\/revisions"}],"predecessor-version":[{"id":38547,"href":"https:\/\/website.ifit.li\/index.php?rest_route=\/wp\/v2\/posts\/4946\/revisions\/38547"}],"wp:featuredmedia":[{"embeddable":true,"href":"https:\/\/website.ifit.li\/index.php?rest_route=\/wp\/v2\/media\/12138"}],"wp:attachment":[{"href":"https:\/\/website.ifit.li\/index.php?rest_route=%2Fwp%2Fv2%2Fmedia&parent=4946"}],"wp:term":[{"taxonomy":"category","embeddable":true,"href":"https:\/\/website.ifit.li\/index.php?rest_route=%2Fwp%2Fv2%2Fcategories&post=4946"},{"taxonomy":"post_tag","embeddable":true,"href":"https:\/\/website.ifit.li\/index.php?rest_route=%2Fwp%2Fv2%2Ftags&post=4946"}],"curies":[{"name":"wp","href":"https:\/\/api.w.org\/{rel}","templated":true}]}}