{"id":4909,"date":"2013-06-05T18:53:08","date_gmt":"2013-06-05T16:53:08","guid":{"rendered":"https:\/\/website.ifit.li\/?p=4909"},"modified":"2021-10-20T15:12:57","modified_gmt":"2021-10-20T13:12:57","slug":"es-ist-eine-tragoedie-dass-wir-auch-menschen-wegwerfen-so-behandeln-wie-abfall","status":"publish","type":"post","link":"https:\/\/website.ifit.li\/?p=4909","title":{"rendered":"Es ist eine Trag\u00f6die, dass wir auch Menschen \u201awegwerfen\u2019, so behandeln wie Abfall"},"content":{"rendered":"<h2>27. Katechese zum Jahr des Glaubens von Papst Franziskus<\/h2>\n<p><img data-opt-id=268388314  fetchpriority=\"high\" decoding=\"async\" class=\"alignleft size-full wp-image-6273\" src=\"https:\/\/ml2mintiuscj.i.optimole.com\/w:auto\/h:auto\/q:mauto\/f:best\/https:\/\/website.ifit.li\/wp-content\/uploads\/2015\/11\/Genealaudienz-mit-Papst-Franziskus.jpg\" alt=\"Bild: L'Osservatore Romano\" width=\"266\" height=\"189\" \/>Die Generalaudienz an diesem Mittwoch stand im Zeichen des Weltumwelttags, der an diesem 5. Juni gefeiert wird. Dieser lade den Papst dazu ein, eine Ermahnung zu geben, mit der Verschwendung von Lebensmitteln aufzuh\u00f6ren.\u00a0Vor mindestens 80.000 Pilgern und Besuchern auf dem Petersplatz ging Papst Franziskus auf die Frage nach der Bewahrung der Sch\u00f6pfung ein. Dies sei ein Auftrag Gottes an alle Menschen, wie es im Buch Genesis betont wird. Gott \u00fcbergebe Mann und Frau die Erde, dass sie bebauen und h\u00fcten.<\/p>\n<audio class=\"wp-audio-shortcode\" id=\"audio-4909-1\" preload=\"none\" style=\"width: 100%;\" controls=\"controls\"><source type=\"audio\/mpeg\" src=\"https:\/\/website.ifit.li\/wp-content\/uploads\/2013\/06\/2013-06-05-11.-Generalaudienz-mit-Papst-Franziskus-in-der-9.-Woche-im-Jahreskreis-1.mp3?_=1\" \/><a href=\"https:\/\/website.ifit.li\/wp-content\/uploads\/2013\/06\/2013-06-05-11.-Generalaudienz-mit-Papst-Franziskus-in-der-9.-Woche-im-Jahreskreis-1.mp3\">https:\/\/website.ifit.li\/wp-content\/uploads\/2013\/06\/2013-06-05-11.-Generalaudienz-mit-Papst-Franziskus-in-der-9.-Woche-im-Jahreskreis-1.mp3<\/a><\/audio>\n<p><!--more-->Das erwecke in uns die Frage, wenn wir das h\u00f6ren: Sch\u00fctzen wir, pflegen wir\u00a0wirklich die Erde oder beuten wir sie aus und vernachl\u00e4ssigen wir sie?\u00a0Die Worte &#171;kultivieren&#187; und\u00a0&#171;beh\u00fcten&#187; stellt mir das Bild des Bauern vor Augen, der seine Erde pflegt, damit sie Frucht bringt\u00a0und die Fr\u00fcchte verteilt werden k\u00f6nnen. Wieviel Aufmerksamkeit, Leidenschaft, Einsatzbereitschaft und Hingabe ist da notwendig, wenn wir die Sch\u00f6pfung h\u00fcten und bebauen m\u00f6chten, so wie Gott uns das aufgetragen hat, dann gilt das nicht nur f\u00fcr den Anfang der Geschichte, einen Auftrag, der uns von Gott dem Sch\u00f6pfer gegeben wurde, sondern es ist auch ein Auftrag an jeden von uns, es ist ein Teil seines Planes. Wir m\u00fcssen in der Verantwortung wachsen, damit wir sie wie ein Garten bewachen, umwandeln, damit sie ein bewohnbarer Ort f\u00fcr alle bleibt.\u00a0Bereits sein Vorg\u00e4nger Benedikt XVI. habe die Gl\u00e4ubigen oft daran erinnert, \u201eden Rhythmus und die Logik der Sch\u00f6pfung zu beachten\u201c. Papst Franziskus kritisierte in diesem Zusammenhang eine \u201eKultur des Wegwerfens\u201c:<\/p>\n<blockquote><p>\u201eWenn ein B\u00f6rsenplatz an Wert verliert, dann ist das eine Trag\u00f6die. Alle Medien berichten dar\u00fcber. Es ist jedoch eine Trag\u00f6die, dass wir quasi auch Menschen \u201awegwerfen\u2019, denn manche Personen werden so behandelt \u2013 wie Abfall. Ich w\u00fcnsche mir, dass wir die Kultur des Verschwendens und Wegwerfens \u00fcberwinden und wieder neu eine Kultur der Solidarit\u00e4t und des Miteinanders leben. \u201c<\/p><\/blockquote>\n<p>Der Konsumismus habe uns im Umgang mit Ressourcen und Lebensmitteln verschwenderisch gemacht, w\u00e4hrend es zugleich vielen Menschen am N\u00f6tigsten zum Leben fehle. Wenn man Nahrungsmittel wegwerfe, sei das so, als ob man sie einem Armen gestohlen habe, so der Papst. Umweltschutz schlie\u00dfe auch eine andere Dimension mit ein: die sogenannte \u00d6kologie des Menschen.<\/p>\n<blockquote><p>\u201eWir durchleben gerade eine Zeit der Krise, in der auch der Mensch selbst in Gefahr ist. Es ist n\u00f6tig, auf seine wahren N\u00f6te aufmerksam zu machen und L\u00f6sungen zu erschlie\u00dfen. Wir d\u00fcrfen keine ,Wegwerfgesellschaft\u2019 sein, die das menschliche Leben geringsch\u00e4tzt, wenn es vor seiner Geburt l\u00e4stig wird oder im Alter scheinbar nicht mehr n\u00fctzt.\u201c<\/p><\/blockquote>\n<p>Der Umweltschutz und der Schutz des Menschen gingen also Hand in Hand, so der Papst:<\/p>\n<blockquote><p>\u201eWir alle sind gerufen, die Welt, die Gott geschaffen hat, als sch\u00f6nen Garten zu bebauen und zu h\u00fcten, in dem alle Menschen wohnen k\u00f6nnen. Der Heilige Geist gebe uns Einsicht und gute Ausdauer, dass wir Werkzeuge der Liebe Gottes auf dieser Erde werden.\u201c<\/p><\/blockquote>\n<h2>Weitere Hinweise und Quellen<\/h2>\n<ul>\n<li>Libreria Editrice Vaticana: <a href=\"http:\/\/w2.vatican.va\/content\/francesco\/de\/audiences\/2013\/documents\/papa-francesco_20130605_udienza-generale.html\" target=\"_blank\" rel=\"noopener\">Generalaudienz mit Papst Franziskus am 5. Mai 2013<\/a><\/li>\n<li>Radio Vatikan Audiodokument Artikel 698531 von Mario Galgano:\u00a0<a href=\"http:\/\/de.radiovaticana.va\/news\/2013\/06\/05\/papst_bei_generalaudienz:_\u201ejeder_soll_die_sch\u00f6pfung_h\u00fcten\u201c\/ted-698531\" target=\"_blank\" rel=\"noopener\"><span id=\"content\">Papst bei Generalaudienz: \u201eJeder soll die Sch\u00f6pfung h\u00fcten\u201c<\/span><\/a><\/li>\n<li>Radio Horeb: <a title=\"Podcast zur Generalaudienz vom 5. Juni 2013\" href=\"http:\/\/www.horeb.org\/xyz\/podcast\/papstaudienz\/20130605audienz.mp3\" target=\"_blank\" rel=\"noopener\">Podcast zur Generalaudienz vom 5. Juni 2013<\/a><\/li>\n<li>ZENIT (Link vergriffen): Katechese von Papst Franziskus w\u00e4hrend der Generalaudienz am 5. Juni 2013<\/li>\n<li>\u21d2 <a href=\"https:\/\/website.ifit.li\/?p=5041\" target=\"_blank\" rel=\"noopener\">Jahr des Glaubens<\/a><\/li>\n<\/ul>\n","protected":false},"excerpt":{"rendered":"<p>27. Katechese zum Jahr des Glaubens von Papst Franziskus Die Generalaudienz an diesem Mittwoch stand im Zeichen des Weltumwelttags, der an diesem 5. Juni gefeiert wird. Dieser lade den Papst dazu ein, eine Ermahnung zu geben, mit der Verschwendung von Lebensmitteln aufzuh\u00f6ren.\u00a0Vor mindestens 80.000 Pilgern und Besuchern auf dem Petersplatz ging Papst Franziskus auf die &hellip; <a href=\"https:\/\/website.ifit.li\/?p=4909\" class=\"more-link\"><span class=\"screen-reader-text\">Es ist eine Trag\u00f6die, dass wir auch Menschen \u201awegwerfen\u2019, so behandeln wie Abfall<\/span> weiterlesen <span class=\"meta-nav\">&rarr;<\/span><\/a><\/p>\n","protected":false},"author":1,"featured_media":11078,"comment_status":"closed","ping_status":"open","sticky":false,"template":"","format":"standard","meta":{"footnotes":""},"categories":[292,2],"tags":[210,183,389,392,281,279,365,399,103,104,208,31,33,88,58,233,245],"class_list":["post-4909","post","type-post","status-publish","format-standard","has-post-thumbnail","hentry","category-jahr-des-glaubens","category-kirche","tag-abbild-gottes","tag-abtreibung","tag-generalaudienz","tag-geschichtlichkeit","tag-gott-vater","tag-gott-heiliger-geist","tag-heiligkeit-des-menschen","tag-heilsgeschichte","tag-jahr-des-glaubens","tag-katechese","tag-leben","tag-liebe","tag-menschenrecht","tag-papst-benedikt-xvi","tag-papst-franziskus","tag-person","tag-zeit"],"_links":{"self":[{"href":"https:\/\/website.ifit.li\/index.php?rest_route=\/wp\/v2\/posts\/4909","targetHints":{"allow":["GET"]}}],"collection":[{"href":"https:\/\/website.ifit.li\/index.php?rest_route=\/wp\/v2\/posts"}],"about":[{"href":"https:\/\/website.ifit.li\/index.php?rest_route=\/wp\/v2\/types\/post"}],"author":[{"embeddable":true,"href":"https:\/\/website.ifit.li\/index.php?rest_route=\/wp\/v2\/users\/1"}],"replies":[{"embeddable":true,"href":"https:\/\/website.ifit.li\/index.php?rest_route=%2Fwp%2Fv2%2Fcomments&post=4909"}],"version-history":[{"count":7,"href":"https:\/\/website.ifit.li\/index.php?rest_route=\/wp\/v2\/posts\/4909\/revisions"}],"predecessor-version":[{"id":38537,"href":"https:\/\/website.ifit.li\/index.php?rest_route=\/wp\/v2\/posts\/4909\/revisions\/38537"}],"wp:featuredmedia":[{"embeddable":true,"href":"https:\/\/website.ifit.li\/index.php?rest_route=\/wp\/v2\/media\/11078"}],"wp:attachment":[{"href":"https:\/\/website.ifit.li\/index.php?rest_route=%2Fwp%2Fv2%2Fmedia&parent=4909"}],"wp:term":[{"taxonomy":"category","embeddable":true,"href":"https:\/\/website.ifit.li\/index.php?rest_route=%2Fwp%2Fv2%2Fcategories&post=4909"},{"taxonomy":"post_tag","embeddable":true,"href":"https:\/\/website.ifit.li\/index.php?rest_route=%2Fwp%2Fv2%2Ftags&post=4909"}],"curies":[{"name":"wp","href":"https:\/\/api.w.org\/{rel}","templated":true}]}}