{"id":4906,"date":"2013-05-29T19:17:35","date_gmt":"2013-05-29T17:17:35","guid":{"rendered":"https:\/\/website.ifit.li\/?p=4906"},"modified":"2021-10-20T15:12:56","modified_gmt":"2021-10-20T13:12:56","slug":"gott-laedt-uns-ein-unseren-glauben-gemeinsam-als-familie-in-der-gemeinschaft-der-kirche-zu-leben","status":"publish","type":"post","link":"https:\/\/website.ifit.li\/?p=4906","title":{"rendered":"Gott l\u00e4dt uns ein, unseren Glauben gemeinsam als Familie in der Gemeinschaft der Kirche zu leben"},"content":{"rendered":"<h2>26. Katechese zum Jahr des Glaubens von Papst Franziskus<\/h2>\n<p><img data-opt-id=268388314  fetchpriority=\"high\" decoding=\"async\" class=\"alignleft size-full wp-image-6273\" src=\"https:\/\/ml2mintiuscj.i.optimole.com\/w:auto\/h:auto\/q:mauto\/f:best\/https:\/\/website.ifit.li\/wp-content\/uploads\/2015\/11\/Genealaudienz-mit-Papst-Franziskus.jpg\" alt=\"Bild: L'Osservatore Romano\" width=\"266\" height=\"189\" \/>\u201eIhr seid ja sehr mutig, unter diesem Regenwetter hier zu sein\u201c &#8211; so begr\u00fc\u00dfte Papst Franziskus die rund 90.000 Pilger und Besucher auf dem Petersplatz, die am Mittwoch, 29. Mai\u00a0zur Generalaudienz gekommen waren. Im Rahmen der Katechesen \u00fcber das Glaubensbekenntnis ging der Papst auf den Aspekt der Kirche als Familie Gottes ein. Dieser Punkt sei in vielen Dokumenten des Zweiten Vatikanischen Konzils hervorgehoben worden, so Franziskus.\u00a0\u201eGott l\u00e4dt uns ein, unseren Glauben gemeinsam als Familie in der Gemeinschaft der Kirche zu leben. Deshalb wollen wir uns heute fragen, ob wir die Kirche wirklich lieben, wie wir unsere Familien lieben und ob wir f\u00fcr sie beten. Der Heilige Geist schenke euch Kraft, stets das Gute zu vollbringen.\u201c<\/p>\n<audio class=\"wp-audio-shortcode\" id=\"audio-4906-1\" preload=\"none\" style=\"width: 100%;\" controls=\"controls\"><source type=\"audio\/mpeg\" src=\"https:\/\/website.ifit.li\/wp-content\/uploads\/2013\/05\/2013-05-29-10.-Generalaudienz-mit-Papst-Franziskus-in-der-8.-Woche-im-Jahreskreis.mp3?_=1\" \/><a href=\"https:\/\/website.ifit.li\/wp-content\/uploads\/2013\/05\/2013-05-29-10.-Generalaudienz-mit-Papst-Franziskus-in-der-8.-Woche-im-Jahreskreis.mp3\">https:\/\/website.ifit.li\/wp-content\/uploads\/2013\/05\/2013-05-29-10.-Generalaudienz-mit-Papst-Franziskus-in-der-8.-Woche-im-Jahreskreis.mp3<\/a><\/audio>\n<p><!--more-->Franziskus brachte das Gleichnis vom verlorenen Sohn als Beispiel: Dort gehe es vor allem um den barmherzigen Vater, der den Plan Gottes mit der Menschheit verdeutliche. Konkret sei wichtig, dass Gott aus uns allen eine gro\u00dfe Familie machen wolle, in der jedes Mitglied sich von ihm geliebt wisse.<\/p>\n<blockquote><p>\u201eIn diesem gro\u00dfen Projekt ist die Kirche verwurzelt, die nicht eine Organisation einiger Personen ist, sondern \u2013 wie Papst Benedikt XVI. oft unterstrichen hat \u2013 ein Werk Gottes. Die Kirche ist aus diesem Projekt der Liebe entstanden, die sich im Laufe der Geschichte dann entwickelt hat.\u201c<\/p><\/blockquote>\n<p>Man d\u00fcrfe auch nicht vergessen, dass die Kirche eine Gemeinschaft der S\u00fcnder sei.<\/p>\n<blockquote><p>\u201eAuch der Papst, auch ich bin ein S\u00fcnder und was f\u00fcr einer. Aber das Sch\u00f6ne ist doch gerade das, dass wir wissen, Gott vergibt uns, denn Gott ist Barmherzigkeit. Die S\u00fcnde ist nicht nur eine Beleidigung gegen\u00fcber Gott sondern immer auch eine M\u00f6glichkeit, seine Vergebung und Gro\u00dfz\u00fcgigkeit zu sp\u00fcren.\u201c<\/p><\/blockquote>\n<p>Um den Begriff \u201eKirche\u201c zu verstehen m\u00fcsse man das griechische Wort \u201eekkles\u00eda\u201c kennen, die Versammlung bedeutet, so der Papst.<\/p>\n<blockquote><p>\u201eGott dr\u00e4ngt uns, aus dem Individualismus auszusteigen. Nehmen wir uns Christi Liebe zu uns zum Vorbild, folgen wir ihm nach in der Gemeinschaft der Kirche und vertrauen wir darauf, dass der Heilige Geist uns zu einer neuen Sch\u00f6pfung gestaltet.\u201c<\/p><\/blockquote>\n<p>In seinem Tweet nach der Generalaudienz schreibt der Papst:<\/p>\n<blockquote><p>\u201eAus der Liebe Christi am Kreuz, aus seiner ge\u00f6ffneten Seite geht die Kirche hervor. Sie ist eine Familie, in der man liebt und geliebt ist.\u201c<\/p><\/blockquote>\n<p>\u00dcbrigens: Papst Franziskus hat alle R\u00f6mer und Pilger zur Teilnahme an der Fronleichnamsprozession am Donnerstagabend vor der Lateranbasilika eingeladen. Der Glaube und das \u00f6ffentliche Bekenntnis zur Pr\u00e4senz Christ in der Eucharistie bilde \u201eden wertvollsten Schatz der Kirche und der Menschheit\u201c, sagte er am Mittwoch bei seiner Generalaudienz auf dem Petersplatz. Wir \u00fcbertragen die Feier live und mit deutschem Kommentar. Bitte informieren Sie sich auf unserer Homepage.<\/p>\n<h2>Weitere Hinweise und Quellen<\/h2>\n<ul>\n<li>Libreria Editrice Vaticana: <a href=\"http:\/\/w2.vatican.va\/content\/francesco\/de\/audiences\/2013\/documents\/papa-francesco_20130529_udienza-generale.html\" target=\"_blank\" rel=\"noopener\">Generalaudienz mit Papst Franziskus am 29. Mai 2013<\/a><\/li>\n<li>Radio Vatikan Audiodokument Artikel 696446 von Mario Galgano: <a href=\"http:\/\/de.radiovaticana.va\/news\/2013\/05\/29\/papst_franziskus:_\u201eauch_ich_bin_ein_s\u00fcnder\u201c\/ted-696446\" target=\"_blank\" rel=\"noopener\"><span id=\"content\">Papst Franziskus: \u201eAuch ich bin ein S\u00fcnder\u201c<\/span><\/a><\/li>\n<li>Radio Horeb: <a title=\"Podcast zur Generalaudienz vom 29. Mai 2013\" href=\"http:\/\/www.horeb.org\/xyz\/podcast\/papstaudienz\/20130529audienz.mp3\" target=\"_blank\" rel=\"noopener\">Podcast zur Generalaudienz vom 29. Mai 2013<\/a><\/li>\n<li>ZENIT (Link vergriffen): Katechese von Papst Franziskus w\u00e4hrend der Generalaudienz am 29. Mai 2013<\/li>\n<li>\u21d2 <a href=\"https:\/\/website.ifit.li\/?p=5041\" target=\"_blank\" rel=\"noopener\">Jahr des Glaubens<\/a><\/li>\n<\/ul>\n","protected":false},"excerpt":{"rendered":"<p>26. Katechese zum Jahr des Glaubens von Papst Franziskus \u201eIhr seid ja sehr mutig, unter diesem Regenwetter hier zu sein\u201c &#8211; so begr\u00fc\u00dfte Papst Franziskus die rund 90.000 Pilger und Besucher auf dem Petersplatz, die am Mittwoch, 29. Mai\u00a0zur Generalaudienz gekommen waren. Im Rahmen der Katechesen \u00fcber das Glaubensbekenntnis ging der Papst auf den Aspekt &hellip; <a href=\"https:\/\/website.ifit.li\/?p=4906\" class=\"more-link\"><span class=\"screen-reader-text\">Gott l\u00e4dt uns ein, unseren Glauben gemeinsam als Familie in der Gemeinschaft der Kirche zu leben<\/span> weiterlesen <span class=\"meta-nav\">&rarr;<\/span><\/a><\/p>\n","protected":false},"author":1,"featured_media":10845,"comment_status":"closed","ping_status":"open","sticky":false,"template":"","format":"standard","meta":{"footnotes":""},"categories":[292,2],"tags":[129,398,207,176,248,389,187,355,280,281,279,365,103,104,283,396,31,88,58,233,167,386,363],"class_list":["post-4906","post","type-post","status-publish","format-standard","has-post-thumbnail","hentry","category-jahr-des-glaubens","category-kirche","tag-barmherzigkeit","tag-busssakrament","tag-eucharistie","tag-familie","tag-gemeinschaft","tag-generalaudienz","tag-glauben","tag-glaubensbekenntnis","tag-gott-sohn-jesus-christus","tag-gott-vater","tag-gott-heiliger-geist","tag-heiligkeit-des-menschen","tag-jahr-des-glaubens","tag-katechese","tag-kirche","tag-kreuz","tag-liebe","tag-papst-benedikt-xvi","tag-papst-franziskus","tag-person","tag-suende","tag-volk-gottes","tag-zweites-vatikanisches-konzil"],"_links":{"self":[{"href":"https:\/\/website.ifit.li\/index.php?rest_route=\/wp\/v2\/posts\/4906","targetHints":{"allow":["GET"]}}],"collection":[{"href":"https:\/\/website.ifit.li\/index.php?rest_route=\/wp\/v2\/posts"}],"about":[{"href":"https:\/\/website.ifit.li\/index.php?rest_route=\/wp\/v2\/types\/post"}],"author":[{"embeddable":true,"href":"https:\/\/website.ifit.li\/index.php?rest_route=\/wp\/v2\/users\/1"}],"replies":[{"embeddable":true,"href":"https:\/\/website.ifit.li\/index.php?rest_route=%2Fwp%2Fv2%2Fcomments&post=4906"}],"version-history":[{"count":6,"href":"https:\/\/website.ifit.li\/index.php?rest_route=\/wp\/v2\/posts\/4906\/revisions"}],"predecessor-version":[{"id":38536,"href":"https:\/\/website.ifit.li\/index.php?rest_route=\/wp\/v2\/posts\/4906\/revisions\/38536"}],"wp:featuredmedia":[{"embeddable":true,"href":"https:\/\/website.ifit.li\/index.php?rest_route=\/wp\/v2\/media\/10845"}],"wp:attachment":[{"href":"https:\/\/website.ifit.li\/index.php?rest_route=%2Fwp%2Fv2%2Fmedia&parent=4906"}],"wp:term":[{"taxonomy":"category","embeddable":true,"href":"https:\/\/website.ifit.li\/index.php?rest_route=%2Fwp%2Fv2%2Fcategories&post=4906"},{"taxonomy":"post_tag","embeddable":true,"href":"https:\/\/website.ifit.li\/index.php?rest_route=%2Fwp%2Fv2%2Ftags&post=4906"}],"curies":[{"name":"wp","href":"https:\/\/api.w.org\/{rel}","templated":true}]}}